{"id":32134,"date":"2023-08-30T16:24:36","date_gmt":"2023-08-30T19:24:36","guid":{"rendered":"https:\/\/g1.globo.com\/pb\/paraiba\/noticia\/2023\/08\/30\/justica-nega-pedido-do-mppb-e-mantem-concurso-da-prefeitura-de-santa-rita.ghtml"},"modified":"2023-08-30T16:24:36","modified_gmt":"2023-08-30T19:24:36","slug":"justica-nega-pedido-do-mppb-e-mantem-concurso-da-prefeitura-de-santa-rita","status":"publish","type":"post","link":"https:\/\/sindaopcpb.org.br\/index.php\/2023\/08\/30\/justica-nega-pedido-do-mppb-e-mantem-concurso-da-prefeitura-de-santa-rita\/","title":{"rendered":"Justi\u00e7a nega pedido do MPPB e mant\u00e9m concurso da prefeitura de Santa Rita"},"content":{"rendered":"   <img src=\"https:\/\/s2.glbimg.com\/xGVtATncpcrEZyIvsMmAotXQOxc=\/i.s3.glbimg.com\/v1\/AUTH_59edd422c0c84a879bd37670ae4f538a\/internal_photos\/bs\/2023\/m\/g\/qIeYjAQW2t3neVFzrGlQ\/tjpb01.jpg\" \/><br \/>     MP solicitou a suspens\u00e3o tempor\u00e1ria do concurso e retifica\u00e7\u00e3o do esdital para inclus\u00e3o de alguns cargos. Para o juiz, suspens\u00e3o prejudicaria os candidatos j\u00e1 inscritos. Tribunal de Justi\u00e7a da Para\u00edba \u00e9 reaberto ap\u00f3s ser reformado\nTV Cabo Branco\/Reprodu\u00e7\u00e3o\nO juiz Gutemberg Cardoso Pereira negou o pedido do Minist\u00e9rio P\u00fablico da Para\u00edba (MPPB) para a suspens\u00e3o do concurso de Santa Rita e determinou o andamento do certame. Decis\u00e3o foi assinada no dia 25 de agosto e a primeira prova est\u00e1 marcada para o pr\u00f3ximo domingo (3).\nMais informa\u00e7\u00f5es sobre o concurso da prefeitura de Santa Rita\nO Minist\u00e9rio P\u00fablico da Para\u00edba tinha ajuizado uma a\u00e7\u00e3o civil p\u00fablica com pedido de liminar requerendo a suspens\u00e3o tempor\u00e1ria da realiza\u00e7\u00e3o do concurso da prefeitura de Santa Rita. O MP tamb\u00e9m solicitou a retifica\u00e7\u00e3o imediata do edital para inclus\u00e3o dos cargos que atualmente est\u00e3o sendo exercidos ilegalmente.\nEntre os cargos est\u00e3o o de t\u00e9cnico de enfermagem, agente de vigil\u00e2ncia sanit\u00e1ria e m\u00e9dico cl\u00ednico com atribui\u00e7\u00e3o no Instituto de Previd\u00eancia Municipal (IPM). De acordo com o MP, essas vagas atualmente s\u00e3o ocupadas por indiv\u00edduos em regime comissionado ou por excepcionalidade de interesse p\u00fablico, que n\u00e3o teriam sido abarcados pelo concurso.\nPela an\u00e1lise do juiz, o poder judici\u00e1rio n\u00e3o deve invadir o espa\u00e7o reservado por lei ao gestor p\u00fablico, devendo sempre respeitar o princ\u00edpio da separa\u00e7\u00e3o dos poderes. Al\u00e9m disso, o juiz afirma que a suspens\u00e7\u00e3o do concurso causaria um preju\u00edzo maior para os candidatos, que j\u00e1 pagaram as inscri\u00e7\u00f5es e se prepararam para a prova.\nN\u00e3o quer este Ju\u00edzo firmar entendimento, de que n\u00e3o haja poss\u00edvel irregularidade de contratados sem concurso mas, uma decis\u00e3o de cunho preliminar sem um prova literalmente passada pelo crivo do contradit\u00f3rio e respeitando-se a ampla defesa, sustar um concurso, causando preju\u00edzo a in\u00fameras pessoas que j\u00e1 est\u00e3o inscritas e se preparando para o grande dia, seria sim um ato desastroso\", afirmou o Cardoso Pereira.\nDe acordo com o magistrado, n\u00e3o h\u00e1 raz\u00e3o jur\u00eddica para concess\u00e3o de liminar ou tutela de urg\u00eancia. Sendo assim, determinou o andamento do concurso da prefeitura de Santa Rita.\u00a0\nV\u00eddeos mais assistidos do g1 Para\u00edba  ","protected":false},"excerpt":{"rendered":"<p>        MP solicitou a suspens\u00e3o tempor\u00e1ria do concurso e retifica\u00e7\u00e3o do esdital para inclus\u00e3o de alguns cargos. Para o juiz, suspens\u00e3o prejudicaria os candidatos j\u00e1 inscritos. Tribunal de Justi\u00e7a da Para\u00edba \u00e9 reaberto ap\u00f3s ser reformado<br \/>\nTV Cabo Branco&#8230;<\/p>\n","protected":false},"author":2,"featured_media":0,"comment_status":"closed","ping_status":"closed","sticky":false,"template":"","format":"standard","meta":{"advgb_blocks_editor_width":"","advgb_blocks_columns_visual_guide":"","footnotes":""},"categories":[34],"tags":[35],"class_list":["post-32134","post","type-post","status-publish","format-standard","hentry","category-g1","tag-g1"],"author_meta":{"display_name":"g1 &gt; Para\u00edba","author_link":"https:\/\/sindaopcpb.org.br\/author\/g1-paraiba\/"},"featured_img":null,"coauthors":[],"tax_additional":{"categories":{"linked":["<a href=\"https:\/\/sindaopcpb.org.br\/g1\/\" class=\"advgb-post-tax-term\">G1<\/a>"],"unlinked":["<span class=\"advgb-post-tax-term\">G1<\/span>"]},"tags":{"linked":["<a href=\"https:\/\/sindaopcpb.org.br\/g1\/\" class=\"advgb-post-tax-term\">g1<\/a>"],"unlinked":["<span class=\"advgb-post-tax-term\">g1<\/span>"]}},"comment_count":"0","relative_dates":{"created":"Publicado 3 anos atr\u00e1s","modified":"Atualizado 3 anos atr\u00e1s"},"absolute_dates":{"created":"Publicado em 30 de agosto de 2023","modified":"Atualizado em 30 de agosto de 2023"},"absolute_dates_time":{"created":"Publicado em 30 de agosto de 2023 16:24","modified":"Atualizado em 30 de agosto de 2023 16:24"},"featured_img_caption":"","series_order":"","_links":{"self":[{"href":"https:\/\/sindaopcpb.org.br\/index.php\/wp-json\/wp\/v2\/posts\/32134","targetHints":{"allow":["GET"]}}],"collection":[{"href":"https:\/\/sindaopcpb.org.br\/index.php\/wp-json\/wp\/v2\/posts"}],"about":[{"href":"https:\/\/sindaopcpb.org.br\/index.php\/wp-json\/wp\/v2\/types\/post"}],"author":[{"embeddable":true,"href":"https:\/\/sindaopcpb.org.br\/index.php\/wp-json\/wp\/v2\/users\/2"}],"replies":[{"embeddable":true,"href":"https:\/\/sindaopcpb.org.br\/index.php\/wp-json\/wp\/v2\/comments?post=32134"}],"version-history":[{"count":2,"href":"https:\/\/sindaopcpb.org.br\/index.php\/wp-json\/wp\/v2\/posts\/32134\/revisions"}],"predecessor-version":[{"id":32169,"href":"https:\/\/sindaopcpb.org.br\/index.php\/wp-json\/wp\/v2\/posts\/32134\/revisions\/32169"}],"wp:attachment":[{"href":"https:\/\/sindaopcpb.org.br\/index.php\/wp-json\/wp\/v2\/media?parent=32134"}],"wp:term":[{"taxonomy":"category","embeddable":true,"href":"https:\/\/sindaopcpb.org.br\/index.php\/wp-json\/wp\/v2\/categories?post=32134"},{"taxonomy":"post_tag","embeddable":true,"href":"https:\/\/sindaopcpb.org.br\/index.php\/wp-json\/wp\/v2\/tags?post=32134"}],"curies":[{"name":"wp","href":"https:\/\/api.w.org\/{rel}","templated":true}]}}