{"id":32125,"date":"2023-08-30T15:16:15","date_gmt":"2023-08-30T18:16:15","guid":{"rendered":"https:\/\/www.infomoney.com.br\/?p=2229844"},"modified":"2023-08-30T15:16:15","modified_gmt":"2023-08-30T18:16:15","slug":"conselho-arquiva-processo-contra-jose-medeiros-e-abre-processo-contra-sete-deputados","status":"publish","type":"post","link":"https:\/\/sindaopcpb.org.br\/index.php\/2023\/08\/30\/conselho-arquiva-processo-contra-jose-medeiros-e-abre-processo-contra-sete-deputados\/","title":{"rendered":"Conselho arquiva processo contra Jos\u00e9 Medeiros e abre processo contra sete deputados"},"content":{"rendered":"<p><img loading=\"lazy\" width=\"300\" height=\"197\" src=\"https:\/\/www.infomoney.com.br\/wp-content\/uploads\/2019\/06\/plenario-da-camara.jpg?fit=300%2C197&amp;quality=70&amp;strip=all\" class=\"attachment-medium size-medium wp-post-image\" alt=\"\" decoding=\"async\" style=\"float:right; margin:0 0 10px 10px;\" srcset=\"https:\/\/www.infomoney.com.br\/wp-content\/uploads\/2019\/06\/plenario-da-camara.jpg?w=900&amp;quality=70&amp;strip=all 900w, https:\/\/www.infomoney.com.br\/wp-content\/uploads\/2019\/06\/plenario-da-camara.jpg?w=300&amp;quality=70&amp;strip=all 300w, https:\/\/www.infomoney.com.br\/wp-content\/uploads\/2019\/06\/plenario-da-camara.jpg?w=768&amp;quality=70&amp;strip=all 768w, https:\/\/www.infomoney.com.br\/wp-content\/uploads\/2019\/06\/plenario-da-camara.jpg?w=150&amp;quality=70&amp;strip=all 150w\" sizes=\"auto, (max-width: 300px) 100vw, 300px\" data-attachment-id=\"50013\" data-permalink=\"https:\/\/www.infomoney.com.br\/plenario-da-camara\/\" data-orig-file=\"https:\/\/www.infomoney.com.br\/wp-content\/uploads\/2019\/06\/plenario-da-camara.jpg?fit=900%2C590&amp;quality=70&amp;strip=all\" data-orig-size=\"900,590\" data-comments-opened=\"1\" data-image-meta=\"{&quot;aperture&quot;:&quot;0&quot;,&quot;credit&quot;:&quot;&quot;,&quot;camera&quot;:&quot;&quot;,&quot;caption&quot;:&quot;&quot;,&quot;created_timestamp&quot;:&quot;0&quot;,&quot;copyright&quot;:&quot;&quot;,&quot;focal_length&quot;:&quot;0&quot;,&quot;iso&quot;:&quot;0&quot;,&quot;shutter_speed&quot;:&quot;0&quot;,&quot;title&quot;:&quot;&quot;,&quot;orientation&quot;:&quot;0&quot;}\" data-image-title=\"plenario-da-camara\" data-image-description=\"\" data-image-caption=\"\" data-medium-file=\"https:\/\/www.infomoney.com.br\/wp-content\/uploads\/2019\/06\/plenario-da-camara.jpg?fit=300%2C197&amp;quality=70&amp;strip=all\" data-large-file=\"https:\/\/www.infomoney.com.br\/wp-content\/uploads\/2019\/06\/plenario-da-camara.jpg?fit=900%2C590&amp;quality=70&amp;strip=all\" title=\"\"><\/p>\n<p>O Conselho de &Eacute;tica e Decoro Parlamentar arquivou nesta quarta-feira (30) representa&ccedil;&atilde;o &nbsp;apresentada pelo PT contra o deputado Jos&eacute; Medeiros (PL-MT), acusado de intimidar a deputada Gleisi Hoffmann (PT-PR) durante sess&atilde;o que comemorava o Dia da Mulheres e de agredir o deputado Miguel &Acirc;ngelo (PT-MG), que defendeu Gleisi.<\/p>\n<p>Na mesma reuni&atilde;o, foram abertos novos processos contra sete deputados: Marcon (PT-RS), Glauber Braga (Psol-RJ), Abilio Brunini (PL-MT), Andr&eacute; Fernandes (PL-CE), Ricardo Salles (PL-SP), Zucco (Republicanos-RS) e S&acirc;mia Bomfim (Psol-SP).<\/p>\n<p>Al&eacute;m disso, o deputado Gabriel Mota (Republicanos-RR) apresentou parecer pelo arquivamento da Representa&ccedil;&atilde;o 5\/23, apresentada pelo PP,&nbsp; contra a deputada Juliana Cardoso (PT-SP), acusada de quebra de decoro ao chamar de &ldquo;assassinos&rdquo; os parlamentares favor&aacute;veis &agrave; tramita&ccedil;&atilde;o em regime de urg&ecirc;ncia do projeto do marco temporal das terras ind&iacute;genas, que dificulta a demarca&ccedil;&atilde;o dessas terras (PL 409\/07). Outras cinco deputadas enfrentam processos semelhantes no Conselho de &Eacute;tica. O deputado Rafael Simoes (Uni&atilde;o-MG) pediu vista do processo, concedida pelo presidente do conselho, Leur Lomanto J&uacute;nior (Uni&atilde;o-BA). por dois dias &uacute;teis.<\/p>\n<p>Em sua defesa, Juliana Cardoso disse que as deputadas est&atilde;o sendo alvo de viol&ecirc;ncia pol&iacute;tica de g&ecirc;nero, que &ldquo;ataca as mulheres mais combativas dentro do Parlamento&rdquo;. Ela afirma que a representatividade das mulheres na C&acirc;mara &ndash; hoje, de apenas de 18% &ndash; &eacute; essencial para uma democracia plena e que o conselho n&atilde;o pode ser transformado em palco de persegui&ccedil;&atilde;o das deputadas. Ela reiterou que o projeto do marco temporal &eacute; &ldquo;assassino&rdquo; dos povos ind&iacute;genas e que continuar&aacute; fazendo a defesa do seu povo. A deputada &eacute; ind&iacute;gena.<\/p>\n<p>O relator Gabriel Mota argumentou que a imunidade parlamentar &eacute; prerrogativa funcional, o que significa que os deputados s&atilde;o inviol&aacute;veis civil e penalmente por suas opini&otilde;es, palavras e votos. Na avalia&ccedil;&atilde;o dele, as declara&ccedil;&otilde;es se inserem no debate de ideias no Parlamento e n&atilde;o ensejam controle pol&iacute;tico por parte do Conselho de &Eacute;tica. Assim, para o relator, n&atilde;o h&aacute; justa causa que justifique o prosseguimento do processo.<\/p>\n<h2><strong>&nbsp;Jos&eacute; Medeiros<\/strong><\/h2>\n<p>No caso da Representa&ccedil;&atilde;o 4\/23, contra o deputado Jos&eacute; Medeiros (PL-MT), o parecer do deputado Albuquerque (Republicanos-RR), contr&aacute;rio &agrave; continuidade do processo, foi aprovado por unanimidade pelo conselho.<\/p>\n<p>Al&eacute;m de ser acusado de intimidar a deputada Gleisi Hoffmann (PT-PR) durante sess&atilde;o que comemorava o Dia da Mulher, Medeiros tamb&eacute;m foi acusado de xingar e agredir o deputado Miguel &Acirc;ngelo (PT-MG). Jos&eacute; Medeiros, em sua defesa pr&eacute;via, afirma que as imagens anexadas pelo partido n&atilde;o cont&ecirc;m agress&atilde;o e afirma que, se pisou no p&eacute; do deputado Miguel &Acirc;ngelo, pede desculpas, pois n&atilde;o foi sua inten&ccedil;&atilde;o.<\/p>\n<p>O deputado Albuquerque inicialmente recomendou a continuidade do processo, mas nesta quarta-feira mudou o voto, considerando os fatos irrelevantes. Para ele, os deputados n&atilde;o devem gastar tempo com esse tipo de processo.<\/p>\n<h2><strong>Novos processos<\/strong><\/h2>\n<p>Al&eacute;m de instaurar os novos processos contra sete deputados, o presidente do Conselho de &Eacute;tica sorteou a lista tr&iacute;plice para a escolha dos relatores desses casos. Leur Lomanto J&uacute;nior escolher&aacute; o relator de cada caso a partir da lista tr&iacute;plice sorteada.<\/p>\n<p>-Processo 15\/23, referente &agrave; Representa&ccedil;&atilde;o 16\/23, do PL, contra o deputado Marcon (PT-RS), tamb&eacute;m por desentendimentos com Eduardo Bolsonaro em reuni&atilde;o da Comiss&atilde;o de Trabalho a respeito da facada desferida contra o ex-presidente Bolsonaro. Foram sorteados para a poss&iacute;vel relatoria os deputados Bruno Ganem (Pode-SP), Guilherme Boulos (Psol-SP) e Delegado F&aacute;bio Costa (PP-AL).<\/p>\n<p>-Processo 16\/23, referente &agrave; Representa&ccedil;&atilde;o 17\/23, do PL, contra o deputado Glauber Braga (Psol-RJ). O partido acusa Braga de quebra de decoro por ter ofendido Eduardo Bolsonaro durante reuni&atilde;o na Comiss&atilde;o de Rela&ccedil;&otilde;es Exteriores. &ldquo;Se Maduro tivesse chegado no aeroporto com um carregamento de joias eles [a extrema direita] iriam adorar&rdquo;, disse Braga ao deputado do PL. Foram sorteados para a lista tr&iacute;plice de poss&iacute;veis relatores: Alex Manente (Cidadania-SP), Albuquerque (Republicanos-RR) e Rodrigo Gambale (Pode-SP).<\/p>\n<p>-Processo 17\/23, referente &agrave; Representa&ccedil;&atilde;o 18\/23, do Psol, contra o deputado Abilio Brunini (PL-MT).Ele &eacute; acusado de transfobia contra a deputada Erika Hilton (Psol-SP) em reuni&atilde;o da CPMI do 8 de Janeiro. As acusa&ccedil;&otilde;es foram corroboradas por outros parlamentares durante a reuni&atilde;o. Por fim, o presidente da CPMI, deputado Arthur Oliveira Maia (Uni&atilde;o-BA), pediu que as filmagens fossem enviadas &agrave; pol&iacute;cia legislativa para apura&ccedil;&atilde;o. A lista tr&iacute;plice de poss&iacute;veis relatoras inclui os deputados Gabriel Mota (Republicanos-RR), J&uacute;lio Arcoverde (PP-PI) e M&aacute;rio Heringer (PDT-MG).<\/p>\n<p>-Processo 18\/23, referente &agrave; Representa&ccedil;&atilde;o 19\/23, do PT, contra o deputado Andr&eacute; Fernandes (PL-CE).O partido acusa Fernandes de racismo durante um debate sobre a reforma tribut&aacute;ria no Plen&aacute;rio. &ldquo;Diversas afirma&ccedil;&otilde;es do representado s&atilde;o marcadas por uma postura racista e discriminat&oacute;ria, pela ridiculariza&ccedil;&atilde;o da quest&atilde;o racial e de identidade de g&ecirc;nero, ao falar em tom jocoso que a ra&ccedil;a devia ser &lsquo;de boi&#8217;&rdquo;, diz a representa&ccedil;&atilde;o. Foram sorteados para a poss&iacute;vel relatoria os deputados Chico Alencar (Psol-RJ), Gutemberg Reis (MDB-RJ) e Bruno Ganem (Pode-SP).<\/p>\n<p>-Processo 19\/23, referente &agrave; Representa&ccedil;&atilde;o 20\/23, do Psol, contra o deputado Ricardo Salles (PL-SP). Salles &eacute; acusado de viol&ecirc;ncia de g&ecirc;nero durante reuni&atilde;o da CPI do MST contra a deputada S&acirc;mia Bomfim (Psol-SP) e em postagens nas redes sociais da parlamentar. Foram sorteados para a lista tr&iacute;plice de poss&iacute;veis relatores: Gabriel Mota (Republicanos-RR), Paulo Magalh&atilde;es (PSD-BA) e M&aacute;rio Heringer (PDT-MG).<\/p>\n<p>-Processo 20\/23, referente &agrave; Representa&ccedil;&atilde;o 21\/23, do Psol, contra o deputado Zucco (Republicanos-RS). O partido acusa Zucco de misoginia por, na mesma reuni&atilde;o da CPI do MST, ter amea&ccedil;ado encerrar a sess&atilde;o se S&acirc;mia n&atilde;o permitisse que os outros deputados falassem. &ldquo;Ela acha que por ser mulher n&atilde;o pode ser interrompida&rdquo;, disse Zucco na ocasi&atilde;o. E acrescentou: &ldquo;Respeito muito as mulheres, respons&aacute;veis pela procria&ccedil;&atilde;o e pela harmonia da fam&iacute;lia.&rdquo; Os deputados Jack Rocha (PT-ES), Miguel &Acirc;ngelo (PT-MG) e Jo&atilde;o Le&atilde;o (PP-BA) poder&atilde;o ser escolhidos relatores do processo.<\/p>\n<p>-Processo 21\/23 Representa&ccedil;&atilde;o 22\/23, do PL, contra a deputada S&acirc;mia Bomfim. Nesse caso o PL, acusa S&acirc;mia de ter quebrado o decoro naquela reuni&atilde;o da CPI do MST. O partido diz que ela abusou de suas prerrogativas constitucionais e &ldquo;iniciou seus ataques gratuitamente&rdquo;. A lista tr&iacute;plice de relatores inclui os deputados Julio Arcoverde (PP-PI), Ac&aacute;cio Favacho (MDB-AP) e Ana Paula Lima (PT-SC).<\/p>\n<\/p>\n<div class=\"cta-end\">\n<div class=\"im-cta\" >\n<div class=\"im-shortcode-forms bg-light bg-opacity-25 border rounded-4 p-3 p-sm-4 p-md-3 p-lg-4 px-xxl-5 my-5\" data-configuration='{\"form_name\":false,\"form_hat\":\"Newsletter\",\"form_email\":true,\"form_icon\":\"newsletter\",\"form_phone\":false,\"form_campaign\":\"NIM\",\"form_thankyou\":\"\",\"form_journey\":\"APIEvent-26a5198d-8e09-06ef-5f80-cd9127757ad1\",\"form_button\":\"Quero receber\",\"form_context\":\"newsletter\",\"form_origin\":\"https:\\\/\\\/www.infomoney.com.br\\\/politica\\\/feed\\\/?utm_medium=materia&#038;utm_source=infomoney&#038;utm_campaign=NIM&#038;utm_term=politica&#038;utm_content=newsletter\",\"form_position\":\"final\",\"form_category\":\"cta_form\"}'>\n<div class=\"d-flex flex-column align-items-center align-items-lg-start mb-4 flex-lg-row\">\n<div class=\"rounded-circle mb-2 mb-lg-0 mr-lg-4 me-lg-4 p-3 p-lg-4 bg-blue-400\"><svg width=\"40\" height=\"40\" viewBox=\"0 0 40 40\" fill=\"none\" xmlns=\"http:\/\/www.w3.org\/2000\/svg\"><path d=\"M20 20.25 6.042 11.042v19.041c0 .167.048.299.146.396a.535.535 0 0 0 .395.146h15.792V32.5H6.583a2.328 2.328 0 0 1-1.708-.708 2.328 2.328 0 0 1-.708-1.709V9.917c0-.667.236-1.236.708-1.709A2.328 2.328 0 0 1 6.583 7.5h26.834c.666 0 1.236.236 1.708.708a2.33 2.33 0 0 1 .708 1.709v12.458h-1.875V11.042L20 20.25Zm0-2 13.667-8.875H6.333L20 18.25Zm11.75 18.958-1.292-1.333 3.334-3.375h-9v-1.875h9l-3.375-3.417 1.333-1.291 5.667 5.625-5.667 5.666ZM6.042 11.042v20.791-9.458.25-13.25 1.667Z\" fill=\"#fff\"\/><\/svg><\/div>\n<div class=\"flex-fill text-center text-lg-left\">\n<div class=\"h6 small text-orange-700 lh-base mb-1\">Newsletter<\/div>\n<div class=\"text-body h4 m-0\">Infomorning<\/div>\n<div class=\"text-body small lh-base mt-2\">Receba no seu e-mail logo pela manh&atilde; as not&iacute;cias que v&atilde;o mexer com os mercados, com os seus investimentos e o seu bolso durante o dia<\/div>\n<\/div>\n<\/div>\n<\/div>\n<\/div>\n<\/div>\n<p>The post <a rel=\"nofollow noopener\" href=\"https:\/\/www.infomoney.com.br\/politica\/conselho-arquiva-processo-contra-jose-medeiros-e-abre-processo-contra-sete-deputados\/\" target=\"_blank\">Conselho arquiva processo contra Jos\u00e9 Medeiros e abre processo contra sete deputados<\/a> appeared first on <a rel=\"nofollow noopener\" href=\"https:\/\/www.infomoney.com.br\/\" target=\"_blank\">InfoMoney<\/a>.<\/p>\n","protected":false},"excerpt":{"rendered":"<p><img loading=\"lazy\" decoding=\"async\" width=\"300\" height=\"197\" src=\"https:\/\/www.infomoney.com.br\/wp-content\/uploads\/2019\/06\/plenario-da-camara.jpg?fit=300%2C197&amp;quality=70&amp;strip=all\" class=\"attachment-medium size-medium wp-post-image\" alt=\"\" data-attachment-id=\"50013\" data-permalink=\"https:\/\/www.infomoney.com.br\/plenario-da-camara\/\" data-orig-file=\"https:\/\/www.infomoney.com.br\/wp-content\/uploads\/2019\/06\/plenario-da-camara.jpg?fit=900%2C590&amp;quality=70&amp;strip=all\" data-orig-size=\"900,590\" data-comments-opened=\"1\" data-image-meta='{\"aperture\":\"0\",\"credit\":\"\",\"camera\":\"\",\"caption\":\"\",\"created_timestamp\":\"0\",\"copyright\":\"\",\"focal_length\":\"0\",\"iso\":\"0\",\"shutter_speed\":\"0\",\"title\":\"\",\"orientation\":\"0\"}' data-image-title=\"plenario-da-camara\" data-image-description=\"\" data-image-caption=\"\" data-medium-file=\"https:\/\/www.infomoney.com.br\/wp-content\/uploads\/2019\/06\/plenario-da-camara.jpg?fit=300%2C197&amp;quality=70&amp;strip=all\" data-large-file=\"https:\/\/www.infomoney.com.br\/wp-content\/uploads\/2019\/06\/plenario-da-camara.jpg?fit=900%2C590&amp;quality=70&amp;strip=all\">Foi recomendado arquivamento de a\u00e7\u00e3o contra Juliana Cardoso por chamar parlamentares de assassinos na vota\u00e7\u00e3o de texto sobre demarca\u00e7\u00e3o de terras ind\u00edgenas<\/p>\n<p>The post <a rel=\"nofollow\" href=\"https:\/\/www.infomoney.com.br\/politica\/conselho-arquiva-processo-contra-jose-medeiros-e-abre-processo-contra-sete-deputados\/\">Conselho arquiva processo contra Jos\u00e9 Medeiros e abre processo contra sete deputados<\/a> appeared first on <a rel=\"nofollow\" href=\"https:\/\/www.infomoney.com.br\/\">InfoMoney<\/a>.<\/p>\n","protected":false},"author":47,"featured_media":0,"comment_status":"closed","ping_status":"closed","sticky":false,"template":"","format":"standard","meta":{"advgb_blocks_editor_width":"","advgb_blocks_columns_visual_guide":"","footnotes":""},"categories":[276,4555,34,513,47],"tags":[35],"class_list":["post-32125","post","type-post","status-publish","format-standard","hentry","category-camara-dos-deputados","category-etica","category-g1","category-poder-legislativo","category-politica","tag-g1"],"author_meta":{"display_name":"luispereira","author_link":"https:\/\/sindaopcpb.org.br\/author\/luispereira\/"},"featured_img":null,"coauthors":[],"tax_additional":{"categories":{"linked":["<a href=\"https:\/\/sindaopcpb.org.br\/camara-dos-deputados\/\" class=\"advgb-post-tax-term\">C\u00e2mara dos Deputados<\/a>","<a href=\"https:\/\/sindaopcpb.org.br\/etica\/\" class=\"advgb-post-tax-term\">\u00c9tica<\/a>","<a href=\"https:\/\/sindaopcpb.org.br\/g1\/\" class=\"advgb-post-tax-term\">G1<\/a>","<a href=\"https:\/\/sindaopcpb.org.br\/poder-legislativo\/\" class=\"advgb-post-tax-term\">Poder Legislativo<\/a>","<a href=\"https:\/\/sindaopcpb.org.br\/politica\/\" class=\"advgb-post-tax-term\">POLITICA<\/a>"],"unlinked":["<span class=\"advgb-post-tax-term\">C\u00e2mara dos Deputados<\/span>","<span class=\"advgb-post-tax-term\">\u00c9tica<\/span>","<span class=\"advgb-post-tax-term\">G1<\/span>","<span class=\"advgb-post-tax-term\">Poder Legislativo<\/span>","<span class=\"advgb-post-tax-term\">POLITICA<\/span>"]},"tags":{"linked":["<a href=\"https:\/\/sindaopcpb.org.br\/politica\/\" class=\"advgb-post-tax-term\">g1<\/a>"],"unlinked":["<span class=\"advgb-post-tax-term\">g1<\/span>"]}},"comment_count":"0","relative_dates":{"created":"Publicado 3 anos atr\u00e1s","modified":"Atualizado 3 anos atr\u00e1s"},"absolute_dates":{"created":"Publicado em 30 de agosto de 2023","modified":"Atualizado em 30 de agosto de 2023"},"absolute_dates_time":{"created":"Publicado em 30 de agosto de 2023 15:16","modified":"Atualizado em 30 de agosto de 2023 15:16"},"featured_img_caption":"","series_order":"","_links":{"self":[{"href":"https:\/\/sindaopcpb.org.br\/index.php\/wp-json\/wp\/v2\/posts\/32125","targetHints":{"allow":["GET"]}}],"collection":[{"href":"https:\/\/sindaopcpb.org.br\/index.php\/wp-json\/wp\/v2\/posts"}],"about":[{"href":"https:\/\/sindaopcpb.org.br\/index.php\/wp-json\/wp\/v2\/types\/post"}],"author":[{"embeddable":true,"href":"https:\/\/sindaopcpb.org.br\/index.php\/wp-json\/wp\/v2\/users\/47"}],"replies":[{"embeddable":true,"href":"https:\/\/sindaopcpb.org.br\/index.php\/wp-json\/wp\/v2\/comments?post=32125"}],"version-history":[{"count":1,"href":"https:\/\/sindaopcpb.org.br\/index.php\/wp-json\/wp\/v2\/posts\/32125\/revisions"}],"predecessor-version":[{"id":32126,"href":"https:\/\/sindaopcpb.org.br\/index.php\/wp-json\/wp\/v2\/posts\/32125\/revisions\/32126"}],"wp:attachment":[{"href":"https:\/\/sindaopcpb.org.br\/index.php\/wp-json\/wp\/v2\/media?parent=32125"}],"wp:term":[{"taxonomy":"category","embeddable":true,"href":"https:\/\/sindaopcpb.org.br\/index.php\/wp-json\/wp\/v2\/categories?post=32125"},{"taxonomy":"post_tag","embeddable":true,"href":"https:\/\/sindaopcpb.org.br\/index.php\/wp-json\/wp\/v2\/tags?post=32125"}],"curies":[{"name":"wp","href":"https:\/\/api.w.org\/{rel}","templated":true}]}}