{"id":32121,"date":"2023-08-30T15:39:11","date_gmt":"2023-08-30T18:39:11","guid":{"rendered":"https:\/\/www.infomoney.com.br\/?p=2229865"},"modified":"2023-08-30T15:39:11","modified_gmt":"2023-08-30T18:39:11","slug":"projeto-abre-credito-suplementar-de-r-397-milhoes-para-o-ministerio-da-defesa","status":"publish","type":"post","link":"https:\/\/sindaopcpb.org.br\/index.php\/2023\/08\/30\/projeto-abre-credito-suplementar-de-r-397-milhoes-para-o-ministerio-da-defesa\/","title":{"rendered":"Projeto abre cr\u00e9dito suplementar de R$ 39,7 milh\u00f5es para o Minist\u00e9rio da Defesa"},"content":{"rendered":"<p><img loading=\"lazy\" width=\"300\" height=\"178\" src=\"https:\/\/www.infomoney.com.br\/wp-content\/uploads\/2023\/01\/Captura-de-Tela-2023-01-11-as-19.43.34.png?fit=300%2C178&amp;quality=70&amp;strip=all\" class=\"attachment-medium size-medium wp-post-image\" alt=\"Jos\u00e9 M\u00facio Monteiro Filho, ministro da Defesa (Foto: Antonio Cruz\/Ag\u00eancia Brasil)\" decoding=\"async\" style=\"float:right; margin:0 0 10px 10px;\" srcset=\"https:\/\/www.infomoney.com.br\/wp-content\/uploads\/2023\/01\/Captura-de-Tela-2023-01-11-as-19.43.34.png?w=766&amp;quality=70&amp;strip=all 766w, https:\/\/www.infomoney.com.br\/wp-content\/uploads\/2023\/01\/Captura-de-Tela-2023-01-11-as-19.43.34.png?w=300&amp;quality=70&amp;strip=all 300w, https:\/\/www.infomoney.com.br\/wp-content\/uploads\/2023\/01\/Captura-de-Tela-2023-01-11-as-19.43.34.png?w=150&amp;quality=70&amp;strip=all 150w\" sizes=\"auto, (max-width: 300px) 100vw, 300px\" data-attachment-id=\"2028682\" data-permalink=\"https:\/\/www.infomoney.com.br\/politica\/ex-ministros-da-defesa-apoiam-mucio-em-reuniao-com-jaques-wagner\/attachment\/captura-de-tela-2023-01-11-as-19-43-34\/\" data-orig-file=\"https:\/\/www.infomoney.com.br\/wp-content\/uploads\/2023\/01\/Captura-de-Tela-2023-01-11-as-19.43.34.png?fit=766%2C454&amp;quality=70&amp;strip=all\" data-orig-size=\"766,454\" data-comments-opened=\"0\" data-image-meta=\"{&quot;aperture&quot;:&quot;0&quot;,&quot;credit&quot;:&quot;&quot;,&quot;camera&quot;:&quot;&quot;,&quot;caption&quot;:&quot;&quot;,&quot;created_timestamp&quot;:&quot;0&quot;,&quot;copyright&quot;:&quot;&quot;,&quot;focal_length&quot;:&quot;0&quot;,&quot;iso&quot;:&quot;0&quot;,&quot;shutter_speed&quot;:&quot;0&quot;,&quot;title&quot;:&quot;&quot;,&quot;orientation&quot;:&quot;0&quot;}\" data-image-title=\"Jos\u00e9 M\u00facio Monteiro Filho, ministro da Defesa (Foto: Antonio Cruz\/Ag\u00eancia Brasil)\" data-image-description=\"&lt;p&gt;Jos\u00e9 M\u00facio Monteiro Filho, ministro da Defesa (Foto: Antonio Cruz\/Ag\u00eancia Brasil)&lt;\/p&gt;\n\" data-image-caption=\"&lt;p&gt;Jos\u00e9 M\u00facio Monteiro Filho, ministro da Defesa (Foto: Antonio Cruz\/Ag\u00eancia Brasil)&lt;\/p&gt;\n\" data-medium-file=\"https:\/\/www.infomoney.com.br\/wp-content\/uploads\/2023\/01\/Captura-de-Tela-2023-01-11-as-19.43.34.png?fit=300%2C178&amp;quality=70&amp;strip=all\" data-large-file=\"https:\/\/www.infomoney.com.br\/wp-content\/uploads\/2023\/01\/Captura-de-Tela-2023-01-11-as-19.43.34.png?fit=766%2C454&amp;quality=70&amp;strip=all\" title=\"\"><\/p>\n<p>O Projeto de Lei do Congresso Nacional (PLN) 26\/23 abre cr&eacute;dito suplementar de R$ 39,7 milh&otilde;es para o Minist&eacute;rio da Defesa no Or&ccedil;amento de 2023. O cr&eacute;dito ser&aacute; usado para obras de coopera&ccedil;&atilde;o relativas a conv&ecirc;nio entre o Ex&eacute;rcito e o estado de Goi&aacute;s, na rodovia GO-213.<\/p>\n<p>O governo informou que o cr&eacute;dito proposto foi aprovado pela Junta de Execu&ccedil;&atilde;o Or&ccedil;ament&aacute;ria em maio. A junta decidiu pelo atendimento da demanda de suplementa&ccedil;&atilde;o &ldquo;at&eacute; o limite da receita de conv&ecirc;nio projetada no Relat&oacute;rio de Avalia&ccedil;&atilde;o de Receitas e Despesas da Uni&atilde;o do 2&ordm; Bimestre ou no valor efetivamente arrecadado, ou seja, no valor do excesso de arrecada&ccedil;&atilde;o estimado ou efetivamente arrecadado da referida fonte de conv&ecirc;nio no Comando do Ex&eacute;rcito at&eacute; a abertura do cr&eacute;dito&rdquo;.<\/p>\n<p>Segundo o Executivo, o Minist&eacute;rio da Defesa utilizar&aacute; recursos da reserva de conting&ecirc;ncia.<\/p>\n<p>O projeto ser&aacute; analisado pela Comiss&atilde;o Mista de Or&ccedil;amento e, em seguida, pelo Plen&aacute;rio do Congresso.<\/p>\n<\/p>\n<div class=\"cta-end\">\n<div class=\"im-cta\" >\n<div class=\"im-shortcode-forms bg-light bg-opacity-25 border rounded-4 p-3 p-sm-4 p-md-3 p-lg-4 px-xxl-5 my-5\" data-configuration='{\"form_name\":false,\"form_hat\":\"Newsletter\",\"form_email\":true,\"form_icon\":\"newsletter\",\"form_phone\":false,\"form_campaign\":\"NIM\",\"form_thankyou\":\"\",\"form_journey\":\"APIEvent-26a5198d-8e09-06ef-5f80-cd9127757ad1\",\"form_button\":\"Quero receber\",\"form_context\":\"newsletter\",\"form_origin\":\"https:\\\/\\\/www.infomoney.com.br\\\/politica\\\/feed\\\/?utm_medium=materia&#038;utm_source=infomoney&#038;utm_campaign=NIM&#038;utm_term=politica&#038;utm_content=newsletter\",\"form_position\":\"final\",\"form_category\":\"cta_form\"}'>\n<div class=\"d-flex flex-column align-items-center align-items-lg-start mb-4 flex-lg-row\">\n<div class=\"rounded-circle mb-2 mb-lg-0 mr-lg-4 me-lg-4 p-3 p-lg-4 bg-blue-400\"><svg width=\"40\" height=\"40\" viewBox=\"0 0 40 40\" fill=\"none\" xmlns=\"http:\/\/www.w3.org\/2000\/svg\"><path d=\"M20 20.25 6.042 11.042v19.041c0 .167.048.299.146.396a.535.535 0 0 0 .395.146h15.792V32.5H6.583a2.328 2.328 0 0 1-1.708-.708 2.328 2.328 0 0 1-.708-1.709V9.917c0-.667.236-1.236.708-1.709A2.328 2.328 0 0 1 6.583 7.5h26.834c.666 0 1.236.236 1.708.708a2.33 2.33 0 0 1 .708 1.709v12.458h-1.875V11.042L20 20.25Zm0-2 13.667-8.875H6.333L20 18.25Zm11.75 18.958-1.292-1.333 3.334-3.375h-9v-1.875h9l-3.375-3.417 1.333-1.291 5.667 5.625-5.667 5.666ZM6.042 11.042v20.791-9.458.25-13.25 1.667Z\" fill=\"#fff\"\/><\/svg><\/div>\n<div class=\"flex-fill text-center text-lg-left\">\n<div class=\"h6 small text-orange-700 lh-base mb-1\">Newsletter<\/div>\n<div class=\"text-body h4 m-0\">Infomorning<\/div>\n<div class=\"text-body small lh-base mt-2\">Receba no seu e-mail logo pela manh&atilde; as not&iacute;cias que v&atilde;o mexer com os mercados, com os seus investimentos e o seu bolso durante o dia<\/div>\n<\/div>\n<\/div>\n<\/div>\n<\/div>\n<\/div>\n<p>The post <a rel=\"nofollow noopener\" href=\"https:\/\/www.infomoney.com.br\/politica\/projeto-abre-credito-suplementar-de-r-397-milhoes-para-o-ministerio-da-defesa\/\" target=\"_blank\">Projeto abre cr\u00e9dito suplementar de R$ 39,7 milh\u00f5es para o Minist\u00e9rio da Defesa<\/a> appeared first on <a rel=\"nofollow noopener\" href=\"https:\/\/www.infomoney.com.br\/\" target=\"_blank\">InfoMoney<\/a>.<\/p>\n","protected":false},"excerpt":{"rendered":"<p><img loading=\"lazy\" decoding=\"async\" width=\"300\" height=\"178\" src=\"https:\/\/www.infomoney.com.br\/wp-content\/uploads\/2023\/01\/Captura-de-Tela-2023-01-11-as-19.43.34.png?fit=300%2C178&amp;quality=70&amp;strip=all\" class=\"attachment-medium size-medium wp-post-image\" alt=\"Jos\u00e9 M\u00facio Monteiro Filho, ministro da Defesa (Foto: Antonio Cruz\/Ag\u00eancia Brasil)\" data-attachment-id=\"2028682\" data-permalink=\"https:\/\/www.infomoney.com.br\/politica\/ex-ministros-da-defesa-apoiam-mucio-em-reuniao-com-jaques-wagner\/attachment\/captura-de-tela-2023-01-11-as-19-43-34\/\" data-orig-file=\"https:\/\/www.infomoney.com.br\/wp-content\/uploads\/2023\/01\/Captura-de-Tela-2023-01-11-as-19.43.34.png?fit=766%2C454&amp;quality=70&amp;strip=all\" data-orig-size=\"766,454\" data-comments-opened=\"0\" data-image-meta='{\"aperture\":\"0\",\"credit\":\"\",\"camera\":\"\",\"caption\":\"\",\"created_timestamp\":\"0\",\"copyright\":\"\",\"focal_length\":\"0\",\"iso\":\"0\",\"shutter_speed\":\"0\",\"title\":\"\",\"orientation\":\"0\"}' data-image-title=\"Jos\u00e9 M\u00facio Monteiro Filho, ministro da Defesa (Foto: Antonio Cruz\/Ag\u00eancia Brasil)\" data-image-description=\"&lt;p&gt;Jos\u00e9 M\u00facio Monteiro Filho, ministro da Defesa (Foto: Antonio Cruz\/Ag\u00eancia Brasil)&lt;\/p&gt;\n\" data-image-caption=\"&lt;p&gt;Jos\u00e9 M\u00facio Monteiro Filho, ministro da Defesa (Foto: Antonio Cruz\/Ag\u00eancia Brasil)&lt;\/p&gt;\n\" data-medium-file=\"https:\/\/www.infomoney.com.br\/wp-content\/uploads\/2023\/01\/Captura-de-Tela-2023-01-11-as-19.43.34.png?fit=300%2C178&amp;quality=70&amp;strip=all\" data-large-file=\"https:\/\/www.infomoney.com.br\/wp-content\/uploads\/2023\/01\/Captura-de-Tela-2023-01-11-as-19.43.34.png?fit=766%2C454&amp;quality=70&amp;strip=all\">Abertura do cr\u00e9dito extra ser\u00e1 analisada pela Comiss\u00e3o de Or\u00e7amento e pelo Plen\u00e1rio do Congresso<\/p>\n<p>The post <a rel=\"nofollow\" href=\"https:\/\/www.infomoney.com.br\/politica\/projeto-abre-credito-suplementar-de-r-397-milhoes-para-o-ministerio-da-defesa\/\">Projeto abre cr\u00e9dito suplementar de R$ 39,7 milh\u00f5es para o Minist\u00e9rio da Defesa<\/a> appeared first on <a rel=\"nofollow\" href=\"https:\/\/www.infomoney.com.br\/\">InfoMoney<\/a>.<\/p>\n","protected":false},"author":47,"featured_media":0,"comment_status":"closed","ping_status":"closed","sticky":false,"template":"","format":"standard","meta":{"advgb_blocks_editor_width":"","advgb_blocks_columns_visual_guide":"","footnotes":""},"categories":[276,1258,34,260,488,47],"tags":[35],"class_list":["post-32121","post","type-post","status-publish","format-standard","hentry","category-camara-dos-deputados","category-credito","category-g1","category-governo","category-ministerio-da-defesa","category-politica","tag-g1"],"author_meta":{"display_name":"luispereira","author_link":"https:\/\/sindaopcpb.org.br\/author\/luispereira\/"},"featured_img":null,"coauthors":[],"tax_additional":{"categories":{"linked":["<a href=\"https:\/\/sindaopcpb.org.br\/camara-dos-deputados\/\" class=\"advgb-post-tax-term\">C\u00e2mara dos Deputados<\/a>","<a href=\"https:\/\/sindaopcpb.org.br\/credito\/\" class=\"advgb-post-tax-term\">Cr\u00e9dito<\/a>","<a href=\"https:\/\/sindaopcpb.org.br\/g1\/\" class=\"advgb-post-tax-term\">G1<\/a>","<a href=\"https:\/\/sindaopcpb.org.br\/governo\/\" class=\"advgb-post-tax-term\">Governo<\/a>","<a href=\"https:\/\/sindaopcpb.org.br\/ministerio-da-defesa\/\" class=\"advgb-post-tax-term\">Minist\u00e9rio da Defesa<\/a>","<a href=\"https:\/\/sindaopcpb.org.br\/politica\/\" class=\"advgb-post-tax-term\">POLITICA<\/a>"],"unlinked":["<span class=\"advgb-post-tax-term\">C\u00e2mara dos Deputados<\/span>","<span class=\"advgb-post-tax-term\">Cr\u00e9dito<\/span>","<span class=\"advgb-post-tax-term\">G1<\/span>","<span class=\"advgb-post-tax-term\">Governo<\/span>","<span class=\"advgb-post-tax-term\">Minist\u00e9rio da Defesa<\/span>","<span class=\"advgb-post-tax-term\">POLITICA<\/span>"]},"tags":{"linked":["<a href=\"https:\/\/sindaopcpb.org.br\/politica\/\" class=\"advgb-post-tax-term\">g1<\/a>"],"unlinked":["<span class=\"advgb-post-tax-term\">g1<\/span>"]}},"comment_count":"0","relative_dates":{"created":"Publicado 3 anos atr\u00e1s","modified":"Atualizado 3 anos atr\u00e1s"},"absolute_dates":{"created":"Publicado em 30 de agosto de 2023","modified":"Atualizado em 30 de agosto de 2023"},"absolute_dates_time":{"created":"Publicado em 30 de agosto de 2023 15:39","modified":"Atualizado em 30 de agosto de 2023 15:39"},"featured_img_caption":"","series_order":"","_links":{"self":[{"href":"https:\/\/sindaopcpb.org.br\/index.php\/wp-json\/wp\/v2\/posts\/32121","targetHints":{"allow":["GET"]}}],"collection":[{"href":"https:\/\/sindaopcpb.org.br\/index.php\/wp-json\/wp\/v2\/posts"}],"about":[{"href":"https:\/\/sindaopcpb.org.br\/index.php\/wp-json\/wp\/v2\/types\/post"}],"author":[{"embeddable":true,"href":"https:\/\/sindaopcpb.org.br\/index.php\/wp-json\/wp\/v2\/users\/47"}],"replies":[{"embeddable":true,"href":"https:\/\/sindaopcpb.org.br\/index.php\/wp-json\/wp\/v2\/comments?post=32121"}],"version-history":[{"count":1,"href":"https:\/\/sindaopcpb.org.br\/index.php\/wp-json\/wp\/v2\/posts\/32121\/revisions"}],"predecessor-version":[{"id":32122,"href":"https:\/\/sindaopcpb.org.br\/index.php\/wp-json\/wp\/v2\/posts\/32121\/revisions\/32122"}],"wp:attachment":[{"href":"https:\/\/sindaopcpb.org.br\/index.php\/wp-json\/wp\/v2\/media?parent=32121"}],"wp:term":[{"taxonomy":"category","embeddable":true,"href":"https:\/\/sindaopcpb.org.br\/index.php\/wp-json\/wp\/v2\/categories?post=32121"},{"taxonomy":"post_tag","embeddable":true,"href":"https:\/\/sindaopcpb.org.br\/index.php\/wp-json\/wp\/v2\/tags?post=32121"}],"curies":[{"name":"wp","href":"https:\/\/api.w.org\/{rel}","templated":true}]}}