{"id":32115,"date":"2023-08-30T16:06:00","date_gmt":"2023-08-30T19:06:00","guid":{"rendered":"https:\/\/www.infomoney.com.br\/?p=2229845"},"modified":"2023-08-30T16:06:00","modified_gmt":"2023-08-30T19:06:00","slug":"governo-central-tem-deficit-primario-de-r-35933-bi-em-julho-mostra-tesouro","status":"publish","type":"post","link":"https:\/\/sindaopcpb.org.br\/index.php\/2023\/08\/30\/governo-central-tem-deficit-primario-de-r-35933-bi-em-julho-mostra-tesouro\/","title":{"rendered":"Governo central tem d\u00e9ficit prim\u00e1rio de R$ 35,933 bi em julho, mostra Tesouro"},"content":{"rendered":"<p><img loading=\"lazy\" width=\"300\" height=\"200\" src=\"https:\/\/www.infomoney.com.br\/wp-content\/uploads\/2020\/01\/accounting-analytics-balance-black-and-white-209224.jpg?fit=300%2C200&amp;quality=70&amp;strip=all\" class=\"attachment-medium size-medium wp-post-image\" alt=\"C\u00e1lculo de taxas\" decoding=\"async\" style=\"float:right; margin:0 0 10px 10px;\" srcset=\"https:\/\/www.infomoney.com.br\/wp-content\/uploads\/2020\/01\/accounting-analytics-balance-black-and-white-209224.jpg?w=1280&amp;quality=70&amp;strip=all 1280w, https:\/\/www.infomoney.com.br\/wp-content\/uploads\/2020\/01\/accounting-analytics-balance-black-and-white-209224.jpg?w=300&amp;quality=70&amp;strip=all 300w, https:\/\/www.infomoney.com.br\/wp-content\/uploads\/2020\/01\/accounting-analytics-balance-black-and-white-209224.jpg?w=768&amp;quality=70&amp;strip=all 768w, https:\/\/www.infomoney.com.br\/wp-content\/uploads\/2020\/01\/accounting-analytics-balance-black-and-white-209224.jpg?w=150&amp;quality=70&amp;strip=all 150w\" sizes=\"auto, (max-width: 300px) 100vw, 300px\" data-attachment-id=\"1381184\" data-permalink=\"https:\/\/www.infomoney.com.br\/minhas-financas\/cobranca-sobre-limite-de-cheque-especial-passa-a-valer-segunda-bb-itau-e-c6-isentam-clientes\/attachment\/accounting-analytics-balance-black-and-white-209224\/\" data-orig-file=\"https:\/\/www.infomoney.com.br\/wp-content\/uploads\/2020\/01\/accounting-analytics-balance-black-and-white-209224.jpg?fit=1280%2C853&amp;quality=70&amp;strip=all\" data-orig-size=\"1280,853\" data-comments-opened=\"1\" data-image-meta=\"{&quot;aperture&quot;:&quot;0&quot;,&quot;credit&quot;:&quot;&quot;,&quot;camera&quot;:&quot;&quot;,&quot;caption&quot;:&quot;&quot;,&quot;created_timestamp&quot;:&quot;0&quot;,&quot;copyright&quot;:&quot;&quot;,&quot;focal_length&quot;:&quot;0&quot;,&quot;iso&quot;:&quot;0&quot;,&quot;shutter_speed&quot;:&quot;0&quot;,&quot;title&quot;:&quot;&quot;,&quot;orientation&quot;:&quot;0&quot;}\" data-image-title=\"Impostos, juros\" data-image-description=\"&lt;p&gt;Calculadora e caneta sobre planilha&lt;\/p&gt;\n\" data-image-caption=\"&lt;p&gt;(Pexels)&lt;\/p&gt;\n\" data-medium-file=\"https:\/\/www.infomoney.com.br\/wp-content\/uploads\/2020\/01\/accounting-analytics-balance-black-and-white-209224.jpg?fit=300%2C200&amp;quality=70&amp;strip=all\" data-large-file=\"https:\/\/www.infomoney.com.br\/wp-content\/uploads\/2020\/01\/accounting-analytics-balance-black-and-white-209224.jpg?fit=1280%2C853&amp;quality=70&amp;strip=all\" title=\"\"><\/p>\n<p>As contas do Governo Central registraram d&eacute;ficit prim&aacute;rio em julho, quando a diferen&ccedil;a entre as receitas e as despesas ficou negativa em R$ 35,933 bilh&otilde;es. O resultado sucedeu o d&eacute;ficit de R$ 45,223 bilh&otilde;es em junho.<\/p>\n<p>O saldo &ndash; que re&uacute;ne as contas do Tesouro Nacional, Previd&ecirc;ncia Social e Banco Central &ndash; foi o pior desempenho para o m&ecirc;s desde 2020 &ndash; o que faz do resultado do m&ecirc;s passado o segundo maior d&eacute;ficit prim&aacute;rio de julho da s&eacute;rie hist&oacute;rica, iniciada em 1997, em termos reais. Em 2020, em pleno auge da pandemia de covid-19, o recorde negativo foi de R$ 109,646 bilh&otilde;es no m&ecirc;s.<\/p>\n<p>O d&eacute;ficit do m&ecirc;s passado foi maior que a mediana das expectativas do mercado financeiro, que apontava um saldo negativo de R$ 31,900 bilh&otilde;es, de acordo com levantamento do <i>Proje&ccedil;&otilde;es Broadcast<\/i> junto a 22 institui&ccedil;&otilde;es financeiras. O dado de julho ficou dentro do intervalo das estimativas, que variavam entre d&eacute;ficit de R$ 45,000 bilh&otilde;es a super&aacute;vit de R$ 1,680 bilh&atilde;o.<\/p>\n<p>Nos sete primeiros meses do ano, o resultado prim&aacute;rio registrou d&eacute;ficit de R$ 78,246 bilh&otilde;es, o pior resultado desde 2021 em termos reais, quando chegou a R$ 82,958 bilh&otilde;es.<\/p>\n<p>Em julho, as receitas tiveram queda real de 6,9% em rela&ccedil;&atilde;o a igual m&ecirc;s do ano passado. No acumulado do ano, houve baixa de 5,3%. J&aacute; as despesas cresceram 31,3% em julho, j&aacute; descontada a infla&ccedil;&atilde;o. No acumulado de 2023, a varia&ccedil;&atilde;o foi positiva em 8,7%.<\/p>\n<p>Em 12 meses at&eacute; julho, o Governo Central apresenta um d&eacute;ficit prim&aacute;rio de R$ 97 bilh&otilde;es, equivalente a 0,95% do PIB.<\/p>\n<p>A meta fiscal para este ano admite um d&eacute;ficit de at&eacute; R$ 238,2 bilh&otilde;es nas contas do governo. No &uacute;ltimo Relat&oacute;rio Bimestral de Avalia&ccedil;&atilde;o de Receitas e Despesas, publicado em julho, o Minist&eacute;rio do Planejamento e Or&ccedil;amento estimou um resultado deficit&aacute;rio de R$ 145,4 bilh&otilde;es nas contas deste ano, equivalentes a 1,4% do PIB. O Minist&eacute;rio da Fazenda, reitera que o governo ainda mira um d&eacute;ficit de 1,0% do PIB em 2023.<\/p>\n<h2><b>Tesouro tem super&aacute;vit prim&aacute;rio de R$ 7,1 bi em julho<\/b><\/h2>\n<p>As contas do Tesouro Nacional &ndash; incluindo o Banco Central &ndash; registraram um super&aacute;vit prim&aacute;rio de R$ 7,149 bilh&otilde;es em julho, de acordo com dados divulgados nesta quarta-feira pelo Tesouro. No ano, o super&aacute;vit prim&aacute;rio acumulado nas contas do Tesouro Nacional (com BC) &eacute; de R$ 129,820 bilh&otilde;es.<\/p>\n<p>J&aacute; o resultado do INSS foi deficit&aacute;rio em R$ 43,082 bilh&otilde;es no m&ecirc;s passado. Nos primeiros sete meses, o resultado foi negativo em R$ 208,067 bilh&otilde;es. As contas apenas do Banco Central tiveram d&eacute;ficit de R$ 33 milh&otilde;es em julho e de R$ 161 milh&otilde;es no acumulado de 2023 at&eacute; o m&ecirc;s passado.<\/p>\n<h2><b>Despesas sujeitas a teto de gastos sobem a 12,5 % at&eacute; julho<\/b><\/h2>\n<p>As despesas sujeitas ao teto de gastos subiram a 12,5% no acumulado do ano at&eacute; julho na compara&ccedil;&atilde;o com o mesmo per&iacute;odo de 2022, segundo o Tesouro Nacional.<\/p>\n<p>Pela regra do teto, o limite de crescimento das despesas do governo &eacute; a varia&ccedil;&atilde;o acumulada da infla&ccedil;&atilde;o no ano passado. Por&eacute;m, como o governo n&atilde;o ocupou todo o limite previsto em anos anteriores, na pr&aacute;tica h&aacute; uma margem para expans&atilde;o de at&eacute; 18,5%.<\/p>\n<p>As despesas do Poder Executivo variaram 12,7% no per&iacute;odo (a margem nesse caso &eacute; de 18,5%).<\/p>\n<p>A regra do teto ser&aacute; substitu&iacute;da pelo novo arcabou&ccedil;o fiscal, que espera san&ccedil;&atilde;o presidencial ap&oacute;s ter sido aprovado no Congresso Nacional. Pela nova regra, as despesas ser&atilde;o limitadas a 70% do crescimento real das receitas em 12 meses at&eacute; junho do ano anterior, com piso de 0,6% e teto de 2,5%.<\/p>\n<\/p>\n<div class=\"cta-end\">\n<div class=\"im-cta\" >\n<div class=\"im-shortcode-forms bg-light bg-opacity-25 border rounded-4 p-3 p-sm-4 p-md-3 p-lg-4 px-xxl-5 my-5\" data-configuration='{\"form_name\":false,\"form_hat\":\"Newsletter\",\"form_email\":true,\"form_icon\":\"newsletter\",\"form_phone\":false,\"form_campaign\":\"NIM\",\"form_thankyou\":\"\",\"form_journey\":\"APIEvent-26a5198d-8e09-06ef-5f80-cd9127757ad1\",\"form_button\":\"Quero receber\",\"form_context\":\"newsletter\",\"form_origin\":\"https:\\\/\\\/www.infomoney.com.br\\\/politica\\\/feed\\\/?utm_medium=materia&#038;utm_source=infomoney&#038;utm_campaign=NIM&#038;utm_term=politica&#038;utm_content=newsletter\",\"form_position\":\"final\",\"form_category\":\"cta_form\"}'>\n<div class=\"d-flex flex-column align-items-center align-items-lg-start mb-4 flex-lg-row\">\n<div class=\"rounded-circle mb-2 mb-lg-0 mr-lg-4 me-lg-4 p-3 p-lg-4 bg-blue-400\"><svg width=\"40\" height=\"40\" viewBox=\"0 0 40 40\" fill=\"none\" xmlns=\"http:\/\/www.w3.org\/2000\/svg\"><path d=\"M20 20.25 6.042 11.042v19.041c0 .167.048.299.146.396a.535.535 0 0 0 .395.146h15.792V32.5H6.583a2.328 2.328 0 0 1-1.708-.708 2.328 2.328 0 0 1-.708-1.709V9.917c0-.667.236-1.236.708-1.709A2.328 2.328 0 0 1 6.583 7.5h26.834c.666 0 1.236.236 1.708.708a2.33 2.33 0 0 1 .708 1.709v12.458h-1.875V11.042L20 20.25Zm0-2 13.667-8.875H6.333L20 18.25Zm11.75 18.958-1.292-1.333 3.334-3.375h-9v-1.875h9l-3.375-3.417 1.333-1.291 5.667 5.625-5.667 5.666ZM6.042 11.042v20.791-9.458.25-13.25 1.667Z\" fill=\"#fff\"\/><\/svg><\/div>\n<div class=\"flex-fill text-center text-lg-left\">\n<div class=\"h6 small text-orange-700 lh-base mb-1\">Newsletter<\/div>\n<div class=\"text-body h4 m-0\">Infomorning<\/div>\n<div class=\"text-body small lh-base mt-2\">Receba no seu e-mail logo pela manh&atilde; as not&iacute;cias que v&atilde;o mexer com os mercados, com os seus investimentos e o seu bolso durante o dia<\/div>\n<\/div>\n<\/div>\n<\/div>\n<\/div>\n<\/div>\n<p>The post <a rel=\"nofollow noopener\" href=\"https:\/\/www.infomoney.com.br\/politica\/governo-central-tem-deficit-primario-de-r-35933-bi-em-julho-mostra-tesouro\/\" target=\"_blank\">Governo central tem d\u00e9ficit prim\u00e1rio de R$ 35,933 bi em julho, mostra Tesouro<\/a> appeared first on <a rel=\"nofollow noopener\" href=\"https:\/\/www.infomoney.com.br\/\" target=\"_blank\">InfoMoney<\/a>.<\/p>\n","protected":false},"excerpt":{"rendered":"<p><img loading=\"lazy\" decoding=\"async\" width=\"300\" height=\"200\" src=\"https:\/\/www.infomoney.com.br\/wp-content\/uploads\/2020\/01\/accounting-analytics-balance-black-and-white-209224.jpg?fit=300%2C200&amp;quality=70&amp;strip=all\" class=\"attachment-medium size-medium wp-post-image\" alt=\"C\u00e1lculo de taxas\" data-attachment-id=\"1381184\" data-permalink=\"https:\/\/www.infomoney.com.br\/minhas-financas\/cobranca-sobre-limite-de-cheque-especial-passa-a-valer-segunda-bb-itau-e-c6-isentam-clientes\/attachment\/accounting-analytics-balance-black-and-white-209224\/\" data-orig-file=\"https:\/\/www.infomoney.com.br\/wp-content\/uploads\/2020\/01\/accounting-analytics-balance-black-and-white-209224.jpg?fit=1280%2C853&amp;quality=70&amp;strip=all\" data-orig-size=\"1280,853\" data-comments-opened=\"1\" data-image-meta='{\"aperture\":\"0\",\"credit\":\"\",\"camera\":\"\",\"caption\":\"\",\"created_timestamp\":\"0\",\"copyright\":\"\",\"focal_length\":\"0\",\"iso\":\"0\",\"shutter_speed\":\"0\",\"title\":\"\",\"orientation\":\"0\"}' data-image-title=\"Impostos, juros\" data-image-description=\"&lt;p&gt;Calculadora e caneta sobre planilha&lt;\/p&gt;\n\" data-image-caption=\"&lt;p&gt;(Pexels)&lt;\/p&gt;\n\" data-medium-file=\"https:\/\/www.infomoney.com.br\/wp-content\/uploads\/2020\/01\/accounting-analytics-balance-black-and-white-209224.jpg?fit=300%2C200&amp;quality=70&amp;strip=all\" data-large-file=\"https:\/\/www.infomoney.com.br\/wp-content\/uploads\/2020\/01\/accounting-analytics-balance-black-and-white-209224.jpg?fit=1280%2C853&amp;quality=70&amp;strip=all\">Saldo &#8211; que re\u00fane as contas do Tesouro Nacional, Previd\u00eancia Social e Banco Central &#8211; foi o pior desempenho para o m\u00eas desde 2020<\/p>\n<p>The post <a rel=\"nofollow\" href=\"https:\/\/www.infomoney.com.br\/politica\/governo-central-tem-deficit-primario-de-r-35933-bi-em-julho-mostra-tesouro\/\">Governo central tem d\u00e9ficit prim\u00e1rio de R$ 35,933 bi em julho, mostra Tesouro<\/a> appeared first on <a rel=\"nofollow\" href=\"https:\/\/www.infomoney.com.br\/\">InfoMoney<\/a>.<\/p>\n","protected":false},"author":43,"featured_media":0,"comment_status":"closed","ping_status":"closed","sticky":false,"template":"","format":"standard","meta":{"advgb_blocks_editor_width":"","advgb_blocks_columns_visual_guide":"","footnotes":""},"categories":[279,4640,8027,34,141,47,809,810],"tags":[35],"class_list":["post-32115","post","type-post","status-publish","format-standard","hentry","category-banco-central","category-deficit","category-despesas","category-g1","category-gastos-publicos","category-politica","category-receitas","category-superavit-primario","tag-g1"],"author_meta":{"display_name":"Estad\u00e3o Conte\u00fado","author_link":"https:\/\/sindaopcpb.org.br\/author\/estadao-conteudo\/"},"featured_img":null,"coauthors":[],"tax_additional":{"categories":{"linked":["<a href=\"https:\/\/sindaopcpb.org.br\/banco-central\/\" class=\"advgb-post-tax-term\">Banco Central<\/a>","<a href=\"https:\/\/sindaopcpb.org.br\/deficit\/\" class=\"advgb-post-tax-term\">D\u00e9ficit<\/a>","<a href=\"https:\/\/sindaopcpb.org.br\/despesas\/\" class=\"advgb-post-tax-term\">Despesas<\/a>","<a href=\"https:\/\/sindaopcpb.org.br\/g1\/\" class=\"advgb-post-tax-term\">G1<\/a>","<a href=\"https:\/\/sindaopcpb.org.br\/gastos-publicos\/\" class=\"advgb-post-tax-term\">Gastos p\u00fablicos<\/a>","<a href=\"https:\/\/sindaopcpb.org.br\/politica\/\" class=\"advgb-post-tax-term\">POLITICA<\/a>","<a href=\"https:\/\/sindaopcpb.org.br\/receitas\/\" class=\"advgb-post-tax-term\">Receitas<\/a>","<a href=\"https:\/\/sindaopcpb.org.br\/superavit-primario\/\" class=\"advgb-post-tax-term\">Super\u00e1vit Prim\u00e1rio<\/a>"],"unlinked":["<span class=\"advgb-post-tax-term\">Banco Central<\/span>","<span class=\"advgb-post-tax-term\">D\u00e9ficit<\/span>","<span class=\"advgb-post-tax-term\">Despesas<\/span>","<span class=\"advgb-post-tax-term\">G1<\/span>","<span class=\"advgb-post-tax-term\">Gastos p\u00fablicos<\/span>","<span class=\"advgb-post-tax-term\">POLITICA<\/span>","<span class=\"advgb-post-tax-term\">Receitas<\/span>","<span class=\"advgb-post-tax-term\">Super\u00e1vit Prim\u00e1rio<\/span>"]},"tags":{"linked":["<a href=\"https:\/\/sindaopcpb.org.br\/superavit-primario\/\" class=\"advgb-post-tax-term\">g1<\/a>"],"unlinked":["<span class=\"advgb-post-tax-term\">g1<\/span>"]}},"comment_count":"0","relative_dates":{"created":"Publicado 3 anos atr\u00e1s","modified":"Atualizado 3 anos atr\u00e1s"},"absolute_dates":{"created":"Publicado em 30 de agosto de 2023","modified":"Atualizado em 30 de agosto de 2023"},"absolute_dates_time":{"created":"Publicado em 30 de agosto de 2023 16:06","modified":"Atualizado em 30 de agosto de 2023 16:06"},"featured_img_caption":"","series_order":"","_links":{"self":[{"href":"https:\/\/sindaopcpb.org.br\/index.php\/wp-json\/wp\/v2\/posts\/32115","targetHints":{"allow":["GET"]}}],"collection":[{"href":"https:\/\/sindaopcpb.org.br\/index.php\/wp-json\/wp\/v2\/posts"}],"about":[{"href":"https:\/\/sindaopcpb.org.br\/index.php\/wp-json\/wp\/v2\/types\/post"}],"author":[{"embeddable":true,"href":"https:\/\/sindaopcpb.org.br\/index.php\/wp-json\/wp\/v2\/users\/43"}],"replies":[{"embeddable":true,"href":"https:\/\/sindaopcpb.org.br\/index.php\/wp-json\/wp\/v2\/comments?post=32115"}],"version-history":[{"count":1,"href":"https:\/\/sindaopcpb.org.br\/index.php\/wp-json\/wp\/v2\/posts\/32115\/revisions"}],"predecessor-version":[{"id":32116,"href":"https:\/\/sindaopcpb.org.br\/index.php\/wp-json\/wp\/v2\/posts\/32115\/revisions\/32116"}],"wp:attachment":[{"href":"https:\/\/sindaopcpb.org.br\/index.php\/wp-json\/wp\/v2\/media?parent=32115"}],"wp:term":[{"taxonomy":"category","embeddable":true,"href":"https:\/\/sindaopcpb.org.br\/index.php\/wp-json\/wp\/v2\/categories?post=32115"},{"taxonomy":"post_tag","embeddable":true,"href":"https:\/\/sindaopcpb.org.br\/index.php\/wp-json\/wp\/v2\/tags?post=32115"}],"curies":[{"name":"wp","href":"https:\/\/api.w.org\/{rel}","templated":true}]}}