{"id":32109,"date":"2023-08-30T16:22:35","date_gmt":"2023-08-30T19:22:35","guid":{"rendered":"https:\/\/www.infomoney.com.br\/?p=2229905"},"modified":"2023-08-30T16:22:35","modified_gmt":"2023-08-30T19:22:35","slug":"bolsonaro-deve-recorrer-a-corte-internacional-para-reverter-inelegibilidade-diz-costa-neto","status":"publish","type":"post","link":"https:\/\/sindaopcpb.org.br\/index.php\/2023\/08\/30\/bolsonaro-deve-recorrer-a-corte-internacional-para-reverter-inelegibilidade-diz-costa-neto\/","title":{"rendered":"Bolsonaro deve recorrer a corte internacional para reverter inelegibilidade, diz Costa Neto"},"content":{"rendered":"<p><img loading=\"lazy\" width=\"300\" height=\"200\" src=\"https:\/\/www.infomoney.com.br\/wp-content\/uploads\/2022\/10\/52146284949_1594089ace_c.jpg?fit=300%2C200&amp;quality=70&amp;strip=all\" class=\"attachment-medium size-medium wp-post-image\" alt=\"\" decoding=\"async\" style=\"float:right; margin:0 0 10px 10px;\" srcset=\"https:\/\/www.infomoney.com.br\/wp-content\/uploads\/2022\/10\/52146284949_1594089ace_c.jpg?w=799&amp;quality=70&amp;strip=all 799w, https:\/\/www.infomoney.com.br\/wp-content\/uploads\/2022\/10\/52146284949_1594089ace_c.jpg?w=300&amp;quality=70&amp;strip=all 300w, https:\/\/www.infomoney.com.br\/wp-content\/uploads\/2022\/10\/52146284949_1594089ace_c.jpg?w=768&amp;quality=70&amp;strip=all 768w, https:\/\/www.infomoney.com.br\/wp-content\/uploads\/2022\/10\/52146284949_1594089ace_c.jpg?w=150&amp;quality=70&amp;strip=all 150w\" sizes=\"auto, (max-width: 300px) 100vw, 300px\" data-attachment-id=\"1970259\" data-permalink=\"https:\/\/www.infomoney.com.br\/52146284949_1594089ace_c\/\" data-orig-file=\"https:\/\/www.infomoney.com.br\/wp-content\/uploads\/2022\/10\/52146284949_1594089ace_c.jpg?fit=799%2C533&amp;quality=70&amp;strip=all\" data-orig-size=\"799,533\" data-comments-opened=\"0\" data-image-meta=\"{&quot;aperture&quot;:&quot;0&quot;,&quot;credit&quot;:&quot;Alan Santos&quot;,&quot;camera&quot;:&quot;&quot;,&quot;caption&quot;:&quot;&quot;,&quot;created_timestamp&quot;:&quot;0&quot;,&quot;copyright&quot;:&quot;Creative commons attribution&quot;,&quot;focal_length&quot;:&quot;0&quot;,&quot;iso&quot;:&quot;0&quot;,&quot;shutter_speed&quot;:&quot;0&quot;,&quot;title&quot;:&quot;&quot;,&quot;orientation&quot;:&quot;0&quot;}\" data-image-title=\"Jair Bolsonaro\" data-image-description=\"&lt;p&gt;Jair Bolsonaro &lt;\/p&gt;\n\" data-image-caption=\"&lt;p&gt;(Flicker Oficial &#8211; Pal\u00e1cio do Planalto\/ Alan Santos\/PR)&lt;\/p&gt;\n\" data-medium-file=\"https:\/\/www.infomoney.com.br\/wp-content\/uploads\/2022\/10\/52146284949_1594089ace_c.jpg?fit=300%2C200&amp;quality=70&amp;strip=all\" data-large-file=\"https:\/\/www.infomoney.com.br\/wp-content\/uploads\/2022\/10\/52146284949_1594089ace_c.jpg?fit=799%2C533&amp;quality=70&amp;strip=all\" title=\"\"><\/p>\n<p>O presidente nacional o PL, Valdemar Costa Neto, afirmou, nesta quarta-feira (30),que o ex-presidente Jair Bolsonaro se prepara para recorrer a inst&acirc;ncia internacional da Justi&ccedil;a na tentativa de reverter sua inelegibilidade decidida pelo Tribunal Superior Eleitoral (TSE).<\/p>\n<p>Segundo ele, Bolsonaro j&aacute; trata do assunto com advogado do partido, e deve haver uma nova reuni&atilde;o na quinta-feira (31), com a participa&ccedil;&atilde;o de Valdemar, para definir a atua&ccedil;&atilde;o judicial.<\/p>\n<p>&ldquo;Ele j&aacute; est&aacute; com Marcelo Bessa, o nosso advogado, j&aacute; est&aacute; preparado, j&aacute; est&aacute; se preparando para entrar com uma a&ccedil;&atilde;o internacional que ele vai &mdash; amanh&atilde; eu vou me reunir com ele para ver exatamente onde que ele vai entrar, como vai entrar. Porque ele j&aacute; est&aacute; com tudo pronto para entrar&rdquo;, disse o presidente do PL &agrave; CNN Brasil.<\/p>\n<p>&ldquo;Talvez seja na OEA (Organiza&ccedil;&atilde;o dos Estados Americanos). Eu vou saber amanh&atilde;&rdquo;, afirmou Costa Neto. &ldquo;Acho que n&atilde;o &eacute; na corte de Haia (Tribunal Penal Internacional)&rdquo;, afirmou.<\/p>\n<p>Costa Neto disse ainda, na entrevista &agrave; emissora, que Bolsonaro tamb&eacute;m ir&aacute; recorrer ao Supremo Tribunal Federal (STF) da decis&atilde;o que o tornou ineleg&iacute;vel.<\/p>\n<p>No fim de junho, o TSE tornou o ex-presidente ineleg&iacute;vel at&eacute; 2030, por 5 votos a 2, em a&ccedil;&atilde;o a que respondeu por ter promovido, quando presidia o pa&iacute;s em julho passado, uma reuni&atilde;o com embaixadores no Pal&aacute;cio da Alvorada para atacar o sistema eletr&ocirc;nico de vota&ccedil;&atilde;o.<\/p>\n<p>&Agrave; &eacute;poca, Bolsonaro considerou a decis&atilde;o da corte eleitoral uma &ldquo;facada nas costas&rdquo;.<\/p>\n<p>Nesta quarta, Costa Neto n&atilde;o descartou a possibilidade de Bolsonaro se candidatar. Afastou, no entanto, a ideia de que a ex-primeira dama, Michelle Bolsonaro, seja um &ldquo;plano B&rdquo; do partido para a pr&oacute;xima disputa presidencial.<\/p>\n<\/p>\n<div class=\"cta-end\">\n<div class=\"im-cta\" >\n<div class=\"im-shortcode-forms bg-light bg-opacity-25 border rounded-4 p-3 p-sm-4 p-md-3 p-lg-4 px-xxl-5 my-5\" data-configuration='{\"form_name\":false,\"form_hat\":\"Newsletter\",\"form_email\":true,\"form_icon\":\"newsletter\",\"form_phone\":false,\"form_campaign\":\"NIM\",\"form_thankyou\":\"\",\"form_journey\":\"APIEvent-26a5198d-8e09-06ef-5f80-cd9127757ad1\",\"form_button\":\"Quero receber\",\"form_context\":\"newsletter\",\"form_origin\":\"https:\\\/\\\/www.infomoney.com.br\\\/politica\\\/feed\\\/?utm_medium=materia&#038;utm_source=infomoney&#038;utm_campaign=NIM&#038;utm_term=politica&#038;utm_content=newsletter\",\"form_position\":\"final\",\"form_category\":\"cta_form\"}'>\n<div class=\"d-flex flex-column align-items-center align-items-lg-start mb-4 flex-lg-row\">\n<div class=\"rounded-circle mb-2 mb-lg-0 mr-lg-4 me-lg-4 p-3 p-lg-4 bg-blue-400\"><svg width=\"40\" height=\"40\" viewBox=\"0 0 40 40\" fill=\"none\" xmlns=\"http:\/\/www.w3.org\/2000\/svg\"><path d=\"M20 20.25 6.042 11.042v19.041c0 .167.048.299.146.396a.535.535 0 0 0 .395.146h15.792V32.5H6.583a2.328 2.328 0 0 1-1.708-.708 2.328 2.328 0 0 1-.708-1.709V9.917c0-.667.236-1.236.708-1.709A2.328 2.328 0 0 1 6.583 7.5h26.834c.666 0 1.236.236 1.708.708a2.33 2.33 0 0 1 .708 1.709v12.458h-1.875V11.042L20 20.25Zm0-2 13.667-8.875H6.333L20 18.25Zm11.75 18.958-1.292-1.333 3.334-3.375h-9v-1.875h9l-3.375-3.417 1.333-1.291 5.667 5.625-5.667 5.666ZM6.042 11.042v20.791-9.458.25-13.25 1.667Z\" fill=\"#fff\"\/><\/svg><\/div>\n<div class=\"flex-fill text-center text-lg-left\">\n<div class=\"h6 small text-orange-700 lh-base mb-1\">Newsletter<\/div>\n<div class=\"text-body h4 m-0\">Infomorning<\/div>\n<div class=\"text-body small lh-base mt-2\">Receba no seu e-mail logo pela manh&atilde; as not&iacute;cias que v&atilde;o mexer com os mercados, com os seus investimentos e o seu bolso durante o dia<\/div>\n<\/div>\n<\/div>\n<\/div>\n<\/div>\n<\/div>\n<p>The post <a rel=\"nofollow noopener\" href=\"https:\/\/www.infomoney.com.br\/politica\/bolsonaro-deve-recorrer-a-corte-internacional-para-reverter-inelegibilidade-diz-costa-neto\/\" target=\"_blank\">Bolsonaro deve recorrer a corte internacional para reverter inelegibilidade, diz Costa Neto<\/a> appeared first on <a rel=\"nofollow noopener\" href=\"https:\/\/www.infomoney.com.br\/\" target=\"_blank\">InfoMoney<\/a>.<\/p>\n","protected":false},"excerpt":{"rendered":"<p><img loading=\"lazy\" decoding=\"async\" width=\"300\" height=\"200\" src=\"https:\/\/www.infomoney.com.br\/wp-content\/uploads\/2022\/10\/52146284949_1594089ace_c.jpg?fit=300%2C200&amp;quality=70&amp;strip=all\" class=\"attachment-medium size-medium wp-post-image\" alt=\"\" data-attachment-id=\"1970259\" data-permalink=\"https:\/\/www.infomoney.com.br\/52146284949_1594089ace_c\/\" data-orig-file=\"https:\/\/www.infomoney.com.br\/wp-content\/uploads\/2022\/10\/52146284949_1594089ace_c.jpg?fit=799%2C533&amp;quality=70&amp;strip=all\" data-orig-size=\"799,533\" data-comments-opened=\"0\" data-image-meta='{\"aperture\":\"0\",\"credit\":\"Alan Santos\",\"camera\":\"\",\"caption\":\"\",\"created_timestamp\":\"0\",\"copyright\":\"Creative commons attribution\",\"focal_length\":\"0\",\"iso\":\"0\",\"shutter_speed\":\"0\",\"title\":\"\",\"orientation\":\"0\"}' data-image-title=\"Jair Bolsonaro\" data-image-description=\"&lt;p&gt;Jair Bolsonaro &lt;\/p&gt;\n\" data-image-caption=\"&lt;p&gt;(Flicker Oficial \u2013 Pal\u00e1cio do Planalto\/ Alan Santos\/PR)&lt;\/p&gt;\n\" data-medium-file=\"https:\/\/www.infomoney.com.br\/wp-content\/uploads\/2022\/10\/52146284949_1594089ace_c.jpg?fit=300%2C200&amp;quality=70&amp;strip=all\" data-large-file=\"https:\/\/www.infomoney.com.br\/wp-content\/uploads\/2022\/10\/52146284949_1594089ace_c.jpg?fit=799%2C533&amp;quality=70&amp;strip=all\">TSE tornou o ex-presidente ineleg\u00edvel at\u00e9 2030, por 5 votos a 2, em a\u00e7\u00e3o por ter promovido reuni\u00e3o com embaixadores para atacar o sistema de vota\u00e7\u00e3o<\/p>\n<p>The post <a rel=\"nofollow\" href=\"https:\/\/www.infomoney.com.br\/politica\/bolsonaro-deve-recorrer-a-corte-internacional-para-reverter-inelegibilidade-diz-costa-neto\/\">Bolsonaro deve recorrer a corte internacional para reverter inelegibilidade, diz Costa Neto<\/a> appeared first on <a rel=\"nofollow\" href=\"https:\/\/www.infomoney.com.br\/\">InfoMoney<\/a>.<\/p>\n","protected":false},"author":46,"featured_media":0,"comment_status":"closed","ping_status":"closed","sticky":false,"template":"","format":"standard","meta":{"advgb_blocks_editor_width":"","advgb_blocks_columns_visual_guide":"","footnotes":""},"categories":[34,135,47,464,2162],"tags":[35],"class_list":["post-32109","post","type-post","status-publish","format-standard","hentry","category-g1","category-jair-bolsonaro","category-politica","category-tse","category-valdemar-costa-neto","tag-g1"],"author_meta":{"display_name":"Reuters","author_link":"https:\/\/sindaopcpb.org.br\/author\/reuters\/"},"featured_img":null,"coauthors":[],"tax_additional":{"categories":{"linked":["<a href=\"https:\/\/sindaopcpb.org.br\/g1\/\" class=\"advgb-post-tax-term\">G1<\/a>","<a href=\"https:\/\/sindaopcpb.org.br\/jair-bolsonaro\/\" class=\"advgb-post-tax-term\">Jair Bolsonaro<\/a>","<a href=\"https:\/\/sindaopcpb.org.br\/politica\/\" class=\"advgb-post-tax-term\">POLITICA<\/a>","<a href=\"https:\/\/sindaopcpb.org.br\/tse\/\" class=\"advgb-post-tax-term\">TSE<\/a>","<a href=\"https:\/\/sindaopcpb.org.br\/valdemar-costa-neto\/\" class=\"advgb-post-tax-term\">Valdemar Costa Neto<\/a>"],"unlinked":["<span class=\"advgb-post-tax-term\">G1<\/span>","<span class=\"advgb-post-tax-term\">Jair Bolsonaro<\/span>","<span class=\"advgb-post-tax-term\">POLITICA<\/span>","<span class=\"advgb-post-tax-term\">TSE<\/span>","<span class=\"advgb-post-tax-term\">Valdemar Costa Neto<\/span>"]},"tags":{"linked":["<a href=\"https:\/\/sindaopcpb.org.br\/valdemar-costa-neto\/\" class=\"advgb-post-tax-term\">g1<\/a>"],"unlinked":["<span class=\"advgb-post-tax-term\">g1<\/span>"]}},"comment_count":"0","relative_dates":{"created":"Publicado 3 anos atr\u00e1s","modified":"Atualizado 3 anos atr\u00e1s"},"absolute_dates":{"created":"Publicado em 30 de agosto de 2023","modified":"Atualizado em 30 de agosto de 2023"},"absolute_dates_time":{"created":"Publicado em 30 de agosto de 2023 16:22","modified":"Atualizado em 30 de agosto de 2023 16:22"},"featured_img_caption":"","series_order":"","_links":{"self":[{"href":"https:\/\/sindaopcpb.org.br\/index.php\/wp-json\/wp\/v2\/posts\/32109","targetHints":{"allow":["GET"]}}],"collection":[{"href":"https:\/\/sindaopcpb.org.br\/index.php\/wp-json\/wp\/v2\/posts"}],"about":[{"href":"https:\/\/sindaopcpb.org.br\/index.php\/wp-json\/wp\/v2\/types\/post"}],"author":[{"embeddable":true,"href":"https:\/\/sindaopcpb.org.br\/index.php\/wp-json\/wp\/v2\/users\/46"}],"replies":[{"embeddable":true,"href":"https:\/\/sindaopcpb.org.br\/index.php\/wp-json\/wp\/v2\/comments?post=32109"}],"version-history":[{"count":2,"href":"https:\/\/sindaopcpb.org.br\/index.php\/wp-json\/wp\/v2\/posts\/32109\/revisions"}],"predecessor-version":[{"id":32148,"href":"https:\/\/sindaopcpb.org.br\/index.php\/wp-json\/wp\/v2\/posts\/32109\/revisions\/32148"}],"wp:attachment":[{"href":"https:\/\/sindaopcpb.org.br\/index.php\/wp-json\/wp\/v2\/media?parent=32109"}],"wp:term":[{"taxonomy":"category","embeddable":true,"href":"https:\/\/sindaopcpb.org.br\/index.php\/wp-json\/wp\/v2\/categories?post=32109"},{"taxonomy":"post_tag","embeddable":true,"href":"https:\/\/sindaopcpb.org.br\/index.php\/wp-json\/wp\/v2\/tags?post=32109"}],"curies":[{"name":"wp","href":"https:\/\/api.w.org\/{rel}","templated":true}]}}