{"id":32108,"date":"2023-08-30T14:46:53","date_gmt":"2023-08-30T17:46:53","guid":{"rendered":"https:\/\/wpa.wscom.com.br\/?p=920537"},"modified":"2023-08-30T14:46:53","modified_gmt":"2023-08-30T17:46:53","slug":"categoria-tecnico-administrativa-das-universidades-federais-na-paraiba-critica-anuncio-de-reajuste-de-1-feito-pelo-governo","status":"publish","type":"post","link":"https:\/\/sindaopcpb.org.br\/index.php\/2023\/08\/30\/categoria-tecnico-administrativa-das-universidades-federais-na-paraiba-critica-anuncio-de-reajuste-de-1-feito-pelo-governo\/","title":{"rendered":"Categoria t\u00e9cnico-administrativa das universidades federais na Para\u00edba critica an\u00fancio de reajuste de 1% feito pelo Governo"},"content":{"rendered":"<p>O Sindicato dos Trabalhadores t\u00e9cnico-administrativos das universidades p\u00fablicas da Para\u00edba (Sintes-PB), representante da categoria no estado, recebeu com indigna\u00e7\u00e3o a proposta apresentada pelo Governo durante a 4\u00aa Rodada da Mesa Nacional de Negocia\u00e7\u00e3o, realizada ontem(29), em Bras\u00edlia.<\/p>\n<p>O documento apresentado pelo Minist\u00e9rio da Gest\u00e3o e Inova\u00e7\u00e3o n\u00e3o prev\u00ea \u00edndice de reajuste salarial em 2024, sob a justificativa de que foi feita uma reserva no or\u00e7amento federal para o pr\u00f3ximo ano de apenas R$ 1,5 bilh\u00e3o destinado ao funcionalismo p\u00fablico, o que representaria um reajuste de apenas 1%.<\/p>\n<p>As entidades presentes \u00e0 Mesa de Negocia\u00e7\u00e3o manifestaram-se contr\u00e1rias a esse \u00ednfimo percentual, por consider\u00e1-lo insuficiente para suprir a demanda de recomposi\u00e7\u00e3o necess\u00e1ria para cobrir as perdas inflacion\u00e1rias enfrentadas pelo funcionalismo p\u00fablico, que passam de 30%.<\/p>\n<p>A nota divulgada \u00e0 imprensa pela bancada federal, assinada por todas as centrais sindicais, ainda traz a preocupa\u00e7\u00e3o quanto \u00e0 falta de prioridade dada \u00e0s pautas n\u00e3o remunerat\u00f3rias e, em particular, a aus\u00eancia de qualquer manifesta\u00e7\u00e3o a respeito da revoga\u00e7\u00e3o do Decreto 10.620\/2021, que disp\u00f5e sobre a compet\u00eancia para a concess\u00e3o e a manuten\u00e7\u00e3o das aposentadorias e pens\u00f5es do regime pr\u00f3prio da previd\u00eancia social da Uni\u00e3o no \u00e2mbito da administra\u00e7\u00e3o p\u00fablica.<\/p>\n<p>Ao final da reuni\u00e3o, os representantes sindicais decidiram convocar uma plen\u00e1ria nacional dos servidores p\u00fablicos para discutir um calend\u00e1rio de mobiliza\u00e7\u00e3o, inclusive com possibilidade de greve.<\/p>\n<p>A Dire\u00e7\u00e3o Colegiada do Sintespb, por meio da Coordena\u00e7\u00e3o Geral, referenda a posi\u00e7\u00e3o j\u00e1 manifestada pelas entidades nacionais e defende o movimento j\u00e1 acenado pelo Conaserf. \u201cA luta vai ser ferrenha, n\u00f3s vamos acompanhar todas as orienta\u00e7\u00f5es que forem encaminhadas por nossa Federa\u00e7\u00e3o e chamar a categoria para ir \u00e0s ruas, mostrar a nossa cara de descontentamento contra esse aumento rid\u00edculo que nos foi oferecido. Vamos exigir respeito e dignidade\u201d, desabafou Eur\u00eddice Almeida, em nome da Dire\u00e7\u00e3o.<\/p>\n<p>O post <a rel=\"nofollow noopener\" href=\"https:\/\/wscom.com.br\/categoria-tecnico-administrativa-das-universidades-federais-na-paraiba-critica-anuncio-de-reajuste-de-1-feito-pelo-governo\/\" target=\"_blank\">Categoria t\u00e9cnico-administrativa das universidades federais na Para\u00edba critica an\u00fancio de reajuste de 1% feito pelo Governo<\/a> apareceu primeiro em <a rel=\"nofollow noopener\" href=\"https:\/\/wscom.com.br\/\" target=\"_blank\">WSCOM<\/a>.<\/p>\n","protected":false},"excerpt":{"rendered":"<p>O Sindicato dos Trabalhadores t\u00e9cnico-administrativos das universidades p\u00fablicas da Para\u00edba (Sintes-PB), representante da categoria no estado, recebeu com indigna\u00e7\u00e3o a proposta apresentada pelo Governo durante a 4\u00aa Rodada da Mesa Nacional de Negocia\u00e7\u00e3o, realizada ontem(29), em Bras\u00edlia. O documento apresentado pelo Minist\u00e9rio da Gest\u00e3o e Inova\u00e7\u00e3o n\u00e3o prev\u00ea \u00edndice de reajuste salarial em 2024, sob [\u2026]<\/p>\n<p>O post <a rel=\"nofollow\" href=\"https:\/\/wscom.com.br\/categoria-tecnico-administrativa-das-universidades-federais-na-paraiba-critica-anuncio-de-reajuste-de-1-feito-pelo-governo\/\">Categoria t\u00e9cnico-administrativa das universidades federais na Para\u00edba critica an\u00fancio de reajuste de 1% feito pelo Governo<\/a> apareceu primeiro em <a rel=\"nofollow\" href=\"https:\/\/wscom.com.br\/\">WSCOM<\/a>.<\/p>\n","protected":false},"author":49,"featured_media":0,"comment_status":"closed","ping_status":"closed","sticky":false,"template":"","format":"standard","meta":{"advgb_blocks_editor_width":"","advgb_blocks_columns_visual_guide":"","footnotes":""},"categories":[8451,69,34,47,8452],"tags":[35],"class_list":["post-32108","post","type-post","status-publish","format-standard","hentry","category-categoria-tecnico-administrativa","category-economia","category-g1","category-politica","category-universidades-federais-na-paraiba","tag-g1"],"author_meta":{"display_name":"Cristiane Cavalcante","author_link":"https:\/\/sindaopcpb.org.br\/author\/cristiane-cavalcante\/"},"featured_img":null,"coauthors":[],"tax_additional":{"categories":{"linked":["<a href=\"https:\/\/sindaopcpb.org.br\/categoria-tecnico-administrativa\/\" class=\"advgb-post-tax-term\">Categoria t\u00e9cnico-administrativa<\/a>","<a href=\"https:\/\/sindaopcpb.org.br\/economia\/\" class=\"advgb-post-tax-term\">Economia<\/a>","<a href=\"https:\/\/sindaopcpb.org.br\/g1\/\" class=\"advgb-post-tax-term\">G1<\/a>","<a href=\"https:\/\/sindaopcpb.org.br\/politica\/\" class=\"advgb-post-tax-term\">POLITICA<\/a>","<a href=\"https:\/\/sindaopcpb.org.br\/universidades-federais-na-paraiba\/\" class=\"advgb-post-tax-term\">universidades federais na Para\u00edba<\/a>"],"unlinked":["<span class=\"advgb-post-tax-term\">Categoria t\u00e9cnico-administrativa<\/span>","<span class=\"advgb-post-tax-term\">Economia<\/span>","<span class=\"advgb-post-tax-term\">G1<\/span>","<span class=\"advgb-post-tax-term\">POLITICA<\/span>","<span class=\"advgb-post-tax-term\">universidades federais na Para\u00edba<\/span>"]},"tags":{"linked":["<a href=\"https:\/\/sindaopcpb.org.br\/universidades-federais-na-paraiba\/\" class=\"advgb-post-tax-term\">g1<\/a>"],"unlinked":["<span class=\"advgb-post-tax-term\">g1<\/span>"]}},"comment_count":"0","relative_dates":{"created":"Publicado 3 anos atr\u00e1s","modified":"Atualizado 3 anos atr\u00e1s"},"absolute_dates":{"created":"Publicado em 30 de agosto de 2023","modified":"Atualizado em 30 de agosto de 2023"},"absolute_dates_time":{"created":"Publicado em 30 de agosto de 2023 14:46","modified":"Atualizado em 30 de agosto de 2023 14:46"},"featured_img_caption":"","series_order":"","_links":{"self":[{"href":"https:\/\/sindaopcpb.org.br\/index.php\/wp-json\/wp\/v2\/posts\/32108","targetHints":{"allow":["GET"]}}],"collection":[{"href":"https:\/\/sindaopcpb.org.br\/index.php\/wp-json\/wp\/v2\/posts"}],"about":[{"href":"https:\/\/sindaopcpb.org.br\/index.php\/wp-json\/wp\/v2\/types\/post"}],"author":[{"embeddable":true,"href":"https:\/\/sindaopcpb.org.br\/index.php\/wp-json\/wp\/v2\/users\/49"}],"replies":[{"embeddable":true,"href":"https:\/\/sindaopcpb.org.br\/index.php\/wp-json\/wp\/v2\/comments?post=32108"}],"version-history":[{"count":0,"href":"https:\/\/sindaopcpb.org.br\/index.php\/wp-json\/wp\/v2\/posts\/32108\/revisions"}],"wp:attachment":[{"href":"https:\/\/sindaopcpb.org.br\/index.php\/wp-json\/wp\/v2\/media?parent=32108"}],"wp:term":[{"taxonomy":"category","embeddable":true,"href":"https:\/\/sindaopcpb.org.br\/index.php\/wp-json\/wp\/v2\/categories?post=32108"},{"taxonomy":"post_tag","embeddable":true,"href":"https:\/\/sindaopcpb.org.br\/index.php\/wp-json\/wp\/v2\/tags?post=32108"}],"curies":[{"name":"wp","href":"https:\/\/api.w.org\/{rel}","templated":true}]}}