{"id":32037,"date":"2023-08-30T10:28:20","date_gmt":"2023-08-30T13:28:20","guid":{"rendered":"https:\/\/wpa.wscom.com.br\/?p=920482"},"modified":"2023-08-30T10:28:20","modified_gmt":"2023-08-30T13:28:20","slug":"folia-de-rua-busca-audiencia-com-prefeito-cicero-para-se-posicionar-contra-proposta-da-via-folia-e-apresentar-projetos-para-alem-de-2024","status":"publish","type":"post","link":"https:\/\/sindaopcpb.org.br\/index.php\/2023\/08\/30\/folia-de-rua-busca-audiencia-com-prefeito-cicero-para-se-posicionar-contra-proposta-da-via-folia-e-apresentar-projetos-para-alem-de-2024\/","title":{"rendered":"Folia de Rua busca audi\u00eancia com prefeito C\u00edcero para se posicionar contra proposta da Via Folia e apresentar projetos para al\u00e9m de 2024"},"content":{"rendered":"<p>&nbsp;<\/p>\n<p>&nbsp;<\/p>\n<p>O presidente e diretor da Associa\u00e7\u00e3o Folia de Rua, S\u00e9rgio Nobrega e Jairo Pessoa, respectivamente, se reuniram em caf\u00e9-da-manh\u00e3 com o l\u00edder do Governo na C\u00e2mara Municipal, vereador Bruno Farias, para buscar audi\u00eancia com o prefeito C\u00edcero Lucena visando refor\u00e7ar a for\u00e7a cultural do Folia, bem como construir solu\u00e7\u00e3o imediata diante de projeto do vereador Marcilio do HBE no que se refere \u00e0 Via Folia, corredor de diversos blocos na avenida. A reuni\u00e3o foi sugerida pelo multim\u00eddia e ativista cultural Walter Santos.<\/p>\n<p>Sergio Nobrega fez ver ao l\u00edder que a rea\u00e7\u00e3o contr\u00e1ria \u00e0 proposta de Marcilio extrapola o universo dos blocos filiados ou convidados do Folia de Rua, pois envolve segmentos dos artistas, movimentos organizados da sociedade, ambulantes e a cidade de uma maneira geral.<\/p>\n<p>Jairo Pessoa chegou a argumentar que h\u00e1 quem defenda posi\u00e7\u00e3o mais radical at\u00e9 expulsando blocos (s\u00e3o dois de cord\u00e3o de isolamento) por contrariarem \u00e0s normas e perfil do Folia de Rua.<\/p>\n<p>Bruno Farias ouviu as demandas dos dirigentes, entre as quais de querer apresentar ao prefeito a estrutura do Folia de Rua envolvendo atividades sociais e culturais para os pr\u00f3ximos tempos, bem como a organiza\u00e7\u00e3o em si da festa em 2024 diante da autossustenta\u00e7\u00e3o do evento em entendimentos com a PMJP.<\/p>\n<p>Ele disse ao final que ainda nesta quarta-feira estar\u00e1 construindo a agenda\u00a0com\u00a0o\u00a0prefeito.<\/p>\n<p>O post <a rel=\"nofollow noopener\" href=\"https:\/\/wscom.com.br\/folia-de-rua-busca-audiencia-com-prefeito-cicero-para-se-posicionar-contra-proposta-da-via-folia-e-apresentar-projetos-para-alem-de-2024\/\" target=\"_blank\">Folia de Rua busca audi\u00eancia com prefeito C\u00edcero para se posicionar contra proposta da Via Folia e apresentar projetos para al\u00e9m de 2024<\/a> apareceu primeiro em <a rel=\"nofollow noopener\" href=\"https:\/\/wscom.com.br\/\" target=\"_blank\">WSCOM<\/a>.<\/p>\n","protected":false},"excerpt":{"rendered":"<p>\u00a0 \u00a0 O presidente e diretor da Associa\u00e7\u00e3o Folia de Rua, S\u00e9rgio Nobrega e Jairo Pessoa, respectivamente, se reuniram em caf\u00e9-da-manh\u00e3 com o l\u00edder do Governo na C\u00e2mara Municipal, vereador Bruno Farias, para buscar audi\u00eancia com o prefeito C\u00edcero Lucena visando refor\u00e7ar a for\u00e7a cultural do Folia, bem como construir solu\u00e7\u00e3o imediata diante de projeto [\u2026]<\/p>\n<p>O post <a rel=\"nofollow\" href=\"https:\/\/wscom.com.br\/folia-de-rua-busca-audiencia-com-prefeito-cicero-para-se-posicionar-contra-proposta-da-via-folia-e-apresentar-projetos-para-alem-de-2024\/\">Folia de Rua busca audi\u00eancia com prefeito C\u00edcero para se posicionar contra proposta da Via Folia e apresentar projetos para al\u00e9m de 2024<\/a> apareceu primeiro em <a rel=\"nofollow\" href=\"https:\/\/wscom.com.br\/\">WSCOM<\/a>.<\/p>\n","protected":false},"author":42,"featured_media":0,"comment_status":"closed","ping_status":"closed","sticky":false,"template":"","format":"standard","meta":{"advgb_blocks_editor_width":"","advgb_blocks_columns_visual_guide":"","footnotes":""},"categories":[4266,7423,227,170,8358,34,8425,8426],"tags":[35],"class_list":["post-32037","post","type-post","status-publish","format-standard","hentry","category-audiencia","category-bruno-farias","category-cicero-lucena","category-cultura","category-folia-de-rua","category-g1","category-jairo-pessoa","category-sergio-nobrega","tag-g1"],"author_meta":{"display_name":"Rafael Andrade","author_link":"https:\/\/sindaopcpb.org.br\/author\/rafael-andrade\/"},"featured_img":null,"coauthors":[],"tax_additional":{"categories":{"linked":["<a href=\"https:\/\/sindaopcpb.org.br\/audiencia\/\" class=\"advgb-post-tax-term\">Audi\u00eancia<\/a>","<a href=\"https:\/\/sindaopcpb.org.br\/bruno-farias\/\" class=\"advgb-post-tax-term\">bruno farias<\/a>","<a href=\"https:\/\/sindaopcpb.org.br\/cicero-lucena\/\" class=\"advgb-post-tax-term\">cicero lucena<\/a>","<a href=\"https:\/\/sindaopcpb.org.br\/cultura\/\" class=\"advgb-post-tax-term\">Cultura<\/a>","<a href=\"https:\/\/sindaopcpb.org.br\/folia-de-rua\/\" class=\"advgb-post-tax-term\">folia de rua<\/a>","<a href=\"https:\/\/sindaopcpb.org.br\/g1\/\" class=\"advgb-post-tax-term\">G1<\/a>","<a href=\"https:\/\/sindaopcpb.org.br\/jairo-pessoa\/\" class=\"advgb-post-tax-term\">Jairo Pessoa<\/a>","<a href=\"https:\/\/sindaopcpb.org.br\/sergio-nobrega\/\" class=\"advgb-post-tax-term\">S\u00e9rgio N\u00f3brega<\/a>"],"unlinked":["<span class=\"advgb-post-tax-term\">Audi\u00eancia<\/span>","<span class=\"advgb-post-tax-term\">bruno farias<\/span>","<span class=\"advgb-post-tax-term\">cicero lucena<\/span>","<span class=\"advgb-post-tax-term\">Cultura<\/span>","<span class=\"advgb-post-tax-term\">folia de rua<\/span>","<span class=\"advgb-post-tax-term\">G1<\/span>","<span class=\"advgb-post-tax-term\">Jairo Pessoa<\/span>","<span class=\"advgb-post-tax-term\">S\u00e9rgio N\u00f3brega<\/span>"]},"tags":{"linked":["<a href=\"https:\/\/sindaopcpb.org.br\/sergio-nobrega\/\" class=\"advgb-post-tax-term\">g1<\/a>"],"unlinked":["<span class=\"advgb-post-tax-term\">g1<\/span>"]}},"comment_count":"0","relative_dates":{"created":"Publicado 3 anos atr\u00e1s","modified":"Atualizado 3 anos atr\u00e1s"},"absolute_dates":{"created":"Publicado em 30 de agosto de 2023","modified":"Atualizado em 30 de agosto de 2023"},"absolute_dates_time":{"created":"Publicado em 30 de agosto de 2023 10:28","modified":"Atualizado em 30 de agosto de 2023 10:28"},"featured_img_caption":"","series_order":"","_links":{"self":[{"href":"https:\/\/sindaopcpb.org.br\/index.php\/wp-json\/wp\/v2\/posts\/32037","targetHints":{"allow":["GET"]}}],"collection":[{"href":"https:\/\/sindaopcpb.org.br\/index.php\/wp-json\/wp\/v2\/posts"}],"about":[{"href":"https:\/\/sindaopcpb.org.br\/index.php\/wp-json\/wp\/v2\/types\/post"}],"author":[{"embeddable":true,"href":"https:\/\/sindaopcpb.org.br\/index.php\/wp-json\/wp\/v2\/users\/42"}],"replies":[{"embeddable":true,"href":"https:\/\/sindaopcpb.org.br\/index.php\/wp-json\/wp\/v2\/comments?post=32037"}],"version-history":[{"count":0,"href":"https:\/\/sindaopcpb.org.br\/index.php\/wp-json\/wp\/v2\/posts\/32037\/revisions"}],"wp:attachment":[{"href":"https:\/\/sindaopcpb.org.br\/index.php\/wp-json\/wp\/v2\/media?parent=32037"}],"wp:term":[{"taxonomy":"category","embeddable":true,"href":"https:\/\/sindaopcpb.org.br\/index.php\/wp-json\/wp\/v2\/categories?post=32037"},{"taxonomy":"post_tag","embeddable":true,"href":"https:\/\/sindaopcpb.org.br\/index.php\/wp-json\/wp\/v2\/tags?post=32037"}],"curies":[{"name":"wp","href":"https:\/\/api.w.org\/{rel}","templated":true}]}}