{"id":32028,"date":"2023-08-30T09:49:00","date_gmt":"2023-08-30T12:49:00","guid":{"rendered":"https:\/\/www.infomoney.com.br\/?p=2229050"},"modified":"2023-08-30T09:49:00","modified_gmt":"2023-08-30T12:49:00","slug":"figueiredo-sugere-pec-de-reducao-previdenciaria-a-municipios-para-evitar-inconstitucionalidade","status":"publish","type":"post","link":"https:\/\/sindaopcpb.org.br\/index.php\/2023\/08\/30\/figueiredo-sugere-pec-de-reducao-previdenciaria-a-municipios-para-evitar-inconstitucionalidade\/","title":{"rendered":"Figueiredo sugere PEC de redu\u00e7\u00e3o previdenci\u00e1ria a munic\u00edpios para evitar inconstitucionalidade"},"content":{"rendered":"<p><img loading=\"lazy\" width=\"300\" height=\"200\" src=\"https:\/\/www.infomoney.com.br\/wp-content\/uploads\/2019\/06\/andre-figueiredo-1.jpg?fit=300%2C200&amp;quality=70&amp;strip=all\" class=\"attachment-medium size-medium wp-post-image\" alt=\"\" decoding=\"async\" style=\"float:right; margin:0 0 10px 10px;\" srcset=\"https:\/\/www.infomoney.com.br\/wp-content\/uploads\/2019\/06\/andre-figueiredo-1.jpg?w=800&amp;quality=70&amp;strip=all 800w, https:\/\/www.infomoney.com.br\/wp-content\/uploads\/2019\/06\/andre-figueiredo-1.jpg?w=300&amp;quality=70&amp;strip=all 300w, https:\/\/www.infomoney.com.br\/wp-content\/uploads\/2019\/06\/andre-figueiredo-1.jpg?w=768&amp;quality=70&amp;strip=all 768w, https:\/\/www.infomoney.com.br\/wp-content\/uploads\/2019\/06\/andre-figueiredo-1.jpg?w=150&amp;quality=70&amp;strip=all 150w\" sizes=\"auto, (max-width: 300px) 100vw, 300px\" data-attachment-id=\"48073\" data-permalink=\"https:\/\/www.infomoney.com.br\/andre-figueiredo-1\/\" data-orig-file=\"https:\/\/www.infomoney.com.br\/wp-content\/uploads\/2019\/06\/andre-figueiredo-1.jpg?fit=800%2C532&amp;quality=70&amp;strip=all\" data-orig-size=\"800,532\" data-comments-opened=\"1\" data-image-meta=\"{&quot;aperture&quot;:&quot;0&quot;,&quot;credit&quot;:&quot;&quot;,&quot;camera&quot;:&quot;&quot;,&quot;caption&quot;:&quot;&quot;,&quot;created_timestamp&quot;:&quot;0&quot;,&quot;copyright&quot;:&quot;&quot;,&quot;focal_length&quot;:&quot;0&quot;,&quot;iso&quot;:&quot;0&quot;,&quot;shutter_speed&quot;:&quot;0&quot;,&quot;title&quot;:&quot;&quot;,&quot;orientation&quot;:&quot;0&quot;}\" data-image-title=\"andre-figueiredo-1\" data-image-description=\"\" data-image-caption=\"\" data-medium-file=\"https:\/\/www.infomoney.com.br\/wp-content\/uploads\/2019\/06\/andre-figueiredo-1.jpg?fit=300%2C200&amp;quality=70&amp;strip=all\" data-large-file=\"https:\/\/www.infomoney.com.br\/wp-content\/uploads\/2019\/06\/andre-figueiredo-1.jpg?fit=800%2C532&amp;quality=70&amp;strip=all\" title=\"\"><\/p>\n<p>O l&iacute;der do maior bloco da C&acirc;mara &ndash; que re&uacute;ne 174 deputados dos partidos Uni&atilde;o Brasil, PP, PSDB, Cidadania, PSB, Avante, Solidariedade, Patriota e PDT &ndash; Andr&eacute; Figueiredo (PDT-CE), afirmou, na ter&ccedil;a-feira (29), que vai apresentar e coletar assinaturas para uma Proposta de Emenda &agrave; Constitui&ccedil;&atilde;o (PEC) com o mesmo m&eacute;rito da emenda aprovada no Senado, e em tramita&ccedil;&atilde;o na C&acirc;mara, que reduz a contribui&ccedil;&atilde;o previdenci&aacute;ria das prefeituras. A medida foi inclu&iacute;da no projeto de lei que prorroga a desonera&ccedil;&atilde;o da folha a 17 setores da economia.<\/p>\n<p>&ldquo;Vou apresentar (PEC) e coletar assinaturas para que n&atilde;o se alegue a inconstitucionalidade (do benef&iacute;cio aos munic&iacute;pios), seja atrav&eacute;s de um veto do Poder Executivo, seja atrav&eacute;s de um ADIN (A&ccedil;&atilde;o Direta de Inconstitucionalidade) que eventualmente algum partido entre contra eventual aprova&ccedil;&atilde;o dessa emenda aqui e no Senado&rdquo;, disse Figueiredo ao <i>Broadcast Pol&iacute;tico<\/i>. A apresenta&ccedil;&atilde;o da PEC foi citada pelo deputado na reuni&atilde;o do col&eacute;gio de l&iacute;deres nesta ter&ccedil;a-feira, 29. O l&iacute;der do Uni&atilde;o Brasil, deputado Elmar Nascimento (BA), disse que a PEC seria &ldquo;apenas para garantir&rdquo;.<\/p>\n<p>O projeto de lei da desonera&ccedil;&atilde;o da folha de pagamentos aprovado pelo Senado &ndash; e com requerimento de urg&ecirc;ncia votado hoje na C&acirc;mara &ndash; traz uma emenda, vista como um &ldquo;jabuti&rdquo;, que prev&ecirc; a redu&ccedil;&atilde;o da contribui&ccedil;&atilde;o social, de 20% para 8%, sobre a folha de pagamento de cidades com at&eacute; 142,6 mil habitantes. Nas contas da Confedera&ccedil;&atilde;o Nacional dos Munic&iacute;pios (CNM), essa proposta beneficiaria 5.367 munic&iacute;pios, com impacto anual de R$ 11 bilh&otilde;es sobre a Previd&ecirc;ncia.<\/p>\n<p>A medida, al&eacute;m do impacto fiscal, tem um outro entrave: pode ser classificada como inconstitucional, de acordo com os t&eacute;cnicos do governo. O advogado Breno Vasconcelos, s&oacute;cio do Mannrich e Vasconcelos Advogados e pesquisador do Insper, explicou ao <i>Broadcast Pol&iacute;tico<\/i>, que a proposta viola a Constitui&ccedil;&atilde;o por representar uma regra anti-ison&ocirc;mica ao diferenciar entes p&uacute;blicos. &ldquo;Uni&atilde;o e Estados, quando contratam via CLT, tamb&eacute;m recolhem essa contribui&ccedil;&atilde;o previdenci&aacute;ria sobre a folha. Por que somente os munic&iacute;pios ter&atilde;o essa redu&ccedil;&atilde;o na al&iacute;quota?&rdquo;, disse.<\/p>\n<p>O especialista tamb&eacute;m citou que a medida viola o artigo 201 da Constitui&ccedil;&atilde;o, que imp&otilde;e a necessidade de se preservar o equil&iacute;brio financeiro e atuarial do Regime Geral da Previd&ecirc;ncia Social. &ldquo;Se a al&iacute;quota de equil&iacute;brio do sistema &eacute; de aproximadamente 20%, ao reduzir as al&iacute;quotas de todos os munic&iacute;pios, a sociedade ter&aacute; que custear esse benef&iacute;cio&rdquo;, avaliou.<\/p>\n<p>Os deputados querem substituir o crit&eacute;rio populacional na destina&ccedil;&atilde;o do benef&iacute;cio por um indicador baseado no PIB per capita ou no &Iacute;ndice de Desenvolvimento Humano (IDH) de cada munic&iacute;pio. O benef&iacute;cio tamb&eacute;m seria feito por escalonamento. O modelo ainda est&aacute; sendo definido e o relat&oacute;rio final ser&aacute; apresentado amanh&atilde;.<\/p>\n<p>Elmar sugeriu uma emenda que prev&ecirc; que o benef&iacute;cio seja com base no PIB per capita, com redu&ccedil;&atilde;o escalonada da al&iacute;quota de contribui&ccedil;&atilde;o previdenci&aacute;ria. A sugest&atilde;o &eacute; baseada em um projeto de lei apresentado pelo l&iacute;der do governo no Senado, Jaques Wagner (PT-BA), ainda em 2021.<\/p>\n<p>Pelo texto, seriam criadas cinco faixas, com al&iacute;quotas entre 8% e 18%. Nesse caso, todas as cidades seriam beneficiadas &ndash; mesmo as que possuem regimes pr&oacute;prios contratam funcion&aacute;rios terceirizados ou comissionados vinculados ao INSS. O impacto calculado pela CNM &eacute; de R$ 7,2 bilh&otilde;es anuais.<\/p>\n<\/p>\n<div class=\"cta-end\">\n<div class=\"im-cta\" >\n<div class=\"im-shortcode-forms bg-light bg-opacity-25 border rounded-4 p-3 p-sm-4 p-md-3 p-lg-4 px-xxl-5 my-5\" data-configuration='{\"form_name\":false,\"form_hat\":\"Newsletter\",\"form_email\":true,\"form_icon\":\"newsletter\",\"form_phone\":false,\"form_campaign\":\"NIM\",\"form_thankyou\":\"\",\"form_journey\":\"APIEvent-26a5198d-8e09-06ef-5f80-cd9127757ad1\",\"form_button\":\"Quero receber\",\"form_context\":\"newsletter\",\"form_origin\":\"https:\\\/\\\/www.infomoney.com.br\\\/politica\\\/feed\\\/?utm_medium=materia&#038;utm_source=infomoney&#038;utm_campaign=NIM&#038;utm_term=politica&#038;utm_content=newsletter\",\"form_position\":\"final\",\"form_category\":\"cta_form\"}'>\n<div class=\"d-flex flex-column align-items-center align-items-lg-start mb-4 flex-lg-row\">\n<div class=\"rounded-circle mb-2 mb-lg-0 mr-lg-4 me-lg-4 p-3 p-lg-4 bg-blue-400\"><svg width=\"40\" height=\"40\" viewBox=\"0 0 40 40\" fill=\"none\" xmlns=\"http:\/\/www.w3.org\/2000\/svg\"><path d=\"M20 20.25 6.042 11.042v19.041c0 .167.048.299.146.396a.535.535 0 0 0 .395.146h15.792V32.5H6.583a2.328 2.328 0 0 1-1.708-.708 2.328 2.328 0 0 1-.708-1.709V9.917c0-.667.236-1.236.708-1.709A2.328 2.328 0 0 1 6.583 7.5h26.834c.666 0 1.236.236 1.708.708a2.33 2.33 0 0 1 .708 1.709v12.458h-1.875V11.042L20 20.25Zm0-2 13.667-8.875H6.333L20 18.25Zm11.75 18.958-1.292-1.333 3.334-3.375h-9v-1.875h9l-3.375-3.417 1.333-1.291 5.667 5.625-5.667 5.666ZM6.042 11.042v20.791-9.458.25-13.25 1.667Z\" fill=\"#fff\"\/><\/svg><\/div>\n<div class=\"flex-fill text-center text-lg-left\">\n<div class=\"h6 small text-orange-700 lh-base mb-1\">Newsletter<\/div>\n<div class=\"text-body h4 m-0\">Infomorning<\/div>\n<div class=\"text-body small lh-base mt-2\">Receba no seu e-mail logo pela manh&atilde; as not&iacute;cias que v&atilde;o mexer com os mercados, com os seus investimentos e o seu bolso durante o dia<\/div>\n<\/div>\n<\/div>\n<\/div>\n<\/div>\n<\/div>\n<p>The post <a rel=\"nofollow noopener\" href=\"https:\/\/www.infomoney.com.br\/politica\/figueiredo-sugere-pec-de-reducao-previdenciaria-a-municipios-para-evitar-inconstitucionalidade\/\" target=\"_blank\">Figueiredo sugere PEC de redu\u00e7\u00e3o previdenci\u00e1ria a munic\u00edpios para evitar inconstitucionalidade<\/a> appeared first on <a rel=\"nofollow noopener\" href=\"https:\/\/www.infomoney.com.br\/\" target=\"_blank\">InfoMoney<\/a>.<\/p>\n","protected":false},"excerpt":{"rendered":"<p><img loading=\"lazy\" decoding=\"async\" width=\"300\" height=\"200\" src=\"https:\/\/www.infomoney.com.br\/wp-content\/uploads\/2019\/06\/andre-figueiredo-1.jpg?fit=300%2C200&amp;quality=70&amp;strip=all\" class=\"attachment-medium size-medium wp-post-image\" alt=\"\" data-attachment-id=\"48073\" data-permalink=\"https:\/\/www.infomoney.com.br\/andre-figueiredo-1\/\" data-orig-file=\"https:\/\/www.infomoney.com.br\/wp-content\/uploads\/2019\/06\/andre-figueiredo-1.jpg?fit=800%2C532&amp;quality=70&amp;strip=all\" data-orig-size=\"800,532\" data-comments-opened=\"1\" data-image-meta='{\"aperture\":\"0\",\"credit\":\"\",\"camera\":\"\",\"caption\":\"\",\"created_timestamp\":\"0\",\"copyright\":\"\",\"focal_length\":\"0\",\"iso\":\"0\",\"shutter_speed\":\"0\",\"title\":\"\",\"orientation\":\"0\"}' data-image-title=\"andre-figueiredo-1\" data-image-description=\"\" data-image-caption=\"\" data-medium-file=\"https:\/\/www.infomoney.com.br\/wp-content\/uploads\/2019\/06\/andre-figueiredo-1.jpg?fit=300%2C200&amp;quality=70&amp;strip=all\" data-large-file=\"https:\/\/www.infomoney.com.br\/wp-content\/uploads\/2019\/06\/andre-figueiredo-1.jpg?fit=800%2C532&amp;quality=70&amp;strip=all\">Proposta beneficiaria 5.367 munic\u00edpios, com impacto anual de R$ 11 bilh\u00f5es sobre a Previd\u00eancia<\/p>\n<p>The post <a rel=\"nofollow\" href=\"https:\/\/www.infomoney.com.br\/politica\/figueiredo-sugere-pec-de-reducao-previdenciaria-a-municipios-para-evitar-inconstitucionalidade\/\">Figueiredo sugere PEC de redu\u00e7\u00e3o previdenci\u00e1ria a munic\u00edpios para evitar inconstitucionalidade<\/a> appeared first on <a rel=\"nofollow\" href=\"https:\/\/www.infomoney.com.br\/\">InfoMoney<\/a>.<\/p>\n","protected":false},"author":43,"featured_media":0,"comment_status":"closed","ping_status":"closed","sticky":false,"template":"","format":"standard","meta":{"advgb_blocks_editor_width":"","advgb_blocks_columns_visual_guide":"","footnotes":""},"categories":[276,359,34,47,4310],"tags":[35],"class_list":["post-32028","post","type-post","status-publish","format-standard","hentry","category-camara-dos-deputados","category-congresso-nacional","category-g1","category-politica","category-proposta-de-emenda-a-constituicao","tag-g1"],"author_meta":{"display_name":"Estad\u00e3o Conte\u00fado","author_link":"https:\/\/sindaopcpb.org.br\/author\/estadao-conteudo\/"},"featured_img":null,"coauthors":[],"tax_additional":{"categories":{"linked":["<a href=\"https:\/\/sindaopcpb.org.br\/camara-dos-deputados\/\" class=\"advgb-post-tax-term\">C\u00e2mara dos Deputados<\/a>","<a href=\"https:\/\/sindaopcpb.org.br\/congresso-nacional\/\" class=\"advgb-post-tax-term\">Congresso Nacional<\/a>","<a href=\"https:\/\/sindaopcpb.org.br\/g1\/\" class=\"advgb-post-tax-term\">G1<\/a>","<a href=\"https:\/\/sindaopcpb.org.br\/politica\/\" class=\"advgb-post-tax-term\">POLITICA<\/a>","<a href=\"https:\/\/sindaopcpb.org.br\/proposta-de-emenda-a-constituicao\/\" class=\"advgb-post-tax-term\">Proposta de Emenda \u00e0 Constitui\u00e7\u00e3o<\/a>"],"unlinked":["<span class=\"advgb-post-tax-term\">C\u00e2mara dos Deputados<\/span>","<span class=\"advgb-post-tax-term\">Congresso Nacional<\/span>","<span class=\"advgb-post-tax-term\">G1<\/span>","<span class=\"advgb-post-tax-term\">POLITICA<\/span>","<span class=\"advgb-post-tax-term\">Proposta de Emenda \u00e0 Constitui\u00e7\u00e3o<\/span>"]},"tags":{"linked":["<a href=\"https:\/\/sindaopcpb.org.br\/proposta-de-emenda-a-constituicao\/\" class=\"advgb-post-tax-term\">g1<\/a>"],"unlinked":["<span class=\"advgb-post-tax-term\">g1<\/span>"]}},"comment_count":"0","relative_dates":{"created":"Publicado 3 anos atr\u00e1s","modified":"Atualizado 3 anos atr\u00e1s"},"absolute_dates":{"created":"Publicado em 30 de agosto de 2023","modified":"Atualizado em 30 de agosto de 2023"},"absolute_dates_time":{"created":"Publicado em 30 de agosto de 2023 09:49","modified":"Atualizado em 30 de agosto de 2023 09:49"},"featured_img_caption":"","series_order":"","_links":{"self":[{"href":"https:\/\/sindaopcpb.org.br\/index.php\/wp-json\/wp\/v2\/posts\/32028","targetHints":{"allow":["GET"]}}],"collection":[{"href":"https:\/\/sindaopcpb.org.br\/index.php\/wp-json\/wp\/v2\/posts"}],"about":[{"href":"https:\/\/sindaopcpb.org.br\/index.php\/wp-json\/wp\/v2\/types\/post"}],"author":[{"embeddable":true,"href":"https:\/\/sindaopcpb.org.br\/index.php\/wp-json\/wp\/v2\/users\/43"}],"replies":[{"embeddable":true,"href":"https:\/\/sindaopcpb.org.br\/index.php\/wp-json\/wp\/v2\/comments?post=32028"}],"version-history":[{"count":1,"href":"https:\/\/sindaopcpb.org.br\/index.php\/wp-json\/wp\/v2\/posts\/32028\/revisions"}],"predecessor-version":[{"id":32029,"href":"https:\/\/sindaopcpb.org.br\/index.php\/wp-json\/wp\/v2\/posts\/32028\/revisions\/32029"}],"wp:attachment":[{"href":"https:\/\/sindaopcpb.org.br\/index.php\/wp-json\/wp\/v2\/media?parent=32028"}],"wp:term":[{"taxonomy":"category","embeddable":true,"href":"https:\/\/sindaopcpb.org.br\/index.php\/wp-json\/wp\/v2\/categories?post=32028"},{"taxonomy":"post_tag","embeddable":true,"href":"https:\/\/sindaopcpb.org.br\/index.php\/wp-json\/wp\/v2\/tags?post=32028"}],"curies":[{"name":"wp","href":"https:\/\/api.w.org\/{rel}","templated":true}]}}