{"id":32000,"date":"2023-08-30T07:01:58","date_gmt":"2023-08-30T10:01:58","guid":{"rendered":"https:\/\/wpa.wscom.com.br\/?p=920443"},"modified":"2023-08-30T07:01:58","modified_gmt":"2023-08-30T10:01:58","slug":"corpo-da-promotora-silvana-targino-sera-cremado-hoje-no-crematorio-caminho-da-paz","status":"publish","type":"post","link":"https:\/\/sindaopcpb.org.br\/index.php\/2023\/08\/30\/corpo-da-promotora-silvana-targino-sera-cremado-hoje-no-crematorio-caminho-da-paz\/","title":{"rendered":"Corpo da Promotora Silvana Targino ser\u00e1 cremado hoje no Cremat\u00f3rio Caminho da Paz"},"content":{"rendered":"<p style=\"font-weight: 400;\">Depois de realizado o vel\u00f3rio da Promotora Silvana Targino na Central S\u00e3o Jo\u00e3o Batista, em Jo\u00e3o Pessoa &#8211; fato muito lamentado na sociedade pessoense e no Minist\u00e9rio P\u00fablico, familiares programam para \u00e0s 9 horas de hoje a crema\u00e7\u00e3o do corpo no Cremat\u00f3rio Caminho da Paz.<\/p>\n<p>&nbsp;<\/p>\n<p style=\"font-weight: 400;\"><span style=\"font-weight: 400;\">Nesta quarta-feira, o multim\u00eddia Abelardo Jurema Filho amanheceu informando sobre o fato:<\/span><\/p>\n<p><br style=\"font-weight: 400;\" \/><br style=\"font-weight: 400;\" \/><\/p>\n<p style=\"font-weight: 400;\"><span style=\"font-weight: 400;\">\u201cAos leitores e assinantes:<\/span><\/p>\n<p style=\"font-weight: 400;\"><span style=\"font-weight: 400;\">O vel\u00f3rio da Dra Silvana Targino est\u00e1 sendo realizado na central de vel\u00f3rios S\u00e3o Jo\u00e3o Batista. E ser\u00e1 cremado no\u00a0<\/span><\/p>\n<p style=\"font-weight: 400;\"><span style=\"font-weight: 400;\">Cremat\u00f3rio Caminho da Paz \u00e0s\u00a0 09h de hoje\u201d .<\/span><\/p>\n<p>O post <a rel=\"nofollow noopener\" href=\"https:\/\/wscom.com.br\/corpo-da-promotora-silvana-targino-sera-cremado-hoje-no-crematorio-caminho-da-paz\/\" target=\"_blank\">Corpo da Promotora Silvana Targino ser\u00e1 cremado hoje no Cremat\u00f3rio Caminho da Paz<\/a> apareceu primeiro em <a rel=\"nofollow noopener\" href=\"https:\/\/wscom.com.br\/\" target=\"_blank\">WSCOM<\/a>.<\/p>\n","protected":false},"excerpt":{"rendered":"<p>Depois de realizado o vel\u00f3rio da Promotora Silvana Targino na Central S\u00e3o Jo\u00e3o Batista, em Jo\u00e3o Pessoa \u2013 fato muito lamentado na sociedade pessoense e no Minist\u00e9rio P\u00fablico, familiares programam para \u00e0s 9 horas de hoje a crema\u00e7\u00e3o do corpo no Cremat\u00f3rio Caminho da Paz. \u00a0 Nesta quarta-feira, o multim\u00eddia Abelardo Jurema Filho amanheceu informando [\u2026]<\/p>\n<p>O post <a rel=\"nofollow\" href=\"https:\/\/wscom.com.br\/corpo-da-promotora-silvana-targino-sera-cremado-hoje-no-crematorio-caminho-da-paz\/\">Corpo da Promotora Silvana Targino ser\u00e1 cremado hoje no Cremat\u00f3rio Caminho da Paz<\/a> apareceu primeiro em <a rel=\"nofollow\" href=\"https:\/\/wscom.com.br\/\">WSCOM<\/a>.<\/p>\n","protected":false},"author":48,"featured_media":0,"comment_status":"closed","ping_status":"closed","sticky":false,"template":"","format":"standard","meta":{"advgb_blocks_editor_width":"","advgb_blocks_columns_visual_guide":"","footnotes":""},"categories":[34,54],"tags":[35],"class_list":["post-32000","post","type-post","status-publish","format-standard","hentry","category-g1","category-paraiba","tag-g1"],"author_meta":{"display_name":"Walter Santos","author_link":"https:\/\/sindaopcpb.org.br\/author\/walter-santos\/"},"featured_img":null,"coauthors":[],"tax_additional":{"categories":{"linked":["<a href=\"https:\/\/sindaopcpb.org.br\/g1\/\" class=\"advgb-post-tax-term\">G1<\/a>","<a href=\"https:\/\/sindaopcpb.org.br\/paraiba\/\" class=\"advgb-post-tax-term\">Para\u00edba<\/a>"],"unlinked":["<span class=\"advgb-post-tax-term\">G1<\/span>","<span class=\"advgb-post-tax-term\">Para\u00edba<\/span>"]},"tags":{"linked":["<a href=\"https:\/\/sindaopcpb.org.br\/paraiba\/\" class=\"advgb-post-tax-term\">g1<\/a>"],"unlinked":["<span class=\"advgb-post-tax-term\">g1<\/span>"]}},"comment_count":"0","relative_dates":{"created":"Publicado 3 anos atr\u00e1s","modified":"Atualizado 3 anos atr\u00e1s"},"absolute_dates":{"created":"Publicado em 30 de agosto de 2023","modified":"Atualizado em 30 de agosto de 2023"},"absolute_dates_time":{"created":"Publicado em 30 de agosto de 2023 07:01","modified":"Atualizado em 30 de agosto de 2023 07:01"},"featured_img_caption":"","series_order":"","_links":{"self":[{"href":"https:\/\/sindaopcpb.org.br\/index.php\/wp-json\/wp\/v2\/posts\/32000","targetHints":{"allow":["GET"]}}],"collection":[{"href":"https:\/\/sindaopcpb.org.br\/index.php\/wp-json\/wp\/v2\/posts"}],"about":[{"href":"https:\/\/sindaopcpb.org.br\/index.php\/wp-json\/wp\/v2\/types\/post"}],"author":[{"embeddable":true,"href":"https:\/\/sindaopcpb.org.br\/index.php\/wp-json\/wp\/v2\/users\/48"}],"replies":[{"embeddable":true,"href":"https:\/\/sindaopcpb.org.br\/index.php\/wp-json\/wp\/v2\/comments?post=32000"}],"version-history":[{"count":1,"href":"https:\/\/sindaopcpb.org.br\/index.php\/wp-json\/wp\/v2\/posts\/32000\/revisions"}],"predecessor-version":[{"id":32001,"href":"https:\/\/sindaopcpb.org.br\/index.php\/wp-json\/wp\/v2\/posts\/32000\/revisions\/32001"}],"wp:attachment":[{"href":"https:\/\/sindaopcpb.org.br\/index.php\/wp-json\/wp\/v2\/media?parent=32000"}],"wp:term":[{"taxonomy":"category","embeddable":true,"href":"https:\/\/sindaopcpb.org.br\/index.php\/wp-json\/wp\/v2\/categories?post=32000"},{"taxonomy":"post_tag","embeddable":true,"href":"https:\/\/sindaopcpb.org.br\/index.php\/wp-json\/wp\/v2\/tags?post=32000"}],"curies":[{"name":"wp","href":"https:\/\/api.w.org\/{rel}","templated":true}]}}