{"id":31992,"date":"2023-08-30T06:07:38","date_gmt":"2023-08-30T09:07:38","guid":{"rendered":"https:\/\/wpa.wscom.com.br\/?p=920440"},"modified":"2023-08-30T06:07:38","modified_gmt":"2023-08-30T09:07:38","slug":"juca-ferreira-avalia-desafios-potencialidades-e-dramas-do-audiovisual-brasileiro-em-seminario-historico-promovido-pelo-bndes","status":"publish","type":"post","link":"https:\/\/sindaopcpb.org.br\/index.php\/2023\/08\/30\/juca-ferreira-avalia-desafios-potencialidades-e-dramas-do-audiovisual-brasileiro-em-seminario-historico-promovido-pelo-bndes\/","title":{"rendered":"Juca Ferreira avalia desafios, potencialidades e dramas do Audiovisual Brasileiro em semin\u00e1rio hist\u00f3rico promovido pelo BNDES"},"content":{"rendered":"<p><strong>Por Walter Santos com assessoria do BNDES<\/strong><\/p>\n<p>&nbsp;<\/p>\n<p>Chegou o dia. Ser\u00e1 nesta quarta-feira, 30, o momento de reflex\u00f5es e debates no semin\u00e1rio \u201cBNDES do Audiovisual Brasileiro\u201d na sede do Banco, no Rio, reunindo autoridades, especialistas e profissionais para refletir, discutir e propor a\u00e7\u00f5es para o setor audiovisual a partir de uma estrat\u00e9gia de desenvolvimento nacional. Para saber mais sobre a import\u00e2ncia da retomada dessa ind\u00fastria para a economia do pa\u00eds, entrevistamos Juca Ferreira, assessor da presid\u00eancia do BNDES e ex-Ministro de Estado da Cultura. Na conversa, ele comenta os desafios frente aos novos formatos e tecnologias, a necessidade de pol\u00edticas de incentivo governamentais e analisa a falta de regulamenta\u00e7\u00e3o do setor.<\/p>\n<p>&nbsp;<\/p>\n<p style=\"font-weight: 400;\"><span style=\"font-weight: 400;\">\u00a0<\/span><\/p>\n<h4><b>A ENTREVISTA<\/b><\/h4>\n<p>&nbsp;<\/p>\n<p style=\"font-weight: 400;\"><b>\u00a0<\/b><\/p>\n<p style=\"font-weight: 400;\"><b>Quais s\u00e3o os principais desafios econ\u00f4micos, pol\u00edticos e sociais que a ind\u00fastria audiovisual brasileira enfrenta no per\u00edodo p\u00f3s-pandemia?<\/b><\/p>\n<p>&nbsp;<\/p>\n<p>&nbsp;<\/p>\n<p style=\"font-weight: 400;\"><b>Juca Ferreira:<\/b><span style=\"font-weight: 400;\"> Temos desafios de longo, m\u00e9dio e curto prazo. Precisamos definir um conjunto de medidas para garantir a retomada do setor atrav\u00e9s de uma a\u00e7\u00e3o vigorosa do governo e do Estado brasileiro para dar in\u00edcio a um novo ciclo do cinema e do audiovisual brasileiro. Cada \u00f3rg\u00e3o do Governo Federal que tem rela\u00e7\u00e3o direta ou indireta com o cinema e o audiovisual ter\u00e1 que fazer uma esp\u00e9cie de dever de casa, reestruturar a institui\u00e7\u00e3o e superar a destrui\u00e7\u00e3o praticada no governo passado.<\/span><\/p>\n<p style=\"font-weight: 400;\"><b>Como assim?<\/b><\/p>\n<p style=\"font-weight: 400;\"><b>Juca Ferreira: <\/b><span style=\"font-weight: 400;\">Uma a\u00e7\u00e3o conjunta, por exemplo, coordenada e sin\u00e9rgica do MinC, MDIC, ANCINE, BNDES, APEX, Banco do Brasil, Petrobras, pelo menos, dar\u00e1 como resultante o impulso para termos um cinema e um audiovisual forte, \u00e0 altura da grandeza do Brasil.<\/span><\/p>\n<p style=\"font-weight: 400;\"><span style=\"font-weight: 400;\">Temos que fazer como os coreanos do sul fizeram, definir um plano estrat\u00e9gico para colocar definitivamente o cinema e o audiovisual brasileiro em um patamar cultural e econ\u00f4mico de sucesso, no Brasil e no mercado internacional.<\/span><\/p>\n<p style=\"font-weight: 400;\"><b>Que metas de imediato?<\/b><\/p>\n<p style=\"font-weight: 400;\"><b>Juca Ferreira : <\/b><span style=\"font-weight: 400;\">O cinema e o audiovisual, por sua import\u00e2ncia, ter\u00e1 que se transformar em pol\u00edtica de Estado, assim como o conjunto da cultura tamb\u00e9m. N\u00e3o haver\u00e1 desenvolvimento econ\u00f4mico e social do Brasil no s\u00e9culo XXI sem desenvolvimento cultural.\u00a0<\/span><\/p>\n<p style=\"font-weight: 400;\"><span style=\"font-weight: 400;\">\u00a0<\/span><\/p>\n<p style=\"font-weight: 400;\"><b>De que forma a ind\u00fastria do cinema e do audiovisual contribuem diretamente para o PIB nacional e quais s\u00e3o os impactos diretos e indiretos dessa contribui\u00e7\u00e3o?<\/b><\/p>\n<p style=\"font-weight: 400;\"><b>Juca Ferreira:<\/b><span style=\"font-weight: 400;\"> J\u00e1 \u00e9 significativa a contribui\u00e7\u00e3o econ\u00f4mica do setor para o PIB brasileiro, bem acima da contribui\u00e7\u00e3o de muitos outros setores tradicionais da nossa economia. Se assumirmos esse setor e toda a cultura como uma economia importante, fazendo os devidos investimentos, a contribui\u00e7\u00e3o poder\u00e1 ser muitas vezes maior.\u00a0<\/span><\/p>\n<p style=\"font-weight: 400;\"><span style=\"font-weight: 400;\">\u00a0<\/span><\/p>\n<p style=\"font-weight: 400;\"><b>Qual \u00e9 o papel das pol\u00edticas de incentivo e de financiamento na promo\u00e7\u00e3o da diversidade cultural e na cria\u00e7\u00e3o de oportunidades para novos talentos no cen\u00e1rio audiovisual brasileiro?<\/b><\/p>\n<p style=\"font-weight: 400;\"><b>Juca Ferreira:<\/b><span style=\"font-weight: 400;\"> Central! Se tratarmos o cinema e o audiovisual apenas como um fato econ\u00f4mico, com certeza fracassaremos. \u00c9 preciso investir nos processos culturais porque o desenvolvimento cultural do pa\u00eds ao acesso de todos ser\u00e1 o ambiente que possibilitar\u00e1 o surgimento de novos talentos, o florescimento da cria\u00e7\u00e3o, e o crescimento da nossa for\u00e7a cultural alimentar\u00e1 essa ind\u00fastria e as outras ind\u00fastrias culturais.\u00a0<\/span><\/p>\n<p style=\"font-weight: 400;\"><span style=\"font-weight: 400;\">\u00a0<\/span><\/p>\n<p style=\"font-weight: 400;\"><b>Como a colabora\u00e7\u00e3o entre institui\u00e7\u00f5es governamentais, produtoras, distribuidoras e outros atores relevantes pode fortalecer a ind\u00fastria audiovisual brasileira e promover a diversidade e inclus\u00e3o no setor?<\/b><\/p>\n<p style=\"font-weight: 400;\"><b>Juca Ferreira:<\/b><span style=\"font-weight: 400;\"> A desarticula\u00e7\u00e3o do Estado traz um preju\u00edzo enorme, e a a\u00e7\u00e3o articulada, planejada e em sintonia, permitir\u00e1 muito mais do que uma soma aritm\u00e9tica desses recursos que ser\u00e1 disponibilizado. Da\u00ed a import\u00e2ncia de termos uma pol\u00edtica de Estado para a cultura e para o cinema e o audiovisual. N\u00e3o temos tempo a perder.\u00a0<\/span><\/p>\n<p style=\"font-weight: 400;\"><span style=\"font-weight: 400;\">\u00a0<\/span><\/p>\n<p style=\"font-weight: 400;\"><b>Muito se tem discutido em rela\u00e7\u00e3o \u00e0 aus\u00eancia de regulamenta\u00e7\u00e3o de mercados mediados por plataformas digitais no Brasil. Como isso impacta a ind\u00fastria cinematogr\u00e1fica e o audiovisual em rela\u00e7\u00e3o \u00e0 concorr\u00eancia com os grandes <\/b><b><i>players<\/i><\/b><b> globais do setor?<\/b><\/p>\n<p style=\"font-weight: 400;\"><b>Juca Ferreira:<\/b><span style=\"font-weight: 400;\"> O mundo inteiro, principalmente os pa\u00edses que ambicionam serem mais do que meros consumidores de uma produ\u00e7\u00e3o global, est\u00e1 regulando seus mercados internos e protege os artistas, t\u00e9cnicos e empreendedores das a\u00e7\u00f5es predat\u00f3rias vinda de fora. Precisamos avan\u00e7ar na regula\u00e7\u00e3o do nosso mercado e vamos ter que regular imediatamente o <\/span><i><span style=\"font-weight: 400;\">streaming<\/span><\/i><span style=\"font-weight: 400;\"> e a a\u00e7\u00e3o das plataformas globais no pa\u00eds.\u00a0<\/span><\/p>\n<p style=\"font-weight: 400;\"><span style=\"font-weight: 400;\">\u00a0<\/span><\/p>\n<p style=\"font-weight: 400;\"><b>Com a ascens\u00e3o dos servi\u00e7os de <\/b><b><i>streaming<\/i><\/b><b>, quais s\u00e3o as oportunidades e desafios espec\u00edficos que a ind\u00fastria audiovisual brasileira enfrenta para se adaptar e prosperar nesse novo cen\u00e1rio?<\/b><\/p>\n<p style=\"font-weight: 400;\"><b>Juca Ferreira:<\/b><span style=\"font-weight: 400;\"> O mercado est\u00e1 vivendo grandes transforma\u00e7\u00f5es. Teremos que desenvolver uma capacidade gigantesca de an\u00e1lise e uma agilidade regulat\u00f3ria que consiga acompanhar essas mudan\u00e7as, sen\u00e3o sucumbiremos por uma esp\u00e9cie de frouxid\u00e3o legislativa. No momento, herdamos do governo anterior uma situa\u00e7\u00e3o tr\u00e1gica. Estamos parecendo terra de ningu\u00e9m! Est\u00e3o nadando de bra\u00e7ada e fagocitando os direitos autorais e patrimoniais dos artistas e empreendedores brasileiros. Como diria Guimar\u00e3es Rosa, o que a vida est\u00e1 querendo de n\u00f3s \u00e9 coragem! Coragem, lucidez e agilidade.<\/span><\/p>\n<p style=\"font-weight: 400;\"><span style=\"font-weight: 400;\">\u00a0<\/span><\/p>\n<p style=\"font-weight: 400;\"><span style=\"font-weight: 400;\">\u00a0<\/span><\/p>\n<p style=\"font-weight: 400;\"><b>QUEM \u00c9 &#8211; Juca Ferreira<\/b><span style=\"font-weight: 400;\"> \u00e9 soci\u00f3logo com trajet\u00f3ria profissional dedicada \u00e0 vida pol\u00edtica e \u00e0s a\u00e7\u00f5es sociais, culturais e ambientais. Foi Ministro de Estado da Cultura do Brasil, comandando o MinC em dois per\u00edodos: 2008-2010 e 2015-2016. Tamb\u00e9m foi Secret\u00e1rio de Cultura do munic\u00edpio de S\u00e3o Paulo, entre 2013 e 2014, e de Belo Horizonte, entre 2017 e 2019. Atualmente \u00e9 assessor da presid\u00eancia do BNDES.\u00a0<\/span><\/p>\n<p>&nbsp;<\/p>\n<p>O post <a rel=\"nofollow noopener\" href=\"https:\/\/wscom.com.br\/juca-ferreira-avalia-desafios-potencialidades-e-dramas-do-audiovisual-brasileiro-em-seminario-historico-promovido-pelo-bndes\/\" target=\"_blank\">Juca Ferreira avalia desafios, potencialidades e dramas do Audiovisual Brasileiro em semin\u00e1rio hist\u00f3rico promovido pelo BNDES<\/a> apareceu primeiro em <a rel=\"nofollow noopener\" href=\"https:\/\/wscom.com.br\/\" target=\"_blank\">WSCOM<\/a>.<\/p>\n","protected":false},"excerpt":{"rendered":"<p>Por Walter Santos com assessoria do BNDES \u00a0 Chegou o dia. Ser\u00e1 nesta quarta-feira, 30, o momento de reflex\u00f5es e debates no semin\u00e1rio \u201cBNDES do Audiovisual Brasileiro\u201d na sede do Banco, no Rio, reunindo autoridades, especialistas e profissionais para refletir, discutir e propor a\u00e7\u00f5es para o setor audiovisual a partir de uma estrat\u00e9gia de desenvolvimento [\u2026]<\/p>\n<p>O post <a rel=\"nofollow\" href=\"https:\/\/wscom.com.br\/juca-ferreira-avalia-desafios-potencialidades-e-dramas-do-audiovisual-brasileiro-em-seminario-historico-promovido-pelo-bndes\/\">Juca Ferreira avalia desafios, potencialidades e dramas do Audiovisual Brasileiro em semin\u00e1rio hist\u00f3rico promovido pelo BNDES<\/a> apareceu primeiro em <a rel=\"nofollow\" href=\"https:\/\/wscom.com.br\/\">WSCOM<\/a>.<\/p>\n","protected":false},"author":48,"featured_media":0,"comment_status":"closed","ping_status":"closed","sticky":false,"template":"","format":"standard","meta":{"advgb_blocks_editor_width":"","advgb_blocks_columns_visual_guide":"","footnotes":""},"categories":[940,170,34],"tags":[35],"class_list":["post-31992","post","type-post","status-publish","format-standard","hentry","category-cinema","category-cultura","category-g1","tag-g1"],"author_meta":{"display_name":"Walter Santos","author_link":"https:\/\/sindaopcpb.org.br\/author\/walter-santos\/"},"featured_img":null,"coauthors":[],"tax_additional":{"categories":{"linked":["<a href=\"https:\/\/sindaopcpb.org.br\/cinema\/\" class=\"advgb-post-tax-term\">Cinema<\/a>","<a href=\"https:\/\/sindaopcpb.org.br\/cultura\/\" class=\"advgb-post-tax-term\">Cultura<\/a>","<a href=\"https:\/\/sindaopcpb.org.br\/g1\/\" class=\"advgb-post-tax-term\">G1<\/a>"],"unlinked":["<span class=\"advgb-post-tax-term\">Cinema<\/span>","<span class=\"advgb-post-tax-term\">Cultura<\/span>","<span class=\"advgb-post-tax-term\">G1<\/span>"]},"tags":{"linked":["<a href=\"https:\/\/sindaopcpb.org.br\/g1\/\" class=\"advgb-post-tax-term\">g1<\/a>"],"unlinked":["<span class=\"advgb-post-tax-term\">g1<\/span>"]}},"comment_count":"0","relative_dates":{"created":"Publicado 3 anos atr\u00e1s","modified":"Atualizado 3 anos atr\u00e1s"},"absolute_dates":{"created":"Publicado em 30 de agosto de 2023","modified":"Atualizado em 30 de agosto de 2023"},"absolute_dates_time":{"created":"Publicado em 30 de agosto de 2023 06:07","modified":"Atualizado em 30 de agosto de 2023 06:07"},"featured_img_caption":"","series_order":"","_links":{"self":[{"href":"https:\/\/sindaopcpb.org.br\/index.php\/wp-json\/wp\/v2\/posts\/31992","targetHints":{"allow":["GET"]}}],"collection":[{"href":"https:\/\/sindaopcpb.org.br\/index.php\/wp-json\/wp\/v2\/posts"}],"about":[{"href":"https:\/\/sindaopcpb.org.br\/index.php\/wp-json\/wp\/v2\/types\/post"}],"author":[{"embeddable":true,"href":"https:\/\/sindaopcpb.org.br\/index.php\/wp-json\/wp\/v2\/users\/48"}],"replies":[{"embeddable":true,"href":"https:\/\/sindaopcpb.org.br\/index.php\/wp-json\/wp\/v2\/comments?post=31992"}],"version-history":[{"count":1,"href":"https:\/\/sindaopcpb.org.br\/index.php\/wp-json\/wp\/v2\/posts\/31992\/revisions"}],"predecessor-version":[{"id":31993,"href":"https:\/\/sindaopcpb.org.br\/index.php\/wp-json\/wp\/v2\/posts\/31992\/revisions\/31993"}],"wp:attachment":[{"href":"https:\/\/sindaopcpb.org.br\/index.php\/wp-json\/wp\/v2\/media?parent=31992"}],"wp:term":[{"taxonomy":"category","embeddable":true,"href":"https:\/\/sindaopcpb.org.br\/index.php\/wp-json\/wp\/v2\/categories?post=31992"},{"taxonomy":"post_tag","embeddable":true,"href":"https:\/\/sindaopcpb.org.br\/index.php\/wp-json\/wp\/v2\/tags?post=31992"}],"curies":[{"name":"wp","href":"https:\/\/api.w.org\/{rel}","templated":true}]}}