{"id":31990,"date":"2023-08-30T00:32:35","date_gmt":"2023-08-30T03:32:35","guid":{"rendered":"https:\/\/wpa.wscom.com.br\/?p=920431"},"modified":"2023-08-30T00:32:35","modified_gmt":"2023-08-30T03:32:35","slug":"camara-aprova-urgencia-para-proposta-de-desoneracao-da-folha-ate-2027","status":"publish","type":"post","link":"https:\/\/sindaopcpb.org.br\/index.php\/2023\/08\/30\/camara-aprova-urgencia-para-proposta-de-desoneracao-da-folha-ate-2027\/","title":{"rendered":"C\u00e2mara aprova urg\u00eancia para proposta de desonera\u00e7\u00e3o da folha at\u00e9 2027"},"content":{"rendered":"<div class=\"col-lg-12 mb-3\">\n<div class=\"row\">\n<div class=\"col-10 offset-1 animated fadeInDown dealy-1100 alt-font text-center\">Arthur Lira diz que m\u00e9rito do projeto ser\u00e1 votado nesta quarta-feira<\/div>\n<\/div>\n<p>&nbsp;<\/p>\n<ul class=\"divider social-icons si-border round si-colored-bg-on-hover my-3\">\n<li class=\"social-icons-item social-facebook\">Por Ag\u00eancia Brasil* &#8211; Bras\u00edlia<\/li>\n<\/ul>\n<div class=\"row\">\n<div id=\"tts-container\" class=\"col-xl-7 offset-xl-1 col-lg-8 offset-lg-0 col-md-10 offset-md-1 mb-3\">\n<h4 class=\"alt-font font-italic small text-info text-left\"><\/h4>\n<\/div>\n<\/div>\n<\/div>\n<div class=\"col-xl-7 offset-xl-1 col-lg-8 offset-lg-0 col-md-10 offset-md-1 mb-3\">\n<div class=\"post-item alt-font\">\n<div class=\"post-item-wrap\">\n<p>A C\u00e2mara dos Deputados aprovou nesta ter\u00e7a-feira (29) o regime de urg\u00eancia para a proposta que prorroga a desonera\u00e7\u00e3o da folha de pagamentos para alguns setores da economia at\u00e9 2027. Segundo o presidente da C\u00e2mara, Arthur Lira (PP-AL), o m\u00e9rito do projeto ser\u00e1 votado amanh\u00e3 (30).\u00a0<img decoding=\"async\" src=\"https:\/\/agenciabrasil.ebc.com.br\/ebc.png?id=1551934&amp;o=node\" alt=\"\" title=\"\"><img decoding=\"async\" src=\"https:\/\/agenciabrasil.ebc.com.br\/ebc.gif?id=1551934&amp;o=node\" alt=\"\" title=\"\"><\/p>\n<p>&nbsp;<\/p>\n<p>O tema j\u00e1 foi aprovado pela Comiss\u00e3o de Assuntos Econ\u00f4micos do Senado. A desonera\u00e7\u00e3o da folha substitui a contribui\u00e7\u00e3o previdenci\u00e1ria patronal, de 20% sobre a folha de sal\u00e1rios, por al\u00edquotas de 1% a 4,5% sobre a receita bruta. A ideia \u00e9 que esse mecanismo reduza os encargos trabalhistas dos setores desonerados e estimule a contrata\u00e7\u00e3o de pessoas.<\/p>\n<p>&nbsp;<\/p>\n<p>Por acordo entre as lideran\u00e7as partid\u00e1rias, o m\u00e9rito da proposta deve ser analisado nesta quarta-feira para dar tempo \u00e0 relatora, deputada Any Ortiz (Cidadania-RS), de costurar um texto com uma solu\u00e7\u00e3o pol\u00edtica para outro assunto constante do projeto, a diminui\u00e7\u00e3o de 20% para 8% da al\u00edquota do Instituto Nacional do Seguro Social (INSS) para munic\u00edpios com at\u00e9 156 mil habitantes.<\/p>\n<p><em>*Com informa\u00e7\u00f5es da Ag\u00eancia C\u00e2mara de Not\u00edcias<\/em><\/p>\n<\/div>\n<p class=\"alt-font font-italic my-2 small text-info\">Edi\u00e7\u00e3o: Aline Leal<\/p>\n<\/div>\n<\/div>\n<p>O post <a rel=\"nofollow noopener\" href=\"https:\/\/wscom.com.br\/camara-aprova-urgencia-para-proposta-de-desoneracao-da-folha-ate-2027\/\" target=\"_blank\">C\u00e2mara aprova urg\u00eancia para proposta de desonera\u00e7\u00e3o da folha at\u00e9 2027<\/a> apareceu primeiro em <a rel=\"nofollow noopener\" href=\"https:\/\/wscom.com.br\/\" target=\"_blank\">WSCOM<\/a>.<\/p>\n","protected":false},"excerpt":{"rendered":"<p>Arthur Lira diz que m\u00e9rito do projeto ser\u00e1 votado nesta quarta-feira \u00a0 Por Ag\u00eancia Brasil* \u2013 Bras\u00edlia A C\u00e2mara dos Deputados aprovou nesta ter\u00e7a-feira (29) o regime de urg\u00eancia para a proposta que prorroga a desonera\u00e7\u00e3o da folha de pagamentos para alguns setores da economia at\u00e9 2027. Segundo o presidente da C\u00e2mara, Arthur Lira (PP-AL), [\u2026]<\/p>\n<p>O post <a rel=\"nofollow\" href=\"https:\/\/wscom.com.br\/camara-aprova-urgencia-para-proposta-de-desoneracao-da-folha-ate-2027\/\">C\u00e2mara aprova urg\u00eancia para proposta de desonera\u00e7\u00e3o da folha at\u00e9 2027<\/a> apareceu primeiro em <a rel=\"nofollow\" href=\"https:\/\/wscom.com.br\/\">WSCOM<\/a>.<\/p>\n","protected":false},"author":48,"featured_media":0,"comment_status":"closed","ping_status":"closed","sticky":false,"template":"","format":"standard","meta":{"advgb_blocks_editor_width":"","advgb_blocks_columns_visual_guide":"","footnotes":""},"categories":[115,34],"tags":[35],"class_list":["post-31990","post","type-post","status-publish","format-standard","hentry","category-brasil","category-g1","tag-g1"],"author_meta":{"display_name":"Walter Santos","author_link":"https:\/\/sindaopcpb.org.br\/author\/walter-santos\/"},"featured_img":null,"coauthors":[],"tax_additional":{"categories":{"linked":["<a href=\"https:\/\/sindaopcpb.org.br\/brasil\/\" class=\"advgb-post-tax-term\">Brasil<\/a>","<a href=\"https:\/\/sindaopcpb.org.br\/g1\/\" class=\"advgb-post-tax-term\">G1<\/a>"],"unlinked":["<span class=\"advgb-post-tax-term\">Brasil<\/span>","<span class=\"advgb-post-tax-term\">G1<\/span>"]},"tags":{"linked":["<a href=\"https:\/\/sindaopcpb.org.br\/g1\/\" class=\"advgb-post-tax-term\">g1<\/a>"],"unlinked":["<span class=\"advgb-post-tax-term\">g1<\/span>"]}},"comment_count":"0","relative_dates":{"created":"Publicado 3 anos atr\u00e1s","modified":"Atualizado 3 anos atr\u00e1s"},"absolute_dates":{"created":"Publicado em 30 de agosto de 2023","modified":"Atualizado em 30 de agosto de 2023"},"absolute_dates_time":{"created":"Publicado em 30 de agosto de 2023 00:32","modified":"Atualizado em 30 de agosto de 2023 00:32"},"featured_img_caption":"","series_order":"","_links":{"self":[{"href":"https:\/\/sindaopcpb.org.br\/index.php\/wp-json\/wp\/v2\/posts\/31990","targetHints":{"allow":["GET"]}}],"collection":[{"href":"https:\/\/sindaopcpb.org.br\/index.php\/wp-json\/wp\/v2\/posts"}],"about":[{"href":"https:\/\/sindaopcpb.org.br\/index.php\/wp-json\/wp\/v2\/types\/post"}],"author":[{"embeddable":true,"href":"https:\/\/sindaopcpb.org.br\/index.php\/wp-json\/wp\/v2\/users\/48"}],"replies":[{"embeddable":true,"href":"https:\/\/sindaopcpb.org.br\/index.php\/wp-json\/wp\/v2\/comments?post=31990"}],"version-history":[{"count":1,"href":"https:\/\/sindaopcpb.org.br\/index.php\/wp-json\/wp\/v2\/posts\/31990\/revisions"}],"predecessor-version":[{"id":31991,"href":"https:\/\/sindaopcpb.org.br\/index.php\/wp-json\/wp\/v2\/posts\/31990\/revisions\/31991"}],"wp:attachment":[{"href":"https:\/\/sindaopcpb.org.br\/index.php\/wp-json\/wp\/v2\/media?parent=31990"}],"wp:term":[{"taxonomy":"category","embeddable":true,"href":"https:\/\/sindaopcpb.org.br\/index.php\/wp-json\/wp\/v2\/categories?post=31990"},{"taxonomy":"post_tag","embeddable":true,"href":"https:\/\/sindaopcpb.org.br\/index.php\/wp-json\/wp\/v2\/tags?post=31990"}],"curies":[{"name":"wp","href":"https:\/\/api.w.org\/{rel}","templated":true}]}}