{"id":31951,"date":"2023-08-29T16:58:02","date_gmt":"2023-08-29T19:58:02","guid":{"rendered":"https:\/\/wpa.wscom.com.br\/?p=920367"},"modified":"2023-08-29T16:58:02","modified_gmt":"2023-08-29T19:58:02","slug":"camara-proibe-circulacao-de-ciclomotores-eletricos-nas-ciclovias-e-calcadas-de-joao-pessoa","status":"publish","type":"post","link":"https:\/\/sindaopcpb.org.br\/index.php\/2023\/08\/29\/camara-proibe-circulacao-de-ciclomotores-eletricos-nas-ciclovias-e-calcadas-de-joao-pessoa\/","title":{"rendered":"C\u00e2mara pro\u00edbe circula\u00e7\u00e3o de ciclomotores el\u00e9tricos nas ciclovias e cal\u00e7adas de Jo\u00e3o Pessoa"},"content":{"rendered":"<p>A C\u00e2mara Municipal de Jo\u00e3o Pessoa (CMJP) aprovou, durante a sess\u00e3o ordin\u00e1ria desta ter\u00e7a-feira (29), 12 mat\u00e9rias legislativas. Dentre elas, est\u00e3o os Projetos de Lei Ordin\u00e1ria (PLO) que preveem a proibi\u00e7\u00e3o da circula\u00e7\u00e3o de ciclomotores el\u00e9tricos e motorizados nas ciclovias e cal\u00e7adas da Capital e a institui\u00e7\u00e3o da Semana de conscientiza\u00e7\u00e3o dos males causados pelo uso de dispositivos eletr\u00f4nicos por beb\u00eas e crian\u00e7as.<\/p>\n<p>O PLO\u00a0<a href=\"https:\/\/sapl.joaopessoa.pb.leg.br\/materia\/155490\" rel=\"nofollow noopener\" target=\"_blank\">1359\/2023<\/a>, de autoria do vereador Milanez Neto (PV), pro\u00edbe a circula\u00e7\u00e3o de ciclomotores el\u00e9tricos nas cal\u00e7adas e ciclovias de Jo\u00e3o Pessoa sob pena de multa no valor de R$ 1.000 para os infratores. \u201cCom a utiliza\u00e7\u00e3o desses novos ve\u00edculos\/meios de transporte, a popula\u00e7\u00e3o que frequenta as ciclovias e cal\u00e7adas v\u00eam sendo v\u00edtimas de acidentes ocasionados por eles, uma vez que o local \u00e9 impr\u00f3prio para seu uso e a velocidade utilizada depende do bom senso do condutor, o que nem sempre ocorre\u201d, consta no texto de justificativa.<\/p>\n<p>A norma ainda esclarece: \u201c\u00c9 definido que \u2018ciclomotor\u2019 \u00e9 \u2018todo ve\u00edculo de duas ou tr\u00eas rodas, provido de motor de combust\u00e3o interna, cuja cilindrada n\u00e3o exceda a 50 cm3, equivalente a tr\u00eas polegadas c\u00fabicas e cinco cent\u00e9simos, ou de motor de propuls\u00e3o el\u00e9trica com pot\u00eancia m\u00e1xima de quatro quilowatts, e cuja velocidade m\u00e1xima de fabrica\u00e7\u00e3o n\u00e3o exceda a 50 km\/h\u2019. Tamb\u00e9m n\u00e3o s\u00e3o considerados ciclomotores os equipamentos de mobilidade individual autopropelidos, sendo permitida sua circula\u00e7\u00e3o somente em \u00e1reas de pedestres, ciclovias e ciclofaixas\u2019\u201d.<\/p>\n<p>Durante a discuss\u00e3o, o parlamentar Thiago Lucena explicou n\u00e3o ser contr\u00e1rio \u00e0 utiliza\u00e7\u00e3o de patinetes, por exemplo, nas cal\u00e7adas, porque, do contr\u00e1rio, teriam de circular junto aos carros: \u201cMas, pelo que li, os equipamentos autopropelidos est\u00e3o de fora\u201d.<\/p>\n<p>O Coronel Sobreira (MDB) tamb\u00e9m considera a mat\u00e9ria importante e destacou que o tema deve ser discutido juntamente com a Secretaria de Mobilidade Urbana (Semob). \u201cO tema \u00e9 bem atual porque s\u00e3o tipos de ve\u00edculos que est\u00e3o surgindo. Nossa legisla\u00e7\u00e3o \u00e9 de 97, embora as resolu\u00e7\u00f5es acabem atualizando-a\u201d.<\/p>\n<p>Semana de conscientiza\u00e7\u00e3o dos males causados pelo uso de eletr\u00f4nicos por beb\u00eas e crian\u00e7as<\/p>\n<p>De autoria da vereadora Eliza Virg\u00ednia (PP), o PLO\u00a0<strong><a href=\"https:\/\/sapl.joaopessoa.pb.leg.br\/materia\/154324\" rel=\"nofollow noopener\" target=\"_blank\">1327\/2023<\/a><\/strong>\u00a0institui a \u201cSemana de conscientiza\u00e7\u00e3o e preven\u00e7\u00e3o dos males causados pelo uso precoce e de longa dura\u00e7\u00e3o de dispositivos eletr\u00f4nicos por beb\u00eas e crian\u00e7as\u201d. A norma determina que palestras, reuni\u00f5es elucidativas e preventivas nas escolas p\u00fablicas e privadas, propagandas em emissoras de r\u00e1dio e TV, distribui\u00e7\u00e3o de informativos e incentivo \u00e0 divers\u00e3o ao ar livre sejam realizados ao longo do per\u00edodo.<\/p>\n<p>Eliza destacou a import\u00e2ncia de trazer \u00e0 tona os riscos desse uso, inclusive, para o desenvolvimento cognitivo. \u201cEstudos recentes mostram que o uso precoce e prolongado desses dispositivos pode causar uma s\u00e9rie de problemas de sa\u00fade, tais como obesidade infantil, atraso no desenvolvimento cognitivo e motor, problemas de vis\u00e3o e sono, al\u00e9m de prejudicar a intera\u00e7\u00e3o social e afetiva das crian\u00e7as\u201d, afirma a justificativa.<\/p>\n<p><strong>Demais mat\u00e9rias<\/strong><\/p>\n<p>Ainda foram acatadas: de autoria do vereador Guga Oliveira (PP), os PLOs\u00a0<a href=\"https:\/\/sapl.joaopessoa.pb.leg.br\/materia\/153925\" rel=\"nofollow noopener\" target=\"_blank\">1319\/2023<\/a>, instituindo a Semana municipal de conscientiza\u00e7\u00e3o do transtorno de acumula\u00e7\u00e3o de animais, que ocorrer\u00e1 preferencialmente na segunda semana de outubro, e o\u00a0<a href=\"https:\/\/sapl.joaopessoa.pb.leg.br\/materia\/154678\" rel=\"nofollow noopener\" target=\"_blank\">1338\/2023<\/a>, sobre a Semana municipal de conscientiza\u00e7\u00e3o dos direitos dos animais, em outubro; de Zezinho Botafogo (PSB), o\u00a0<a href=\"https:\/\/sapl.joaopessoa.pb.leg.br\/materia\/160235\" rel=\"nofollow noopener\" target=\"_blank\">1464 de 2023<\/a>, que institui a Ta\u00e7a das Favelas. Dando nome a art\u00e9rias p\u00fablicas de Jo\u00e3o Pessoa, foram aprovadas: de Zezinho Botafogo, as Ruas Ant\u00f4nio de P\u00e1dua do Nascimento Alc\u00e2ntara (<a href=\"https:\/\/sapl.joaopessoa.pb.leg.br\/materia\/161008\" rel=\"nofollow noopener\" target=\"_blank\">1484\/2023<\/a>) e Iracema Queiroz da Silva (<a href=\"https:\/\/sapl.joaopessoa.pb.leg.br\/materia\/164976\" rel=\"nofollow noopener\" target=\"_blank\">1599\/2023<\/a>); de Carl\u00e3o, a Rua Delegado Dr. Francisco de Assis da Silva (<a href=\"https:\/\/sapl.joaopessoa.pb.leg.br\/materia\/164204\" rel=\"nofollow noopener\" target=\"_blank\">1565\/2023<\/a>); Rua Comerciante J\u00falio Leite Neto, no Bairro do Cristo (<a href=\"https:\/\/sapl.joaopessoa.pb.leg.br\/materia\/164981\" rel=\"nofollow noopener\" target=\"_blank\">1600\/2023<\/a>), de Bosquinho (PV); e Rua Ivone Albuquerque Campos (<a href=\"https:\/\/sapl.joaopessoa.pb.leg.br\/materia\/165136\" rel=\"nofollow noopener\" target=\"_blank\">1612\/2023<\/a>), do vereador Dam\u00e1sio Franca (PP).<\/p>\n<p>Tamb\u00e9m foram aprovados os Projetos de Decreto Legislativo (PDLs)\u00a0<a href=\"https:\/\/sapl.joaopessoa.pb.leg.br\/materia\/164322\" rel=\"nofollow noopener\" target=\"_blank\">155\/2023<\/a>, de Durval Ferreira (PL), e o\u00a0<a href=\"https:\/\/sapl.joaopessoa.pb.leg.br\/materia\/164553\" rel=\"nofollow noopener\" target=\"_blank\">157\/2023<\/a>, de Thiago Lucena (PRTB), que concedem honrarias, respectivamente, ao governador Jo\u00e3o Azevedo (PSB) e a Jos\u00e9 Ferreira Abdal Neto.<\/p>\n<p>O post <a rel=\"nofollow noopener\" href=\"https:\/\/wscom.com.br\/camara-proibe-circulacao-de-ciclomotores-eletricos-nas-ciclovias-e-calcadas-de-joao-pessoa\/\" target=\"_blank\">C\u00e2mara pro\u00edbe circula\u00e7\u00e3o de ciclomotores el\u00e9tricos nas ciclovias e cal\u00e7adas de Jo\u00e3o Pessoa<\/a> apareceu primeiro em <a rel=\"nofollow noopener\" href=\"https:\/\/wscom.com.br\/\" target=\"_blank\">WSCOM<\/a>.<\/p>\n","protected":false},"excerpt":{"rendered":"<p>A C\u00e2mara Municipal de Jo\u00e3o Pessoa (CMJP) aprovou, durante a sess\u00e3o ordin\u00e1ria desta ter\u00e7a-feira (29), 12 mat\u00e9rias legislativas. Dentre elas, est\u00e3o os Projetos de Lei Ordin\u00e1ria (PLO) que preveem a proibi\u00e7\u00e3o da circula\u00e7\u00e3o de ciclomotores el\u00e9tricos e motorizados nas ciclovias e cal\u00e7adas da Capital e a institui\u00e7\u00e3o da Semana de conscientiza\u00e7\u00e3o dos males causados pelo [\u2026]<\/p>\n<p>O post <a rel=\"nofollow\" href=\"https:\/\/wscom.com.br\/camara-proibe-circulacao-de-ciclomotores-eletricos-nas-ciclovias-e-calcadas-de-joao-pessoa\/\">C\u00e2mara pro\u00edbe circula\u00e7\u00e3o de ciclomotores el\u00e9tricos nas ciclovias e cal\u00e7adas de Jo\u00e3o Pessoa<\/a> apareceu primeiro em <a rel=\"nofollow\" href=\"https:\/\/wscom.com.br\/\">WSCOM<\/a>.<\/p>\n","protected":false},"author":49,"featured_media":0,"comment_status":"closed","ping_status":"closed","sticky":false,"template":"","format":"standard","meta":{"advgb_blocks_editor_width":"","advgb_blocks_columns_visual_guide":"","footnotes":""},"categories":[8411,8412,284,34,71,47],"tags":[35],"class_list":["post-31951","post","type-post","status-publish","format-standard","hentry","category-ciclomotores-eletricos","category-ciclovias-e-calcadas","category-cmjp","category-g1","category-joao-pessoa","category-politica","tag-g1"],"author_meta":{"display_name":"Cristiane Cavalcante","author_link":"https:\/\/sindaopcpb.org.br\/author\/cristiane-cavalcante\/"},"featured_img":null,"coauthors":[],"tax_additional":{"categories":{"linked":["<a href=\"https:\/\/sindaopcpb.org.br\/ciclomotores-eletricos\/\" class=\"advgb-post-tax-term\">ciclomotores el\u00e9tricos<\/a>","<a href=\"https:\/\/sindaopcpb.org.br\/ciclovias-e-calcadas\/\" class=\"advgb-post-tax-term\">ciclovias e cal\u00e7adas<\/a>","<a href=\"https:\/\/sindaopcpb.org.br\/cmjp\/\" class=\"advgb-post-tax-term\">CMJP<\/a>","<a href=\"https:\/\/sindaopcpb.org.br\/g1\/\" class=\"advgb-post-tax-term\">G1<\/a>","<a href=\"https:\/\/sindaopcpb.org.br\/joao-pessoa\/\" class=\"advgb-post-tax-term\">Jo\u00e3o Pessoa<\/a>","<a href=\"https:\/\/sindaopcpb.org.br\/politica\/\" class=\"advgb-post-tax-term\">POLITICA<\/a>"],"unlinked":["<span class=\"advgb-post-tax-term\">ciclomotores el\u00e9tricos<\/span>","<span class=\"advgb-post-tax-term\">ciclovias e cal\u00e7adas<\/span>","<span class=\"advgb-post-tax-term\">CMJP<\/span>","<span class=\"advgb-post-tax-term\">G1<\/span>","<span class=\"advgb-post-tax-term\">Jo\u00e3o Pessoa<\/span>","<span class=\"advgb-post-tax-term\">POLITICA<\/span>"]},"tags":{"linked":["<a href=\"https:\/\/sindaopcpb.org.br\/politica\/\" class=\"advgb-post-tax-term\">g1<\/a>"],"unlinked":["<span class=\"advgb-post-tax-term\">g1<\/span>"]}},"comment_count":"0","relative_dates":{"created":"Publicado 3 anos atr\u00e1s","modified":"Atualizado 3 anos atr\u00e1s"},"absolute_dates":{"created":"Publicado em 29 de agosto de 2023","modified":"Atualizado em 29 de agosto de 2023"},"absolute_dates_time":{"created":"Publicado em 29 de agosto de 2023 16:58","modified":"Atualizado em 29 de agosto de 2023 16:58"},"featured_img_caption":"","series_order":"","_links":{"self":[{"href":"https:\/\/sindaopcpb.org.br\/index.php\/wp-json\/wp\/v2\/posts\/31951","targetHints":{"allow":["GET"]}}],"collection":[{"href":"https:\/\/sindaopcpb.org.br\/index.php\/wp-json\/wp\/v2\/posts"}],"about":[{"href":"https:\/\/sindaopcpb.org.br\/index.php\/wp-json\/wp\/v2\/types\/post"}],"author":[{"embeddable":true,"href":"https:\/\/sindaopcpb.org.br\/index.php\/wp-json\/wp\/v2\/users\/49"}],"replies":[{"embeddable":true,"href":"https:\/\/sindaopcpb.org.br\/index.php\/wp-json\/wp\/v2\/comments?post=31951"}],"version-history":[{"count":1,"href":"https:\/\/sindaopcpb.org.br\/index.php\/wp-json\/wp\/v2\/posts\/31951\/revisions"}],"predecessor-version":[{"id":31952,"href":"https:\/\/sindaopcpb.org.br\/index.php\/wp-json\/wp\/v2\/posts\/31951\/revisions\/31952"}],"wp:attachment":[{"href":"https:\/\/sindaopcpb.org.br\/index.php\/wp-json\/wp\/v2\/media?parent=31951"}],"wp:term":[{"taxonomy":"category","embeddable":true,"href":"https:\/\/sindaopcpb.org.br\/index.php\/wp-json\/wp\/v2\/categories?post=31951"},{"taxonomy":"post_tag","embeddable":true,"href":"https:\/\/sindaopcpb.org.br\/index.php\/wp-json\/wp\/v2\/tags?post=31951"}],"curies":[{"name":"wp","href":"https:\/\/api.w.org\/{rel}","templated":true}]}}