{"id":31947,"date":"2023-08-29T17:06:16","date_gmt":"2023-08-29T20:06:16","guid":{"rendered":"https:\/\/wpa.wscom.com.br\/?p=920374"},"modified":"2023-08-29T17:06:16","modified_gmt":"2023-08-29T20:06:16","slug":"vereadores-recebem-ambulantes-e-atendem-demanda-de-participacao-no-comite-gestor-da-via-folia","status":"publish","type":"post","link":"https:\/\/sindaopcpb.org.br\/index.php\/2023\/08\/29\/vereadores-recebem-ambulantes-e-atendem-demanda-de-participacao-no-comite-gestor-da-via-folia\/","title":{"rendered":"Vereadores recebem ambulantes e atendem demanda de participa\u00e7\u00e3o no comit\u00ea gestor da \u2018Via Folia\u2019"},"content":{"rendered":"<p>Representantes dos trabalhadores do com\u00e9rcio informal se reuniram em frente \u00e0 sede da C\u00e2mara Municipal de Jo\u00e3o Pessoa (CMJP), nesta ter\u00e7a-feira (29), para reivindicar participa\u00e7\u00e3o no comit\u00ea gestor da \u2018Via Folia\u2019, como \u00e9 chamado o trecho da avenida Epit\u00e1cio Pessoa em que desfilam os blocos da pr\u00e9via carnavalesca Folia de Rua. O presidente da Casa, Dinho (Avante), designou uma comiss\u00e3o composta pelos vereadores Bruno Farias (Cidadania), Carl\u00e3o (PL), Guga (PP), Marc\u00edlio do HBE (Patriota) e Ra\u00edssa Lacerda (Avante) para dialogar com a categoria.<\/p>\n<p>A presidente da Associa\u00e7\u00e3o dos Ambulantes e Trabalhadores em Geral da Para\u00edba (Ameg), M\u00e1rcia Medeiros, explicou que a categoria ficou preocupada com a aprova\u00e7\u00e3o, na semana passada, de um\u00a0<a href=\"https:\/\/sapl.joaopessoa.pb.leg.br\/media\/sapl\/public\/materialegislativa\/2023\/164735\/plo_017_-_corredor_via_folia_pre-carnaval_-_2023.pdf\" rel=\"nofollow noopener\" target=\"_blank\">projeto de lei<\/a><strong>\u00a0<\/strong>que disciplina o corredor \u2018Via Folia\u2019 e cria o Comit\u00ea Gestor dos Blocos Tradicionais no Per\u00edodo de Pr\u00e9-Carnaval em Jo\u00e3o Pessoa. \u201cN\u00f3s precisamos estar inclu\u00eddos, com direito de voz e de voto. Queremos fazer parte do Comit\u00ea, que tem o poder de decis\u00e3o. O carnaval \u00e9 algo que acontece com a participa\u00e7\u00e3o dos trabalhadores ambulantes, e n\u00f3s precisamos estar inseridos nesse processo, discutindo todas as quest\u00f5es que envolvem os trabalhadores ambulantes\u201d, pleiteou.<\/p>\n<p>De acordo com a representante da categoria, a exig\u00eancia de fazer parte do Comit\u00ea Gestor visa a garantir que n\u00e3o sejam feitas mudan\u00e7as que prejudiquem o com\u00e9rcio informal. \u201cQueremos garantir que n\u00e3o vai haver mudan\u00e7as de locais, e que n\u00e3o ser\u00e1 cobrado um valor exorbitante para os ambulantes trabalharem\u201d, pontuou.<\/p>\n<p>O l\u00edder da situa\u00e7\u00e3o na Casa, vereador Bruno Farias, informou que durante a reuni\u00e3o ficou acordado que, caso o projeto seja sancionado pelo prefeito C\u00edcero Lucena (PP), a C\u00e2mara vai apresentar uma emenda \u00e0 lei para inserir um representante da categoria no Comit\u00ea Gestor. \u201cOs trabalhadores estavam com receio de ficarem de fora das discuss\u00f5es, de n\u00e3o poderem participar como sujeitos ativos importantes na realiza\u00e7\u00e3o de todas as festas populares de nossa cidade. Firmamos um compromisso de, uma vez sancionado o projeto e transformado em lei, n\u00f3s trabalharmos para inserir a Associa\u00e7\u00e3o dos Ambulantes no Comit\u00ea\u201d, garantiu.<\/p>\n<p>Bruno Farias tamb\u00e9m tranquilizou a categoria quanto \u00e0 preocupa\u00e7\u00e3o em rela\u00e7\u00e3o ao poss\u00edvel aumento da taxa de ocupa\u00e7\u00e3o e \u00e0 organiza\u00e7\u00e3o espacial dentro da avenida. \u201cEssa ser\u00e1 uma decis\u00e3o que, como j\u00e1 \u00e9 feita hoje, caber\u00e1 \u00e0 Secretaria de Desenvolvimento Urbano, n\u00e3o ser\u00e1 terceirizada. A Prefeitura n\u00e3o vai abrir m\u00e3o dessa sua atribui\u00e7\u00e3o, a organiza\u00e7\u00e3o desses espa\u00e7os vai continuar sob a responsabilidade da Sedurb. E n\u00f3s sabemos que, atualmente, existe uma rela\u00e7\u00e3o muito sadia, muito fraterna, um di\u00e1logo franco entre a Prefeitura e os trabalhadores informais em nosso munic\u00edpio\u201d, avaliou o l\u00edder.<\/p>\n<p>O autor do projeto que disciplina a \u2018Via Folia\u2019, Marc\u00edlio do HBE, se comprometeu de que ele mesmo vai apresentar uma emenda que garanta a participa\u00e7\u00e3o dos ambulantes no Comit\u00ea Gestor, caso a mat\u00e9ria vire lei. \u201cA inten\u00e7\u00e3o do projeto \u00e9 normatizar, organizar, estruturar, dar seguran\u00e7a principalmente para os ambulantes que est\u00e3o l\u00e1 trabalhando, vendendo seu produto, e muitas vezes t\u00eam seu material saqueado\u201d, defendeu.<\/p>\n<p>O post <a rel=\"nofollow noopener\" href=\"https:\/\/wscom.com.br\/vereadores-recebem-ambulantes-e-atendem-demanda-de-participacao-no-comite-gestor-da-via-folia\/\" target=\"_blank\">Vereadores recebem ambulantes e atendem demanda de participa\u00e7\u00e3o no comit\u00ea gestor da \u2018Via Folia\u2019<\/a> apareceu primeiro em <a rel=\"nofollow noopener\" href=\"https:\/\/wscom.com.br\/\" target=\"_blank\">WSCOM<\/a>.<\/p>\n","protected":false},"excerpt":{"rendered":"<p>Representantes dos trabalhadores do com\u00e9rcio informal se reuniram em frente \u00e0 sede da C\u00e2mara Municipal de Jo\u00e3o Pessoa (CMJP), nesta ter\u00e7a-feira (29), para reivindicar participa\u00e7\u00e3o no comit\u00ea gestor da \u2018Via Folia\u2019, como \u00e9 chamado o trecho da avenida Epit\u00e1cio Pessoa em que desfilam os blocos da pr\u00e9via carnavalesca Folia de Rua. O presidente da Casa, [\u2026]<\/p>\n<p>O post <a rel=\"nofollow\" href=\"https:\/\/wscom.com.br\/vereadores-recebem-ambulantes-e-atendem-demanda-de-participacao-no-comite-gestor-da-via-folia\/\">Vereadores recebem ambulantes e atendem demanda de participa\u00e7\u00e3o no comit\u00ea gestor da \u2018Via Folia\u2019<\/a> apareceu primeiro em <a rel=\"nofollow\" href=\"https:\/\/wscom.com.br\/\">WSCOM<\/a>.<\/p>\n","protected":false},"author":49,"featured_media":0,"comment_status":"closed","ping_status":"closed","sticky":false,"template":"","format":"standard","meta":{"advgb_blocks_editor_width":"","advgb_blocks_columns_visual_guide":"","footnotes":""},"categories":[8407,2517,8408,34,47,8409,8410],"tags":[35],"class_list":["post-31947","post","type-post","status-publish","format-standard","hentry","category-carnaval-de-rua","category-comercio-informal","category-comite-gestor","category-g1","category-politica","category-privatizacao-do-carnaval","category-vendedores-ambulantes","tag-g1"],"author_meta":{"display_name":"Cristiane Cavalcante","author_link":"https:\/\/sindaopcpb.org.br\/author\/cristiane-cavalcante\/"},"featured_img":null,"coauthors":[],"tax_additional":{"categories":{"linked":["<a href=\"https:\/\/sindaopcpb.org.br\/carnaval-de-rua\/\" class=\"advgb-post-tax-term\">carnaval de rua<\/a>","<a href=\"https:\/\/sindaopcpb.org.br\/comercio-informal\/\" class=\"advgb-post-tax-term\">com\u00e9rcio informal<\/a>","<a href=\"https:\/\/sindaopcpb.org.br\/comite-gestor\/\" class=\"advgb-post-tax-term\">comit\u00ea gestor<\/a>","<a href=\"https:\/\/sindaopcpb.org.br\/g1\/\" class=\"advgb-post-tax-term\">G1<\/a>","<a href=\"https:\/\/sindaopcpb.org.br\/politica\/\" class=\"advgb-post-tax-term\">POLITICA<\/a>","<a href=\"https:\/\/sindaopcpb.org.br\/privatizacao-do-carnaval\/\" class=\"advgb-post-tax-term\">privatiza\u00e7\u00e3o do carnaval<\/a>","<a href=\"https:\/\/sindaopcpb.org.br\/vendedores-ambulantes\/\" class=\"advgb-post-tax-term\">vendedores ambulantes<\/a>"],"unlinked":["<span class=\"advgb-post-tax-term\">carnaval de rua<\/span>","<span class=\"advgb-post-tax-term\">com\u00e9rcio informal<\/span>","<span class=\"advgb-post-tax-term\">comit\u00ea gestor<\/span>","<span class=\"advgb-post-tax-term\">G1<\/span>","<span class=\"advgb-post-tax-term\">POLITICA<\/span>","<span class=\"advgb-post-tax-term\">privatiza\u00e7\u00e3o do carnaval<\/span>","<span class=\"advgb-post-tax-term\">vendedores ambulantes<\/span>"]},"tags":{"linked":["<a href=\"https:\/\/sindaopcpb.org.br\/vendedores-ambulantes\/\" class=\"advgb-post-tax-term\">g1<\/a>"],"unlinked":["<span class=\"advgb-post-tax-term\">g1<\/span>"]}},"comment_count":"0","relative_dates":{"created":"Publicado 3 anos atr\u00e1s","modified":"Atualizado 3 anos atr\u00e1s"},"absolute_dates":{"created":"Publicado em 29 de agosto de 2023","modified":"Atualizado em 29 de agosto de 2023"},"absolute_dates_time":{"created":"Publicado em 29 de agosto de 2023 17:06","modified":"Atualizado em 29 de agosto de 2023 17:06"},"featured_img_caption":"","series_order":"","_links":{"self":[{"href":"https:\/\/sindaopcpb.org.br\/index.php\/wp-json\/wp\/v2\/posts\/31947","targetHints":{"allow":["GET"]}}],"collection":[{"href":"https:\/\/sindaopcpb.org.br\/index.php\/wp-json\/wp\/v2\/posts"}],"about":[{"href":"https:\/\/sindaopcpb.org.br\/index.php\/wp-json\/wp\/v2\/types\/post"}],"author":[{"embeddable":true,"href":"https:\/\/sindaopcpb.org.br\/index.php\/wp-json\/wp\/v2\/users\/49"}],"replies":[{"embeddable":true,"href":"https:\/\/sindaopcpb.org.br\/index.php\/wp-json\/wp\/v2\/comments?post=31947"}],"version-history":[{"count":1,"href":"https:\/\/sindaopcpb.org.br\/index.php\/wp-json\/wp\/v2\/posts\/31947\/revisions"}],"predecessor-version":[{"id":31948,"href":"https:\/\/sindaopcpb.org.br\/index.php\/wp-json\/wp\/v2\/posts\/31947\/revisions\/31948"}],"wp:attachment":[{"href":"https:\/\/sindaopcpb.org.br\/index.php\/wp-json\/wp\/v2\/media?parent=31947"}],"wp:term":[{"taxonomy":"category","embeddable":true,"href":"https:\/\/sindaopcpb.org.br\/index.php\/wp-json\/wp\/v2\/categories?post=31947"},{"taxonomy":"post_tag","embeddable":true,"href":"https:\/\/sindaopcpb.org.br\/index.php\/wp-json\/wp\/v2\/tags?post=31947"}],"curies":[{"name":"wp","href":"https:\/\/api.w.org\/{rel}","templated":true}]}}