{"id":31941,"date":"2023-08-29T17:02:00","date_gmt":"2023-08-29T20:02:00","guid":{"rendered":"https:\/\/www.infomoney.com.br\/?p=2228845"},"modified":"2023-08-29T17:02:00","modified_gmt":"2023-08-29T20:02:00","slug":"haddad-orcamento-sera-encaminhado-com-resultado-equilibrado-nem-teria-tempo-de-mudar","status":"publish","type":"post","link":"https:\/\/sindaopcpb.org.br\/index.php\/2023\/08\/29\/haddad-orcamento-sera-encaminhado-com-resultado-equilibrado-nem-teria-tempo-de-mudar\/","title":{"rendered":"Haddad: Or\u00e7amento ser\u00e1 encaminhado com \u2018resultado equilibrado\u2019, nem teria tempo de mudar"},"content":{"rendered":"<p><img loading=\"lazy\" width=\"300\" height=\"200\" src=\"https:\/\/www.infomoney.com.br\/wp-content\/uploads\/2023\/08\/Haddad1.jpg?fit=300%2C200&amp;quality=70&amp;strip=all\" class=\"attachment-medium size-medium wp-post-image\" alt=\"\" decoding=\"async\" style=\"float:right; margin:0 0 10px 10px;\" srcset=\"https:\/\/www.infomoney.com.br\/wp-content\/uploads\/2023\/08\/Haddad1.jpg?w=1000&amp;quality=70&amp;strip=all 1000w, https:\/\/www.infomoney.com.br\/wp-content\/uploads\/2023\/08\/Haddad1.jpg?w=300&amp;quality=70&amp;strip=all 300w, https:\/\/www.infomoney.com.br\/wp-content\/uploads\/2023\/08\/Haddad1.jpg?w=768&amp;quality=70&amp;strip=all 768w, https:\/\/www.infomoney.com.br\/wp-content\/uploads\/2023\/08\/Haddad1.jpg?w=150&amp;quality=70&amp;strip=all 150w\" sizes=\"auto, (max-width: 300px) 100vw, 300px\" data-attachment-id=\"2212869\" data-permalink=\"https:\/\/www.infomoney.com.br\/politica\/deputados-veem-boas-chances-de-aprovacao-para-fim-do-jcp-e-taxacao-de-apostas-online-diz-pesquisa\/attachment\/haddad1-2\/\" data-orig-file=\"https:\/\/www.infomoney.com.br\/wp-content\/uploads\/2023\/08\/Haddad1.jpg?fit=1000%2C667&amp;quality=70&amp;strip=all\" data-orig-size=\"1000,667\" data-comments-opened=\"0\" data-image-meta=\"{&quot;aperture&quot;:&quot;0&quot;,&quot;credit&quot;:&quot;&quot;,&quot;camera&quot;:&quot;&quot;,&quot;caption&quot;:&quot;&quot;,&quot;created_timestamp&quot;:&quot;0&quot;,&quot;copyright&quot;:&quot;&quot;,&quot;focal_length&quot;:&quot;0&quot;,&quot;iso&quot;:&quot;0&quot;,&quot;shutter_speed&quot;:&quot;0&quot;,&quot;title&quot;:&quot;&quot;,&quot;orientation&quot;:&quot;0&quot;}\" data-image-title=\"Fernando Haddad\" data-image-description=\"\" data-image-caption=\"&lt;p&gt;O ministro da Fazenda, Fernando Haddad (PT), em audi\u00eancia p\u00fablica na C\u00e2mara dos Deputados (Vinicius Loures\/C\u00e2mara dos Deputados)&lt;\/p&gt;\n\" data-medium-file=\"https:\/\/www.infomoney.com.br\/wp-content\/uploads\/2023\/08\/Haddad1.jpg?fit=300%2C200&amp;quality=70&amp;strip=all\" data-large-file=\"https:\/\/www.infomoney.com.br\/wp-content\/uploads\/2023\/08\/Haddad1.jpg?fit=1000%2C667&amp;quality=70&amp;strip=all\" title=\"\"><\/p>\n<p>Diante da especula&ccedil;&atilde;o pol&iacute;tica sobre a possibilidade de altera&ccedil;&atilde;o na meta de d&eacute;ficit prim&aacute;rio zero para 2024, o ministro da Fazenda, Fernando Haddad, garantiu, nesta ter&ccedil;a-feira (29), que o Projeto de Lei Or&ccedil;ament&aacute;ria Anual (PLOA) de 2024 ser&aacute; encaminhado ao Congresso com &ldquo;resultado equilibrado&rdquo;. Apesar do &ldquo;fogo amigo&rdquo; da ala pol&iacute;tica do governo, o ministro disse que nem mesmo haveria tempo h&aacute;bil para alterar o projeto, que precisa ser entregue ao Parlamento at&eacute; quinta-feira, 31.<\/p>\n<p>&ldquo;Est&aacute; pronto h&aacute; mais de 15 dias. N&atilde;o tem nem como mudar o or&ccedil;amento. No dia 31 a gente apresenta os par&acirc;metros, os dados, as medidas fiscais, j&aacute; fechado com o Planejamento. O or&ccedil;amento est&aacute; indo equilibrado, o que significa que as receitas prim&aacute;rias s&atilde;o iguais as despesas prim&aacute;rias&rdquo;, disse Haddad antes de deixar a Fazenda a caminho do Pal&aacute;cio do Planalto, onde teria ainda agendada reuni&atilde;o com o presidente da Rep&uacute;blica, Luiz In&aacute;cio Lula da Silva, e os demais integrantes da Junta de Execu&ccedil;&atilde;o Or&ccedil;ament&aacute;ria (JEO).<\/p>\n<p>Segundo Haddad, a equipe agora est&aacute; fechando quest&otilde;es como anexos e exposi&ccedil;&otilde;es de motivos da pe&ccedil;a or&ccedil;ament&aacute;ria.<\/p>\n<p>Ainda de acordo com o ministro, o or&ccedil;amento estava pronto antes mesmo da viagem de Lula para a c&uacute;pula do Brics, na qual Haddad acompanhou o presidente. &ldquo;N&atilde;o tem nem como mudar a pe&ccedil;a or&ccedil;ament&aacute;ria em dois dias&rdquo;, respondeu.<\/p>\n<p>Como mostrou o <i>Broadcast<\/i> (sistema de not&iacute;cias em tempo real do Grupo Estado) mais cedo, a Fazenda mant&eacute;m seu objetivo de manter a meta de d&eacute;ficit zero em 2024 e v&ecirc; o debate como um n&atilde;o assunto neste momento, apesar de ter sido levantado pela ala pol&iacute;tica do governo.<\/p>\n<\/p>\n<div class=\"cta-end\">\n<div class=\"im-cta\" >\n<div class=\"im-shortcode-forms bg-light bg-opacity-25 border rounded-4 p-3 p-sm-4 p-md-3 p-lg-4 px-xxl-5 my-5\" data-configuration='{\"form_name\":false,\"form_hat\":\"Newsletter\",\"form_email\":true,\"form_icon\":\"newsletter\",\"form_phone\":false,\"form_campaign\":\"NIM\",\"form_thankyou\":\"\",\"form_journey\":\"APIEvent-26a5198d-8e09-06ef-5f80-cd9127757ad1\",\"form_button\":\"Quero receber\",\"form_context\":\"newsletter\",\"form_origin\":\"https:\\\/\\\/www.infomoney.com.br\\\/politica\\\/feed\\\/?utm_medium=materia&#038;utm_source=infomoney&#038;utm_campaign=NIM&#038;utm_term=politica&#038;utm_content=newsletter\",\"form_position\":\"final\",\"form_category\":\"cta_form\"}'>\n<div class=\"d-flex flex-column align-items-center align-items-lg-start mb-4 flex-lg-row\">\n<div class=\"rounded-circle mb-2 mb-lg-0 mr-lg-4 me-lg-4 p-3 p-lg-4 bg-blue-400\"><svg width=\"40\" height=\"40\" viewBox=\"0 0 40 40\" fill=\"none\" xmlns=\"http:\/\/www.w3.org\/2000\/svg\"><path d=\"M20 20.25 6.042 11.042v19.041c0 .167.048.299.146.396a.535.535 0 0 0 .395.146h15.792V32.5H6.583a2.328 2.328 0 0 1-1.708-.708 2.328 2.328 0 0 1-.708-1.709V9.917c0-.667.236-1.236.708-1.709A2.328 2.328 0 0 1 6.583 7.5h26.834c.666 0 1.236.236 1.708.708a2.33 2.33 0 0 1 .708 1.709v12.458h-1.875V11.042L20 20.25Zm0-2 13.667-8.875H6.333L20 18.25Zm11.75 18.958-1.292-1.333 3.334-3.375h-9v-1.875h9l-3.375-3.417 1.333-1.291 5.667 5.625-5.667 5.666ZM6.042 11.042v20.791-9.458.25-13.25 1.667Z\" fill=\"#fff\"\/><\/svg><\/div>\n<div class=\"flex-fill text-center text-lg-left\">\n<div class=\"h6 small text-orange-700 lh-base mb-1\">Newsletter<\/div>\n<div class=\"text-body h4 m-0\">Infomorning<\/div>\n<div class=\"text-body small lh-base mt-2\">Receba no seu e-mail logo pela manh&atilde; as not&iacute;cias que v&atilde;o mexer com os mercados, com os seus investimentos e o seu bolso durante o dia<\/div>\n<\/div>\n<\/div>\n<\/div>\n<\/div>\n<\/div>\n<p>The post <a rel=\"nofollow noopener\" href=\"https:\/\/www.infomoney.com.br\/politica\/haddad-orcamento-sera-encaminhado-com-resultado-equilibrado-nem-teria-tempo-de-mudar\/\" target=\"_blank\">Haddad: Or\u00e7amento ser\u00e1 encaminhado com &#8216;resultado equilibrado&#8217;, nem teria tempo de mudar<\/a> appeared first on <a rel=\"nofollow noopener\" href=\"https:\/\/www.infomoney.com.br\/\" target=\"_blank\">InfoMoney<\/a>.<\/p>\n","protected":false},"excerpt":{"rendered":"<p><img loading=\"lazy\" decoding=\"async\" width=\"300\" height=\"200\" src=\"https:\/\/www.infomoney.com.br\/wp-content\/uploads\/2023\/08\/Haddad1.jpg?fit=300%2C200&amp;quality=70&amp;strip=all\" class=\"attachment-medium size-medium wp-post-image\" alt=\"\" data-attachment-id=\"2212869\" data-permalink=\"https:\/\/www.infomoney.com.br\/politica\/deputados-veem-boas-chances-de-aprovacao-para-fim-do-jcp-e-taxacao-de-apostas-online-diz-pesquisa\/attachment\/haddad1-2\/\" data-orig-file=\"https:\/\/www.infomoney.com.br\/wp-content\/uploads\/2023\/08\/Haddad1.jpg?fit=1000%2C667&amp;quality=70&amp;strip=all\" data-orig-size=\"1000,667\" data-comments-opened=\"0\" data-image-meta='{\"aperture\":\"0\",\"credit\":\"\",\"camera\":\"\",\"caption\":\"\",\"created_timestamp\":\"0\",\"copyright\":\"\",\"focal_length\":\"0\",\"iso\":\"0\",\"shutter_speed\":\"0\",\"title\":\"\",\"orientation\":\"0\"}' data-image-title=\"Fernando Haddad\" data-image-description=\"\" data-image-caption=\"&lt;p&gt;O ministro da Fazenda, Fernando Haddad (PT), em audi\u00eancia p\u00fablica na C\u00e2mara dos Deputados (Vinicius Loures\/C\u00e2mara dos Deputados)&lt;\/p&gt;\n\" data-medium-file=\"https:\/\/www.infomoney.com.br\/wp-content\/uploads\/2023\/08\/Haddad1.jpg?fit=300%2C200&amp;quality=70&amp;strip=all\" data-large-file=\"https:\/\/www.infomoney.com.br\/wp-content\/uploads\/2023\/08\/Haddad1.jpg?fit=1000%2C667&amp;quality=70&amp;strip=all\">&#8220;No dia 31 a gente apresenta os par\u00e2metros, os dados, as medidas fiscais, j\u00e1 fechado com o Planejamento&#8221;, afirmou<\/p>\n<p>The post <a rel=\"nofollow\" href=\"https:\/\/www.infomoney.com.br\/politica\/haddad-orcamento-sera-encaminhado-com-resultado-equilibrado-nem-teria-tempo-de-mudar\/\">Haddad: Or\u00e7amento ser\u00e1 encaminhado com \u2018resultado equilibrado\u2019, nem teria tempo de mudar<\/a> appeared first on <a rel=\"nofollow\" href=\"https:\/\/www.infomoney.com.br\/\">InfoMoney<\/a>.<\/p>\n","protected":false},"author":43,"featured_media":0,"comment_status":"closed","ping_status":"closed","sticky":false,"template":"","format":"standard","meta":{"advgb_blocks_editor_width":"","advgb_blocks_columns_visual_guide":"","footnotes":""},"categories":[6096,109,34,130,230,47],"tags":[35],"class_list":["post-31941","post","type-post","status-publish","format-standard","hentry","category-deficit-fiscal","category-fernando-haddad","category-g1","category-ministerio-da-fazenda","category-orcamento-publico","category-politica","tag-g1"],"author_meta":{"display_name":"Estad\u00e3o Conte\u00fado","author_link":"https:\/\/sindaopcpb.org.br\/author\/estadao-conteudo\/"},"featured_img":null,"coauthors":[],"tax_additional":{"categories":{"linked":["<a href=\"https:\/\/sindaopcpb.org.br\/deficit-fiscal\/\" class=\"advgb-post-tax-term\">D\u00e9ficit Fiscal<\/a>","<a href=\"https:\/\/sindaopcpb.org.br\/fernando-haddad\/\" class=\"advgb-post-tax-term\">FERNANDO HADDAD<\/a>","<a href=\"https:\/\/sindaopcpb.org.br\/g1\/\" class=\"advgb-post-tax-term\">G1<\/a>","<a href=\"https:\/\/sindaopcpb.org.br\/ministerio-da-fazenda\/\" class=\"advgb-post-tax-term\">Minist\u00e9rio da Fazenda<\/a>","<a href=\"https:\/\/sindaopcpb.org.br\/orcamento-publico\/\" class=\"advgb-post-tax-term\">Or\u00e7amento P\u00fablico<\/a>","<a href=\"https:\/\/sindaopcpb.org.br\/politica\/\" class=\"advgb-post-tax-term\">POLITICA<\/a>"],"unlinked":["<span class=\"advgb-post-tax-term\">D\u00e9ficit Fiscal<\/span>","<span class=\"advgb-post-tax-term\">FERNANDO HADDAD<\/span>","<span class=\"advgb-post-tax-term\">G1<\/span>","<span class=\"advgb-post-tax-term\">Minist\u00e9rio da Fazenda<\/span>","<span class=\"advgb-post-tax-term\">Or\u00e7amento P\u00fablico<\/span>","<span class=\"advgb-post-tax-term\">POLITICA<\/span>"]},"tags":{"linked":["<a href=\"https:\/\/sindaopcpb.org.br\/politica\/\" class=\"advgb-post-tax-term\">g1<\/a>"],"unlinked":["<span class=\"advgb-post-tax-term\">g1<\/span>"]}},"comment_count":"0","relative_dates":{"created":"Publicado 3 anos atr\u00e1s","modified":"Atualizado 3 anos atr\u00e1s"},"absolute_dates":{"created":"Publicado em 29 de agosto de 2023","modified":"Atualizado em 29 de agosto de 2023"},"absolute_dates_time":{"created":"Publicado em 29 de agosto de 2023 17:02","modified":"Atualizado em 29 de agosto de 2023 17:02"},"featured_img_caption":"","series_order":"","_links":{"self":[{"href":"https:\/\/sindaopcpb.org.br\/index.php\/wp-json\/wp\/v2\/posts\/31941","targetHints":{"allow":["GET"]}}],"collection":[{"href":"https:\/\/sindaopcpb.org.br\/index.php\/wp-json\/wp\/v2\/posts"}],"about":[{"href":"https:\/\/sindaopcpb.org.br\/index.php\/wp-json\/wp\/v2\/types\/post"}],"author":[{"embeddable":true,"href":"https:\/\/sindaopcpb.org.br\/index.php\/wp-json\/wp\/v2\/users\/43"}],"replies":[{"embeddable":true,"href":"https:\/\/sindaopcpb.org.br\/index.php\/wp-json\/wp\/v2\/comments?post=31941"}],"version-history":[{"count":1,"href":"https:\/\/sindaopcpb.org.br\/index.php\/wp-json\/wp\/v2\/posts\/31941\/revisions"}],"predecessor-version":[{"id":31942,"href":"https:\/\/sindaopcpb.org.br\/index.php\/wp-json\/wp\/v2\/posts\/31941\/revisions\/31942"}],"wp:attachment":[{"href":"https:\/\/sindaopcpb.org.br\/index.php\/wp-json\/wp\/v2\/media?parent=31941"}],"wp:term":[{"taxonomy":"category","embeddable":true,"href":"https:\/\/sindaopcpb.org.br\/index.php\/wp-json\/wp\/v2\/categories?post=31941"},{"taxonomy":"post_tag","embeddable":true,"href":"https:\/\/sindaopcpb.org.br\/index.php\/wp-json\/wp\/v2\/tags?post=31941"}],"curies":[{"name":"wp","href":"https:\/\/api.w.org\/{rel}","templated":true}]}}