{"id":31911,"date":"2023-08-29T13:41:44","date_gmt":"2023-08-29T16:41:44","guid":{"rendered":"https:\/\/www.infomoney.com.br\/?p=2228553"},"modified":"2023-08-29T13:41:44","modified_gmt":"2023-08-29T16:41:44","slug":"especialistas-apontam-atualizacoes-necessarias-na-legislacao-eleitoral","status":"publish","type":"post","link":"https:\/\/sindaopcpb.org.br\/index.php\/2023\/08\/29\/especialistas-apontam-atualizacoes-necessarias-na-legislacao-eleitoral\/","title":{"rendered":"Especialistas apontam atualiza\u00e7\u00f5es necess\u00e1rias na legisla\u00e7\u00e3o eleitoral"},"content":{"rendered":"<p><img loading=\"lazy\" width=\"300\" height=\"200\" src=\"https:\/\/www.infomoney.com.br\/wp-content\/uploads\/2022\/07\/Camara_dos_Deputados1.jpg?fit=300%2C200&amp;quality=70&amp;strip=all\" class=\"attachment-medium size-medium wp-post-image\" alt=\"\" decoding=\"async\" style=\"float:right; margin:0 0 10px 10px;\" srcset=\"https:\/\/www.infomoney.com.br\/wp-content\/uploads\/2022\/07\/Camara_dos_Deputados1.jpg?w=1000&amp;quality=70&amp;strip=all 1000w, https:\/\/www.infomoney.com.br\/wp-content\/uploads\/2022\/07\/Camara_dos_Deputados1.jpg?w=300&amp;quality=70&amp;strip=all 300w, https:\/\/www.infomoney.com.br\/wp-content\/uploads\/2022\/07\/Camara_dos_Deputados1.jpg?w=768&amp;quality=70&amp;strip=all 768w, https:\/\/www.infomoney.com.br\/wp-content\/uploads\/2022\/07\/Camara_dos_Deputados1.jpg?w=150&amp;quality=70&amp;strip=all 150w\" sizes=\"auto, (max-width: 300px) 100vw, 300px\" data-attachment-id=\"1890995\" data-permalink=\"https:\/\/www.infomoney.com.br\/politica\/camara-aprova-texto-base-da-pec-dos-auxilios-em-segundo-turno-por-469-votos-a-17\/attachment\/camara_dos_deputados1\/\" data-orig-file=\"https:\/\/www.infomoney.com.br\/wp-content\/uploads\/2022\/07\/Camara_dos_Deputados1.jpg?fit=1000%2C667&amp;quality=70&amp;strip=all\" data-orig-size=\"1000,667\" data-comments-opened=\"1\" data-image-meta=\"{&quot;aperture&quot;:&quot;0&quot;,&quot;credit&quot;:&quot;&quot;,&quot;camera&quot;:&quot;&quot;,&quot;caption&quot;:&quot;&quot;,&quot;created_timestamp&quot;:&quot;0&quot;,&quot;copyright&quot;:&quot;&quot;,&quot;focal_length&quot;:&quot;0&quot;,&quot;iso&quot;:&quot;0&quot;,&quot;shutter_speed&quot;:&quot;0&quot;,&quot;title&quot;:&quot;&quot;,&quot;orientation&quot;:&quot;0&quot;}\" data-image-title=\"C\u00e2mara dos Deputados\" data-image-description=\"\" data-image-caption=\"&lt;p&gt;O plen\u00e1rio da C\u00e2mara dos Deputados (Foto: Elaine Menke\/C\u00e2mara dos Deputados)&lt;\/p&gt;\n\" data-medium-file=\"https:\/\/www.infomoney.com.br\/wp-content\/uploads\/2022\/07\/Camara_dos_Deputados1.jpg?fit=300%2C200&amp;quality=70&amp;strip=all\" data-large-file=\"https:\/\/www.infomoney.com.br\/wp-content\/uploads\/2022\/07\/Camara_dos_Deputados1.jpg?fit=1000%2C667&amp;quality=70&amp;strip=all\" title=\"\"><\/p>\n<p>Advogados apresentaram nesta ter&ccedil;a-feira (29) uma s&eacute;rie de sugest&otilde;es para uma minirreforma eleitoral visando a disputa municipal de 2024, durante reuni&atilde;o na C&acirc;mara dos Deputados. O debate foi promovido por um grupo de trabalho criado no &uacute;ltimo dia 22 pelo presidente da C&acirc;mara dos Deputados, Arthur Lira (PP-AL).<\/p>\n<p>Em sua apresenta&ccedil;&atilde;o, a advogada e professora Marilda de Paula Silveira apontou 14 pontos que deveriam ser atualizados, v&aacute;rios relacionados ao financiamento de campanha e &agrave; presta&ccedil;&atilde;o de contas. Ela defendeu as doa&ccedil;&otilde;es das pessoas f&iacute;sicas por meio do sistema de transfer&ecirc;ncias eletr&ocirc;nicas PIX, lan&ccedil;ado no Pa&iacute;s em 2020.<\/p>\n<p>Outra sugest&atilde;o dela &eacute; revogar todos os dispositivos que atualmente estabelecem veda&ccedil;&otilde;es para a propaganda eleitoral em espa&ccedil;os privados &ldquo;Como j&aacute; h&aacute; teto para campanha, h&aacute; teto para o partido, est&aacute; na hora de deixar as pessoas gastarem o dinheiro da propaganda onde bem quiserem&rdquo;, defendeu Marilda Silveira.<\/p>\n<p>O ex-ministro do Tribunal Superior Eleitoral (TSE) Admar Gonzaga Neto foi um dos que apoiaram novas regras nos gastos de pr&eacute;-campanha, para assegurar igualdade de condi&ccedil;&otilde;es entre os candidatos. Pelo mesmo motivo, ele tamb&eacute;m defendeu a presta&ccedil;&atilde;o de contas de eleitos e n&atilde;o eleitos em um mesmo prazo.<\/p>\n<p>J&aacute; o ex-ministro do TSE Henrique Neves sugeriu altera&ccedil;&otilde;es em t&oacute;picos relacionados ao registro de candidaturas e &agrave;s inelegibilidades. Ele pediu normas claras e uma data espec&iacute;fica para servir como base para eventuais impugna&ccedil;&otilde;es pela Justi&ccedil;a Eleitoral. &ldquo;&Eacute; preciso simplificar cada vez mais a legisla&ccedil;&atilde;o&rdquo;, declarou.<\/p>\n<h2><strong>Influenciadores digitais<\/strong><\/h2>\n<p>&ldquo;H&aacute; necessidade de maior regulamenta&ccedil;&atilde;o sobre influenciadores digitais&rdquo;, disse o coordenador-geral adjunto da Academia Brasileira de Direito Eleitoral e Pol&iacute;tico (Abradep), Bruno Andrade de Souza. &ldquo;Falam de games, mas d&atilde;o opini&atilde;o pol&iacute;tica; hoje esta n&atilde;o pode ser impulsionada, mas o canal como um todo &eacute;&rdquo;, analisou.<\/p>\n<p>Participaram ainda do debate os deputados Prof. Paulo Fernando (Republicanos-DF) e Renildo Calheiros (PCdoB-PE); o desembargador Roberto Maynard Frank, presidente do Tribunal Regional Eleitoral (TRE) da Bahia e do colegiado de presidentes dos TREs; a ex-ministra substituta do TSE Maria Claudia Bucchianeri; o presidente da Comiss&atilde;o de Direito Eleitoral da Ordem dos Advogados do Brasil (OAB), Sidney S&aacute; das Neves; e o advogado e consultor Alexandre Bissoli.<\/p>\n<h2><strong>Ajustes finos<\/strong><\/h2>\n<p>Durante o debate, os especialistas convidados buscaram atender as demandas do relator do grupo de trabalho (GT), deputado Rubens Pereira J&uacute;nior (PT-MA). &ldquo;O grosso da reforma pol&iacute;tica foi feito no passado, agora &eacute; o ajuste fino&rdquo;, disse o relator. &ldquo;S&atilde;o as pequenas mudan&ccedil;as que trar&atilde;o grandes avan&ccedil;os&rdquo;, explicou.<\/p>\n<p>O relator anunciou que apresentar&aacute; o anteprojeto at&eacute; o dia 6 de setembro. Para que as mudan&ccedil;as possam valer em 2024, essa minirreforma precisar&aacute; ser aprovada pelo Congresso Nacional e publicada at&eacute; 5 de outubro &ndash; ou seja, um ano antes da realiza&ccedil;&atilde;o do primeiro turno das elei&ccedil;&otilde;es municipais.<\/p>\n<p>Segundo a coordenadora do GT, deputada Dani Cunha (Uni&atilde;o-RJ), a estrat&eacute;gia &eacute; necess&aacute;ria devido ao prazo dos trabalhos, de 90 dias. Ela destacou que, al&eacute;m de audi&ecirc;ncias p&uacute;blicas &ndash; outra dever&aacute; ocorrer amanh&atilde; &ndash;, o colegiado possui um calend&aacute;rio de reuni&otilde;es externas e receber&aacute; colabora&ccedil;&otilde;es tamb&eacute;m pela internet.<\/p>\n<\/p>\n<div class=\"cta-end\">\n<div class=\"im-cta\" >\n<div class=\"im-shortcode-forms bg-light bg-opacity-25 border rounded-4 p-3 p-sm-4 p-md-3 p-lg-4 px-xxl-5 my-5\" data-configuration='{\"form_name\":false,\"form_hat\":\"Newsletter\",\"form_email\":true,\"form_icon\":\"newsletter\",\"form_phone\":false,\"form_campaign\":\"NIM\",\"form_thankyou\":\"\",\"form_journey\":\"APIEvent-26a5198d-8e09-06ef-5f80-cd9127757ad1\",\"form_button\":\"Quero receber\",\"form_context\":\"newsletter\",\"form_origin\":\"https:\\\/\\\/www.infomoney.com.br\\\/politica\\\/feed\\\/?utm_medium=materia&#038;utm_source=infomoney&#038;utm_campaign=NIM&#038;utm_term=politica&#038;utm_content=newsletter\",\"form_position\":\"final\",\"form_category\":\"cta_form\"}'>\n<div class=\"d-flex flex-column align-items-center align-items-lg-start mb-4 flex-lg-row\">\n<div class=\"rounded-circle mb-2 mb-lg-0 mr-lg-4 me-lg-4 p-3 p-lg-4 bg-blue-400\"><svg width=\"40\" height=\"40\" viewBox=\"0 0 40 40\" fill=\"none\" xmlns=\"http:\/\/www.w3.org\/2000\/svg\"><path d=\"M20 20.25 6.042 11.042v19.041c0 .167.048.299.146.396a.535.535 0 0 0 .395.146h15.792V32.5H6.583a2.328 2.328 0 0 1-1.708-.708 2.328 2.328 0 0 1-.708-1.709V9.917c0-.667.236-1.236.708-1.709A2.328 2.328 0 0 1 6.583 7.5h26.834c.666 0 1.236.236 1.708.708a2.33 2.33 0 0 1 .708 1.709v12.458h-1.875V11.042L20 20.25Zm0-2 13.667-8.875H6.333L20 18.25Zm11.75 18.958-1.292-1.333 3.334-3.375h-9v-1.875h9l-3.375-3.417 1.333-1.291 5.667 5.625-5.667 5.666ZM6.042 11.042v20.791-9.458.25-13.25 1.667Z\" fill=\"#fff\"\/><\/svg><\/div>\n<div class=\"flex-fill text-center text-lg-left\">\n<div class=\"h6 small text-orange-700 lh-base mb-1\">Newsletter<\/div>\n<div class=\"text-body h4 m-0\">Infomorning<\/div>\n<div class=\"text-body small lh-base mt-2\">Receba no seu e-mail logo pela manh&atilde; as not&iacute;cias que v&atilde;o mexer com os mercados, com os seus investimentos e o seu bolso durante o dia<\/div>\n<\/div>\n<\/div>\n<\/div>\n<\/div>\n<\/div>\n<p>The post <a rel=\"nofollow noopener\" href=\"https:\/\/www.infomoney.com.br\/politica\/especialistas-apontam-atualizacoes-necessarias-na-legislacao-eleitoral\/\" target=\"_blank\">Especialistas apontam atualiza\u00e7\u00f5es necess\u00e1rias na legisla\u00e7\u00e3o eleitoral<\/a> appeared first on <a rel=\"nofollow noopener\" href=\"https:\/\/www.infomoney.com.br\/\" target=\"_blank\">InfoMoney<\/a>.<\/p>\n","protected":false},"excerpt":{"rendered":"<p><img loading=\"lazy\" decoding=\"async\" width=\"300\" height=\"200\" src=\"https:\/\/www.infomoney.com.br\/wp-content\/uploads\/2022\/07\/Camara_dos_Deputados1.jpg?fit=300%2C200&amp;quality=70&amp;strip=all\" class=\"attachment-medium size-medium wp-post-image\" alt=\"\" data-attachment-id=\"1890995\" data-permalink=\"https:\/\/www.infomoney.com.br\/politica\/camara-aprova-texto-base-da-pec-dos-auxilios-em-segundo-turno-por-469-votos-a-17\/attachment\/camara_dos_deputados1\/\" data-orig-file=\"https:\/\/www.infomoney.com.br\/wp-content\/uploads\/2022\/07\/Camara_dos_Deputados1.jpg?fit=1000%2C667&amp;quality=70&amp;strip=all\" data-orig-size=\"1000,667\" data-comments-opened=\"1\" data-image-meta='{\"aperture\":\"0\",\"credit\":\"\",\"camera\":\"\",\"caption\":\"\",\"created_timestamp\":\"0\",\"copyright\":\"\",\"focal_length\":\"0\",\"iso\":\"0\",\"shutter_speed\":\"0\",\"title\":\"\",\"orientation\":\"0\"}' data-image-title=\"C\u00e2mara dos Deputados\" data-image-description=\"\" data-image-caption=\"&lt;p&gt;O plen\u00e1rio da C\u00e2mara dos Deputados (Foto: Elaine Menke\/C\u00e2mara dos Deputados)&lt;\/p&gt;\n\" data-medium-file=\"https:\/\/www.infomoney.com.br\/wp-content\/uploads\/2022\/07\/Camara_dos_Deputados1.jpg?fit=300%2C200&amp;quality=70&amp;strip=all\" data-large-file=\"https:\/\/www.infomoney.com.br\/wp-content\/uploads\/2022\/07\/Camara_dos_Deputados1.jpg?fit=1000%2C667&amp;quality=70&amp;strip=all\">Relator vai apresentar anteprojeto na pr\u00f3xima semana; mudan\u00e7as precisam ser aprovadas e publicadas at\u00e9 5 de outubro<\/p>\n<p>The post <a rel=\"nofollow\" href=\"https:\/\/www.infomoney.com.br\/politica\/especialistas-apontam-atualizacoes-necessarias-na-legislacao-eleitoral\/\">Especialistas apontam atualiza\u00e7\u00f5es necess\u00e1rias na legisla\u00e7\u00e3o eleitoral<\/a> appeared first on <a rel=\"nofollow\" href=\"https:\/\/www.infomoney.com.br\/\">InfoMoney<\/a>.<\/p>\n","protected":false},"author":47,"featured_media":0,"comment_status":"closed","ping_status":"closed","sticky":false,"template":"","format":"standard","meta":{"advgb_blocks_editor_width":"","advgb_blocks_columns_visual_guide":"","footnotes":""},"categories":[276,1662,34,513,47],"tags":[35],"class_list":["post-31911","post","type-post","status-publish","format-standard","hentry","category-camara-dos-deputados","category-eleicoes","category-g1","category-poder-legislativo","category-politica","tag-g1"],"author_meta":{"display_name":"luispereira","author_link":"https:\/\/sindaopcpb.org.br\/author\/luispereira\/"},"featured_img":null,"coauthors":[],"tax_additional":{"categories":{"linked":["<a href=\"https:\/\/sindaopcpb.org.br\/camara-dos-deputados\/\" class=\"advgb-post-tax-term\">C\u00e2mara dos Deputados<\/a>","<a href=\"https:\/\/sindaopcpb.org.br\/eleicoes\/\" class=\"advgb-post-tax-term\">Elei\u00e7\u00f5es<\/a>","<a href=\"https:\/\/sindaopcpb.org.br\/g1\/\" class=\"advgb-post-tax-term\">G1<\/a>","<a href=\"https:\/\/sindaopcpb.org.br\/poder-legislativo\/\" class=\"advgb-post-tax-term\">Poder Legislativo<\/a>","<a href=\"https:\/\/sindaopcpb.org.br\/politica\/\" class=\"advgb-post-tax-term\">POLITICA<\/a>"],"unlinked":["<span class=\"advgb-post-tax-term\">C\u00e2mara dos Deputados<\/span>","<span class=\"advgb-post-tax-term\">Elei\u00e7\u00f5es<\/span>","<span class=\"advgb-post-tax-term\">G1<\/span>","<span class=\"advgb-post-tax-term\">Poder Legislativo<\/span>","<span class=\"advgb-post-tax-term\">POLITICA<\/span>"]},"tags":{"linked":["<a href=\"https:\/\/sindaopcpb.org.br\/politica\/\" class=\"advgb-post-tax-term\">g1<\/a>"],"unlinked":["<span class=\"advgb-post-tax-term\">g1<\/span>"]}},"comment_count":"0","relative_dates":{"created":"Publicado 3 anos atr\u00e1s","modified":"Atualizado 3 anos atr\u00e1s"},"absolute_dates":{"created":"Publicado em 29 de agosto de 2023","modified":"Atualizado em 29 de agosto de 2023"},"absolute_dates_time":{"created":"Publicado em 29 de agosto de 2023 13:41","modified":"Atualizado em 29 de agosto de 2023 13:41"},"featured_img_caption":"","series_order":"","_links":{"self":[{"href":"https:\/\/sindaopcpb.org.br\/index.php\/wp-json\/wp\/v2\/posts\/31911","targetHints":{"allow":["GET"]}}],"collection":[{"href":"https:\/\/sindaopcpb.org.br\/index.php\/wp-json\/wp\/v2\/posts"}],"about":[{"href":"https:\/\/sindaopcpb.org.br\/index.php\/wp-json\/wp\/v2\/types\/post"}],"author":[{"embeddable":true,"href":"https:\/\/sindaopcpb.org.br\/index.php\/wp-json\/wp\/v2\/users\/47"}],"replies":[{"embeddable":true,"href":"https:\/\/sindaopcpb.org.br\/index.php\/wp-json\/wp\/v2\/comments?post=31911"}],"version-history":[{"count":1,"href":"https:\/\/sindaopcpb.org.br\/index.php\/wp-json\/wp\/v2\/posts\/31911\/revisions"}],"predecessor-version":[{"id":31912,"href":"https:\/\/sindaopcpb.org.br\/index.php\/wp-json\/wp\/v2\/posts\/31911\/revisions\/31912"}],"wp:attachment":[{"href":"https:\/\/sindaopcpb.org.br\/index.php\/wp-json\/wp\/v2\/media?parent=31911"}],"wp:term":[{"taxonomy":"category","embeddable":true,"href":"https:\/\/sindaopcpb.org.br\/index.php\/wp-json\/wp\/v2\/categories?post=31911"},{"taxonomy":"post_tag","embeddable":true,"href":"https:\/\/sindaopcpb.org.br\/index.php\/wp-json\/wp\/v2\/tags?post=31911"}],"curies":[{"name":"wp","href":"https:\/\/api.w.org\/{rel}","templated":true}]}}