{"id":31883,"date":"2023-08-29T13:37:31","date_gmt":"2023-08-29T16:37:31","guid":{"rendered":"https:\/\/wpa.wscom.com.br\/?p=920336"},"modified":"2023-08-29T13:37:31","modified_gmt":"2023-08-29T16:37:31","slug":"adolescente-de-13-anos-morre-durante-campeonato-de-ciclismo-no-pr-federacao-diz-que-ele-teve-mal-subito","status":"publish","type":"post","link":"https:\/\/sindaopcpb.org.br\/index.php\/2023\/08\/29\/adolescente-de-13-anos-morre-durante-campeonato-de-ciclismo-no-pr-federacao-diz-que-ele-teve-mal-subito\/","title":{"rendered":"Adolescente de 13 anos morre durante campeonato de ciclismo no PR; federa\u00e7\u00e3o diz que ele teve mal s\u00fabito"},"content":{"rendered":"<p>O adolescente Henzo Cristiano Lacerda Nascimento, de 13 anos, morreu durante uma corrida do Campeonato Paranaense de Mountain Bike XCO 2023.<\/p>\n<p>Segundo nota oficial da Federa\u00e7\u00e3o Paranaense de Ciclismo, o jovem atleta teve um mal s\u00fabito durante a prova, que foi realizada no domingo (27) em Manoel Ribas, na regi\u00e3o central do estado. A causa exata da morte, entretanto, deve ser apontada ap\u00f3s exames.<\/p>\n<p>A Pol\u00edcia Civil (PC-PR) afirmou que n\u00e3o est\u00e1 investigando a morte porque n\u00e3o houve ind\u00edcios de crime. O g1 entrou em contato com a Pol\u00edcia Cient\u00edfica e aguarda retorno.<\/p>\n<p>O pai de Henzo, Cristiano Nascimento, era um dos organizadores da competi\u00e7\u00e3o. Dias antes, ele publicou nas redes sociais um v\u00eddeo do filho convidando outros jovens a participarem da competi\u00e7\u00e3o.<\/p>\n<p>De acordo com a federa\u00e7\u00e3o, Henzo disputava a categoria infanto-juvenil do campeonato e era o atual segundo colocado do ranking paranaense de MTB XCO.<\/p>\n<p>O adolescente integrava um projeto esportivo desenvolvido pelo pai: o Projeto Nascimento Mountain Bike, voltado a crian\u00e7as e jovens com mais de 7 anos que moram em Manoel Ribas.<\/p>\n<p>De acordo com a Secretaria de Esporte de Arapongas, cidade do norte do Paran\u00e1 que teve competidores participando da prova, a morte de Henzo causou forte como\u00e7\u00e3o entre os atletas.<\/p>\n<p>&#8220;Henzo sempre foi um menino de destaque, excelente no que fazia e apaixonado pelo mundo do Mountain Bike. Ele representou Manoel Ribas em v\u00e1rias competi\u00e7\u00f5es, trazendo medalhas e trof\u00e9us para a sua cidade. [&#8230;] Fica aqui nossa homenagem a este jovem atleta que tinha um futuro brilhante pela frente&#8221;, disse o \u00f3rg\u00e3o.<\/p>\n<p>O post <a rel=\"nofollow noopener\" href=\"https:\/\/wscom.com.br\/adolescente-de-13-anos-morre-durante-campeonato-de-ciclismo-no-pr-federacao-diz-que-ele-teve-mal-subito\/\" target=\"_blank\">Adolescente de 13 anos morre durante campeonato de ciclismo no PR; federa\u00e7\u00e3o diz que ele teve mal s\u00fabito<\/a> apareceu primeiro em <a rel=\"nofollow noopener\" href=\"https:\/\/wscom.com.br\/\" target=\"_blank\">WSCOM<\/a>.<\/p>\n","protected":false},"excerpt":{"rendered":"<p>O adolescente Henzo Cristiano Lacerda Nascimento, de 13 anos, morreu durante uma corrida do Campeonato Paranaense de Mountain Bike XCO 2023. Segundo nota oficial da Federa\u00e7\u00e3o Paranaense de Ciclismo, o jovem atleta teve um mal s\u00fabito durante a prova, que foi realizada no domingo (27) em Manoel Ribas, na regi\u00e3o central do estado. A causa [\u2026]<\/p>\n<p>O post <a rel=\"nofollow\" href=\"https:\/\/wscom.com.br\/adolescente-de-13-anos-morre-durante-campeonato-de-ciclismo-no-pr-federacao-diz-que-ele-teve-mal-subito\/\">Adolescente de 13 anos morre durante campeonato de ciclismo no PR; federa\u00e7\u00e3o diz que ele teve mal s\u00fabito<\/a> apareceu primeiro em <a rel=\"nofollow\" href=\"https:\/\/wscom.com.br\/\">WSCOM<\/a>.<\/p>\n","protected":false},"author":49,"featured_media":0,"comment_status":"closed","ping_status":"closed","sticky":false,"template":"","format":"standard","meta":{"advgb_blocks_editor_width":"","advgb_blocks_columns_visual_guide":"","footnotes":""},"categories":[8374,207,34,7607,8375,873],"tags":[35],"class_list":["post-31883","post","type-post","status-publish","format-standard","hentry","category-campeonato-de-ciclismo","category-esporte","category-g1","category-mal-subito","category-mountain-bike","category-parana","tag-g1"],"author_meta":{"display_name":"Cristiane Cavalcante","author_link":"https:\/\/sindaopcpb.org.br\/author\/cristiane-cavalcante\/"},"featured_img":null,"coauthors":[],"tax_additional":{"categories":{"linked":["<a href=\"https:\/\/sindaopcpb.org.br\/campeonato-de-ciclismo\/\" class=\"advgb-post-tax-term\">campeonato de ciclismo<\/a>","<a href=\"https:\/\/sindaopcpb.org.br\/esporte\/\" class=\"advgb-post-tax-term\">Esporte<\/a>","<a href=\"https:\/\/sindaopcpb.org.br\/g1\/\" class=\"advgb-post-tax-term\">G1<\/a>","<a href=\"https:\/\/sindaopcpb.org.br\/mal-subito\/\" class=\"advgb-post-tax-term\">mal subito<\/a>","<a href=\"https:\/\/sindaopcpb.org.br\/mountain-bike\/\" class=\"advgb-post-tax-term\">mountain bike<\/a>","<a href=\"https:\/\/sindaopcpb.org.br\/parana\/\" class=\"advgb-post-tax-term\">paran\u00e1<\/a>"],"unlinked":["<span class=\"advgb-post-tax-term\">campeonato de ciclismo<\/span>","<span class=\"advgb-post-tax-term\">Esporte<\/span>","<span class=\"advgb-post-tax-term\">G1<\/span>","<span class=\"advgb-post-tax-term\">mal subito<\/span>","<span class=\"advgb-post-tax-term\">mountain bike<\/span>","<span class=\"advgb-post-tax-term\">paran\u00e1<\/span>"]},"tags":{"linked":["<a href=\"https:\/\/sindaopcpb.org.br\/parana\/\" class=\"advgb-post-tax-term\">g1<\/a>"],"unlinked":["<span class=\"advgb-post-tax-term\">g1<\/span>"]}},"comment_count":"0","relative_dates":{"created":"Publicado 3 anos atr\u00e1s","modified":"Atualizado 3 anos atr\u00e1s"},"absolute_dates":{"created":"Publicado em 29 de agosto de 2023","modified":"Atualizado em 29 de agosto de 2023"},"absolute_dates_time":{"created":"Publicado em 29 de agosto de 2023 13:37","modified":"Atualizado em 29 de agosto de 2023 13:37"},"featured_img_caption":"","series_order":"","_links":{"self":[{"href":"https:\/\/sindaopcpb.org.br\/index.php\/wp-json\/wp\/v2\/posts\/31883","targetHints":{"allow":["GET"]}}],"collection":[{"href":"https:\/\/sindaopcpb.org.br\/index.php\/wp-json\/wp\/v2\/posts"}],"about":[{"href":"https:\/\/sindaopcpb.org.br\/index.php\/wp-json\/wp\/v2\/types\/post"}],"author":[{"embeddable":true,"href":"https:\/\/sindaopcpb.org.br\/index.php\/wp-json\/wp\/v2\/users\/49"}],"replies":[{"embeddable":true,"href":"https:\/\/sindaopcpb.org.br\/index.php\/wp-json\/wp\/v2\/comments?post=31883"}],"version-history":[{"count":1,"href":"https:\/\/sindaopcpb.org.br\/index.php\/wp-json\/wp\/v2\/posts\/31883\/revisions"}],"predecessor-version":[{"id":31884,"href":"https:\/\/sindaopcpb.org.br\/index.php\/wp-json\/wp\/v2\/posts\/31883\/revisions\/31884"}],"wp:attachment":[{"href":"https:\/\/sindaopcpb.org.br\/index.php\/wp-json\/wp\/v2\/media?parent=31883"}],"wp:term":[{"taxonomy":"category","embeddable":true,"href":"https:\/\/sindaopcpb.org.br\/index.php\/wp-json\/wp\/v2\/categories?post=31883"},{"taxonomy":"post_tag","embeddable":true,"href":"https:\/\/sindaopcpb.org.br\/index.php\/wp-json\/wp\/v2\/tags?post=31883"}],"curies":[{"name":"wp","href":"https:\/\/api.w.org\/{rel}","templated":true}]}}