{"id":31881,"date":"2023-08-29T13:44:38","date_gmt":"2023-08-29T16:44:38","guid":{"rendered":"https:\/\/wpa.wscom.com.br\/?p=920344"},"modified":"2023-08-29T13:44:38","modified_gmt":"2023-08-29T16:44:38","slug":"tecnico-portugues-pepa-e-demitido-pelo-cruzeiro","status":"publish","type":"post","link":"https:\/\/sindaopcpb.org.br\/index.php\/2023\/08\/29\/tecnico-portugues-pepa-e-demitido-pelo-cruzeiro\/","title":{"rendered":"T\u00e9cnico portugu\u00eas Pepa \u00e9 demitido pelo Cruzeiro"},"content":{"rendered":"<p>Pepa n\u00e3o \u00e9 mais treinador do Cruzeiro. O portugu\u00eas n\u00e3o resistiu \u00e0 sequ\u00eancia sem vit\u00f3rias no Campeonato Brasileiro e foi desligado do clube. O an\u00fancio oficial foi feito nesta ter\u00e7a-feira.<\/p>\n<p>A diretoria do Cruzeiro fez diversas reuni\u00f5es ao longo da segunda-feira, no retorno da delega\u00e7\u00e3o a Belo Horizonte, ap\u00f3s derrota por 3 a 0 para o Gr\u00eamio. Nesta ter\u00e7a, reuniu-se com a comiss\u00e3o t\u00e9cnica portuguesa e comunicou o fim do trabalho.<\/p>\n<p>Com Pepa, saem tamb\u00e9m os outros quatro profissionais portugueses que chegaram \u00e0 Toca junto dele: Samuel Correia, Pedro Oliveira, Pedro Azevedo e Hugo Silva.<\/p>\n<p>O novo comandante ainda n\u00e3o foi anunciado pela diretoria, o que deve ocorrer nos pr\u00f3ximos dias. At\u00e9 l\u00e1, os trabalhos na Toca da Raposa ser\u00e3o comandados por Fernando Seabra, t\u00e9cnico do sub-20, e Vin\u00edcius Rovaris.<\/p>\n<p>O pr\u00f3ximo compromisso ser\u00e1 no domingo, contra o Bragantino, pela 22\u00aa rodada do Campeonato Brasileiro. Depois da partida, o novo comandante ter\u00e1 dez dias para trabalhar com o elenco at\u00e9 o compromisso seguinte, contra o Fluminense.<\/p>\n<p>Pepa foi contratado pelo Cruzeiro para substituir Paulo Pezzolano, campe\u00e3o com o clube da S\u00e9rie B de 2022. O treinador uruguaio, na ocasi\u00e3o, demonstrou desejo de sair e acumulou resultados ruins no Campeonato Mineiro de 2023.<br \/>\nO treinador portugu\u00eas assumiu o clube no hiato entre a desclassifica\u00e7\u00e3o do Campeonato Mineiro e o in\u00edcio do Campeonato Brasileiro. Pepa conseguiu organizar o time num primeiro momento e, no in\u00edcio do Brasileiro, uma arrancada &#8211; tr\u00eas vit\u00f3rias em quatro jogos &#8211; que fizeram o Cruzeiro brigar pelas primeiras posi\u00e7\u00f5es.<\/p>\n<p>Entretanto, o time n\u00e3o conseguiu manter o mesmo ritmo com o decorrer do Campeonato Brasileiro e foi descendo na tabela. Pepa tamb\u00e9m acumulou desfalques neste per\u00edodo, com as les\u00f5es de Ramiro e Rafael Bilu, al\u00e9m do afastamento e sa\u00edda do volante Richard.<\/p>\n<p>Com a janela de transfer\u00eancias, recebeu sete refor\u00e7os (o zagueiro Jo\u00e3o Marcelo, o lateral Palacios, o volante Lucas Silva, o meia Matheus Pereira e os atacantes Paulo Vitor, Rafael Elias e Arthur Gomes). Mesmo com os refor\u00e7os, n\u00e3o conseguiu bom aproveitamento.<\/p>\n<p>Ao todo, o treinador comandou o Cruzeiro em 25 partidas. Foram sete vit\u00f3rias, oito empates e 10 derrotas. O aproveitamento do treinador foi de 38%.<\/p>\n<p>O post <a rel=\"nofollow noopener\" href=\"https:\/\/wscom.com.br\/tecnico-portugues-pepa-e-demitido-pelo-cruzeiro\/\" target=\"_blank\">T\u00e9cnico portugu\u00eas Pepa \u00e9 demitido pelo Cruzeiro<\/a> apareceu primeiro em <a rel=\"nofollow noopener\" href=\"https:\/\/wscom.com.br\/\" target=\"_blank\">WSCOM<\/a>.<\/p>\n","protected":false},"excerpt":{"rendered":"<p>Pepa n\u00e3o \u00e9 mais treinador do Cruzeiro. O portugu\u00eas n\u00e3o resistiu \u00e0 sequ\u00eancia sem vit\u00f3rias no Campeonato Brasileiro e foi desligado do clube. O an\u00fancio oficial foi feito nesta ter\u00e7a-feira. A diretoria do Cruzeiro fez diversas reuni\u00f5es ao longo da segunda-feira, no retorno da delega\u00e7\u00e3o a Belo Horizonte, ap\u00f3s derrota por 3 a 0 para [\u2026]<\/p>\n<p>O post <a rel=\"nofollow\" href=\"https:\/\/wscom.com.br\/tecnico-portugues-pepa-e-demitido-pelo-cruzeiro\/\">T\u00e9cnico portugu\u00eas Pepa \u00e9 demitido pelo Cruzeiro<\/a> apareceu primeiro em <a rel=\"nofollow\" href=\"https:\/\/wscom.com.br\/\">WSCOM<\/a>.<\/p>\n","protected":false},"author":49,"featured_media":0,"comment_status":"closed","ping_status":"closed","sticky":false,"template":"","format":"standard","meta":{"advgb_blocks_editor_width":"","advgb_blocks_columns_visual_guide":"","footnotes":""},"categories":[1335,8371,79,34,8372,8373],"tags":[35],"class_list":["post-31881","post","type-post","status-publish","format-standard","hentry","category-cruzeiro","category-demissao-do-tecnico","category-futebol","category-g1","category-tecnico-portugues-pepa","category-tropecos-na-serie-a","tag-g1"],"author_meta":{"display_name":"Cristiane Cavalcante","author_link":"https:\/\/sindaopcpb.org.br\/author\/cristiane-cavalcante\/"},"featured_img":null,"coauthors":[],"tax_additional":{"categories":{"linked":["<a href=\"https:\/\/sindaopcpb.org.br\/cruzeiro\/\" class=\"advgb-post-tax-term\">cruzeiro<\/a>","<a href=\"https:\/\/sindaopcpb.org.br\/demissao-do-tecnico\/\" class=\"advgb-post-tax-term\">demiss\u00e3o do t\u00e9cnico<\/a>","<a href=\"https:\/\/sindaopcpb.org.br\/futebol\/\" class=\"advgb-post-tax-term\">Futebol<\/a>","<a href=\"https:\/\/sindaopcpb.org.br\/g1\/\" class=\"advgb-post-tax-term\">G1<\/a>","<a href=\"https:\/\/sindaopcpb.org.br\/tecnico-portugues-pepa\/\" class=\"advgb-post-tax-term\">T\u00e9cnico portugu\u00eas Pepa<\/a>","<a href=\"https:\/\/sindaopcpb.org.br\/tropecos-na-serie-a\/\" class=\"advgb-post-tax-term\">trope\u00e7os na S\u00e9rie A<\/a>"],"unlinked":["<span class=\"advgb-post-tax-term\">cruzeiro<\/span>","<span class=\"advgb-post-tax-term\">demiss\u00e3o do t\u00e9cnico<\/span>","<span class=\"advgb-post-tax-term\">Futebol<\/span>","<span class=\"advgb-post-tax-term\">G1<\/span>","<span class=\"advgb-post-tax-term\">T\u00e9cnico portugu\u00eas Pepa<\/span>","<span class=\"advgb-post-tax-term\">trope\u00e7os na S\u00e9rie A<\/span>"]},"tags":{"linked":["<a href=\"https:\/\/sindaopcpb.org.br\/tropecos-na-serie-a\/\" class=\"advgb-post-tax-term\">g1<\/a>"],"unlinked":["<span class=\"advgb-post-tax-term\">g1<\/span>"]}},"comment_count":"0","relative_dates":{"created":"Publicado 3 anos atr\u00e1s","modified":"Atualizado 3 anos atr\u00e1s"},"absolute_dates":{"created":"Publicado em 29 de agosto de 2023","modified":"Atualizado em 29 de agosto de 2023"},"absolute_dates_time":{"created":"Publicado em 29 de agosto de 2023 13:44","modified":"Atualizado em 29 de agosto de 2023 13:44"},"featured_img_caption":"","series_order":"","_links":{"self":[{"href":"https:\/\/sindaopcpb.org.br\/index.php\/wp-json\/wp\/v2\/posts\/31881","targetHints":{"allow":["GET"]}}],"collection":[{"href":"https:\/\/sindaopcpb.org.br\/index.php\/wp-json\/wp\/v2\/posts"}],"about":[{"href":"https:\/\/sindaopcpb.org.br\/index.php\/wp-json\/wp\/v2\/types\/post"}],"author":[{"embeddable":true,"href":"https:\/\/sindaopcpb.org.br\/index.php\/wp-json\/wp\/v2\/users\/49"}],"replies":[{"embeddable":true,"href":"https:\/\/sindaopcpb.org.br\/index.php\/wp-json\/wp\/v2\/comments?post=31881"}],"version-history":[{"count":1,"href":"https:\/\/sindaopcpb.org.br\/index.php\/wp-json\/wp\/v2\/posts\/31881\/revisions"}],"predecessor-version":[{"id":31882,"href":"https:\/\/sindaopcpb.org.br\/index.php\/wp-json\/wp\/v2\/posts\/31881\/revisions\/31882"}],"wp:attachment":[{"href":"https:\/\/sindaopcpb.org.br\/index.php\/wp-json\/wp\/v2\/media?parent=31881"}],"wp:term":[{"taxonomy":"category","embeddable":true,"href":"https:\/\/sindaopcpb.org.br\/index.php\/wp-json\/wp\/v2\/categories?post=31881"},{"taxonomy":"post_tag","embeddable":true,"href":"https:\/\/sindaopcpb.org.br\/index.php\/wp-json\/wp\/v2\/tags?post=31881"}],"curies":[{"name":"wp","href":"https:\/\/api.w.org\/{rel}","templated":true}]}}