{"id":31864,"date":"2023-08-29T09:55:04","date_gmt":"2023-08-29T12:55:04","guid":{"rendered":"https:\/\/wpa.wscom.com.br\/?p=920262"},"modified":"2023-08-29T09:55:04","modified_gmt":"2023-08-29T12:55:04","slug":"justica-do-rio-determina-prisao-de-pai-e-filho-envolvidos-na-morte-do-filho-de-cissa-guimaraes","status":"publish","type":"post","link":"https:\/\/sindaopcpb.org.br\/index.php\/2023\/08\/29\/justica-do-rio-determina-prisao-de-pai-e-filho-envolvidos-na-morte-do-filho-de-cissa-guimaraes\/","title":{"rendered":"Justi\u00e7a do Rio determina pris\u00e3o de pai e filho envolvidos na morte do filho de Cissa Guimar\u00e3es"},"content":{"rendered":"<p>A Justi\u00e7a do Rio de Janeiro emitiu ordem de pris\u00e3o para Rafael de Souza Bussamra e seu pai, Roberto Bussamra, envolvidos no acidente que resultou na morte de Rafael Mascarenhas, filho da atriz Cissa Guimar\u00e3es. A\u00a0<a href=\"https:\/\/g1.globo.com\/rj\/rio-de-janeiro\/noticia\/2023\/08\/28\/justica-do-rio-manda-prender-pai-e-filho-envolvidos-em-acidente-que-matou-filho-de-cissa-guimaraes.ghtml\" rel=\"noopener nofollow\" target=\"_blank\">informa\u00e7\u00e3o<\/a>\u00a0\u00e9 do portal g1.<\/p>\n<p>O acidente ocorreu em 2010 no T\u00fanel Ac\u00fastico, em uma ocasi\u00e3o em que estava temporariamente fechado para o tr\u00e1fego de ve\u00edculos. Rafael Bussamra, que dirigia o carro na \u00e1rea proibida, foi condenado a sete anos de pris\u00e3o em regime fechado, e seu pai a oito anos, por tentar corromper policiais para acobertar o filho. Em 2016, contudo, as penas foram revertidas para servi\u00e7os comunit\u00e1rios.<\/p>\n<p>O Minist\u00e9rio P\u00fablico do Rio e a defesa dos r\u00e9us recorreram ao Superior Tribunal de Justi\u00e7a (STJ). Em dezembro de 2019, o ministro Jorge Mussi acolheu parcialmente o recurso do MP, considerando inadequada a aplica\u00e7\u00e3o de pena restritiva de direitos. Em junho de 2021, a 5\u00aa Turma do STJ confirmou a decis\u00e3o de Jorge Mussi.<\/p>\n<p>Em maio de 2023, a ministra Rosa Weber rejeitou recurso da defesa. Em seguida, no mesmo m\u00eas, o processo retornou ao Tribunal de Justi\u00e7a do Rio. Em 28 de julho, a 16\u00aa Vara Criminal do Rio, onde Rafael e Roberto foram inicialmente condenados em 2015, determinou a execu\u00e7\u00e3o da senten\u00e7a definitiva com base no ac\u00f3rd\u00e3o do STJ, emitindo a ordem de cumprimento da pena de pris\u00e3o. Essa sequ\u00eancia de decis\u00f5es judiciais encerra um cap\u00edtulo longo e complexo relacionado a este tr\u00e1gico caso.<\/p>\n<p>Em seu perfil no Instagram, Cissa Guimar\u00e3es comemorou a decis\u00e3o da pris\u00e3o: &#8220;13 anos! TREZE ANOS! E depois de um fim de semana de muita dor, vem um acalento e a esperan\u00e7a de justi\u00e7a finalmente.&#8221;<\/p>\n<p>O post <a rel=\"nofollow noopener\" href=\"https:\/\/wscom.com.br\/justica-do-rio-determina-prisao-de-pai-e-filho-envolvidos-na-morte-do-filho-de-cissa-guimaraes\/\" target=\"_blank\">Justi\u00e7a do Rio determina pris\u00e3o de pai e filho envolvidos na morte do filho de Cissa Guimar\u00e3es<\/a> apareceu primeiro em <a rel=\"nofollow noopener\" href=\"https:\/\/wscom.com.br\/\" target=\"_blank\">WSCOM<\/a>.<\/p>\n","protected":false},"excerpt":{"rendered":"<p>A Justi\u00e7a do Rio de Janeiro emitiu ordem de pris\u00e3o para Rafael de Souza Bussamra e seu pai, Roberto Bussamra, envolvidos no acidente que resultou na morte de Rafael Mascarenhas, filho da atriz Cissa Guimar\u00e3es. A\u00a0informa\u00e7\u00e3o\u00a0\u00e9 do portal g1. O acidente ocorreu em 2010 no T\u00fanel Ac\u00fastico, em uma ocasi\u00e3o em que estava temporariamente fechado [\u2026]<\/p>\n<p>O post <a rel=\"nofollow\" href=\"https:\/\/wscom.com.br\/justica-do-rio-determina-prisao-de-pai-e-filho-envolvidos-na-morte-do-filho-de-cissa-guimaraes\/\">Justi\u00e7a do Rio determina pris\u00e3o de pai e filho envolvidos na morte do filho de Cissa Guimar\u00e3es<\/a> apareceu primeiro em <a rel=\"nofollow\" href=\"https:\/\/wscom.com.br\/\">WSCOM<\/a>.<\/p>\n","protected":false},"author":49,"featured_media":0,"comment_status":"closed","ping_status":"closed","sticky":false,"template":"","format":"standard","meta":{"advgb_blocks_editor_width":"","advgb_blocks_columns_visual_guide":"","footnotes":""},"categories":[2025,436,8366,34,8367,8368],"tags":[35],"class_list":["post-31864","post","type-post","status-publish","format-standard","hentry","category-atropelamento","category-celebridades","category-filho-da-atriz-cissa-guimaraes","category-g1","category-justica-do-rio-de-janeiro","category-rafael-mascarenhas","tag-g1"],"author_meta":{"display_name":"Cristiane Cavalcante","author_link":"https:\/\/sindaopcpb.org.br\/author\/cristiane-cavalcante\/"},"featured_img":null,"coauthors":[],"tax_additional":{"categories":{"linked":["<a href=\"https:\/\/sindaopcpb.org.br\/atropelamento\/\" class=\"advgb-post-tax-term\">Atropelamento<\/a>","<a href=\"https:\/\/sindaopcpb.org.br\/celebridades\/\" class=\"advgb-post-tax-term\">Celebridades<\/a>","<a href=\"https:\/\/sindaopcpb.org.br\/filho-da-atriz-cissa-guimaraes\/\" class=\"advgb-post-tax-term\">filho da atriz Cissa Guimar\u00e3es<\/a>","<a href=\"https:\/\/sindaopcpb.org.br\/g1\/\" class=\"advgb-post-tax-term\">G1<\/a>","<a href=\"https:\/\/sindaopcpb.org.br\/justica-do-rio-de-janeiro\/\" class=\"advgb-post-tax-term\">Justi\u00e7a do Rio de Janeiro<\/a>","<a href=\"https:\/\/sindaopcpb.org.br\/rafael-mascarenhas\/\" class=\"advgb-post-tax-term\">Rafael Mascarenhas<\/a>"],"unlinked":["<span class=\"advgb-post-tax-term\">Atropelamento<\/span>","<span class=\"advgb-post-tax-term\">Celebridades<\/span>","<span class=\"advgb-post-tax-term\">filho da atriz Cissa Guimar\u00e3es<\/span>","<span class=\"advgb-post-tax-term\">G1<\/span>","<span class=\"advgb-post-tax-term\">Justi\u00e7a do Rio de Janeiro<\/span>","<span class=\"advgb-post-tax-term\">Rafael Mascarenhas<\/span>"]},"tags":{"linked":["<a href=\"https:\/\/sindaopcpb.org.br\/rafael-mascarenhas\/\" class=\"advgb-post-tax-term\">g1<\/a>"],"unlinked":["<span class=\"advgb-post-tax-term\">g1<\/span>"]}},"comment_count":"0","relative_dates":{"created":"Publicado 3 anos atr\u00e1s","modified":"Atualizado 3 anos atr\u00e1s"},"absolute_dates":{"created":"Publicado em 29 de agosto de 2023","modified":"Atualizado em 29 de agosto de 2023"},"absolute_dates_time":{"created":"Publicado em 29 de agosto de 2023 09:55","modified":"Atualizado em 29 de agosto de 2023 09:55"},"featured_img_caption":"","series_order":"","_links":{"self":[{"href":"https:\/\/sindaopcpb.org.br\/index.php\/wp-json\/wp\/v2\/posts\/31864","targetHints":{"allow":["GET"]}}],"collection":[{"href":"https:\/\/sindaopcpb.org.br\/index.php\/wp-json\/wp\/v2\/posts"}],"about":[{"href":"https:\/\/sindaopcpb.org.br\/index.php\/wp-json\/wp\/v2\/types\/post"}],"author":[{"embeddable":true,"href":"https:\/\/sindaopcpb.org.br\/index.php\/wp-json\/wp\/v2\/users\/49"}],"replies":[{"embeddable":true,"href":"https:\/\/sindaopcpb.org.br\/index.php\/wp-json\/wp\/v2\/comments?post=31864"}],"version-history":[{"count":1,"href":"https:\/\/sindaopcpb.org.br\/index.php\/wp-json\/wp\/v2\/posts\/31864\/revisions"}],"predecessor-version":[{"id":31865,"href":"https:\/\/sindaopcpb.org.br\/index.php\/wp-json\/wp\/v2\/posts\/31864\/revisions\/31865"}],"wp:attachment":[{"href":"https:\/\/sindaopcpb.org.br\/index.php\/wp-json\/wp\/v2\/media?parent=31864"}],"wp:term":[{"taxonomy":"category","embeddable":true,"href":"https:\/\/sindaopcpb.org.br\/index.php\/wp-json\/wp\/v2\/categories?post=31864"},{"taxonomy":"post_tag","embeddable":true,"href":"https:\/\/sindaopcpb.org.br\/index.php\/wp-json\/wp\/v2\/tags?post=31864"}],"curies":[{"name":"wp","href":"https:\/\/api.w.org\/{rel}","templated":true}]}}