{"id":31852,"date":"2023-08-29T10:47:48","date_gmt":"2023-08-29T13:47:48","guid":{"rendered":"https:\/\/wpa.wscom.com.br\/?p=920277"},"modified":"2023-08-29T10:47:48","modified_gmt":"2023-08-29T13:47:48","slug":"ministro-cancela-solenidade-para-retomada-da-triplicacao-da-br-230-apos-morte-de-irmao-do-governador","status":"publish","type":"post","link":"https:\/\/sindaopcpb.org.br\/index.php\/2023\/08\/29\/ministro-cancela-solenidade-para-retomada-da-triplicacao-da-br-230-apos-morte-de-irmao-do-governador\/","title":{"rendered":"Ministro cancela solenidade para retomada da triplica\u00e7\u00e3o da BR-230 ap\u00f3s morte de irm\u00e3o do governador"},"content":{"rendered":"<p>&nbsp;<\/p>\n<p>&nbsp;<\/p>\n<p>O Ministro dos Transportes, Renan Filho, cancelou a solenidade de assinatura da ordem de servi\u00e7o para a retomada das obras de triplica\u00e7\u00e3o da BR-230, no trecho entre Cabedelo e Jo\u00e3o Pessoa. A decis\u00e3o foi tomada devido ao <a href=\"https:\/\/wscom.com.br\/morre-braulio-lins-irmao-do-governador-joao-azevedo-meu-super-heroi-se-foi\/\" rel=\"nofollow noopener\" target=\"_blank\">falecimento de Br\u00e1ulio Pereira Lins<\/a>, irm\u00e3o do governador Jo\u00e3o Azev\u00eado (PSB). A informa\u00e7\u00e3o foi confirmada pelo senador Efraim Filho (Uni\u00e3o Brasil), que tamb\u00e9m estava previsto para participar do evento que ocorreria nesta ter\u00e7a-feira, em Bras\u00edlia.<\/p>\n<p>A obra, que foi autorizada em 2017 pelo ex-presidente Michel Temer (MDB), visando a triplica\u00e7\u00e3o da rodovia, se arrasta h\u00e1 seis anos e n\u00e3o chegou a ter 50% do total finalizado. Nessa nova etapa, est\u00e1 previsto o aporte de R$ 151 milh\u00f5es para dar continuidade \u00e0s interven\u00e7\u00f5es planejadas em 28 quil\u00f4metros da via, incluindo a execu\u00e7\u00e3o de dois viadutos, conclus\u00e3o e execu\u00e7\u00e3o de seis passarelas, implanta\u00e7\u00e3o da terceira faixa e vias marginais, al\u00e9m da restaura\u00e7\u00e3o da pista j\u00e1 existente. A obra beneficiar\u00e1 1,3 milh\u00e3o de habitantes na Regi\u00e3o Metropolitana da capital do estado.<\/p>\n<p>Informa\u00e7\u00f5es sobre a reagendamento da solenidade ainda ser\u00e3o divulgadas pelo Minist\u00e9rio dos Transportes.<\/p>\n<p>O post <a rel=\"nofollow noopener\" href=\"https:\/\/wscom.com.br\/ministro-cancela-solenidade-para-retomada-da-triplicacao-da-br-230-apos-morte-de-irmao-do-governador\/\" target=\"_blank\">Ministro cancela solenidade para retomada da triplica\u00e7\u00e3o da BR-230 ap\u00f3s morte de irm\u00e3o do governador<\/a> apareceu primeiro em <a rel=\"nofollow noopener\" href=\"https:\/\/wscom.com.br\/\" target=\"_blank\">WSCOM<\/a>.<\/p>\n","protected":false},"excerpt":{"rendered":"<p>\u00a0 \u00a0 O Ministro dos Transportes, Renan Filho, cancelou a solenidade de assinatura da ordem de servi\u00e7o para a retomada das obras de triplica\u00e7\u00e3o da BR-230, no trecho entre Cabedelo e Jo\u00e3o Pessoa. A decis\u00e3o foi tomada devido ao falecimento de Br\u00e1ulio Pereira Lins, irm\u00e3o do governador Jo\u00e3o Azev\u00eado (PSB). A informa\u00e7\u00e3o foi confirmada pelo [\u2026]<\/p>\n<p>O post <a rel=\"nofollow\" href=\"https:\/\/wscom.com.br\/ministro-cancela-solenidade-para-retomada-da-triplicacao-da-br-230-apos-morte-de-irmao-do-governador\/\">Ministro cancela solenidade para retomada da triplica\u00e7\u00e3o da BR-230 ap\u00f3s morte de irm\u00e3o do governador<\/a> apareceu primeiro em <a rel=\"nofollow\" href=\"https:\/\/wscom.com.br\/\">WSCOM<\/a>.<\/p>\n","protected":false},"author":42,"featured_media":0,"comment_status":"closed","ping_status":"closed","sticky":false,"template":"","format":"standard","meta":{"advgb_blocks_editor_width":"","advgb_blocks_columns_visual_guide":"","footnotes":""},"categories":[1365,8359,8360,34,440,1461,54,608,1525],"tags":[35],"class_list":["post-31852","post","type-post","status-publish","format-standard","hentry","category-br-230","category-braulio-lins","category-cancelamento","category-g1","category-joao-azevedo","category-luto","category-paraiba","category-renan-filho","category-triplicacao","tag-g1"],"author_meta":{"display_name":"Rafael Andrade","author_link":"https:\/\/sindaopcpb.org.br\/author\/rafael-andrade\/"},"featured_img":null,"coauthors":[],"tax_additional":{"categories":{"linked":["<a href=\"https:\/\/sindaopcpb.org.br\/br-230\/\" class=\"advgb-post-tax-term\">br 230<\/a>","<a href=\"https:\/\/sindaopcpb.org.br\/braulio-lins\/\" class=\"advgb-post-tax-term\">Br\u00e1ulio Lins<\/a>","<a href=\"https:\/\/sindaopcpb.org.br\/cancelamento\/\" class=\"advgb-post-tax-term\">Cancelamento<\/a>","<a href=\"https:\/\/sindaopcpb.org.br\/g1\/\" class=\"advgb-post-tax-term\">G1<\/a>","<a href=\"https:\/\/sindaopcpb.org.br\/joao-azevedo\/\" class=\"advgb-post-tax-term\">jo\u00e3o azevedo<\/a>","<a href=\"https:\/\/sindaopcpb.org.br\/luto\/\" class=\"advgb-post-tax-term\">luto<\/a>","<a href=\"https:\/\/sindaopcpb.org.br\/paraiba\/\" class=\"advgb-post-tax-term\">Para\u00edba<\/a>","<a href=\"https:\/\/sindaopcpb.org.br\/renan-filho\/\" class=\"advgb-post-tax-term\">Renan Filho<\/a>","<a href=\"https:\/\/sindaopcpb.org.br\/triplicacao\/\" class=\"advgb-post-tax-term\">Triplica\u00e7\u00e3o<\/a>"],"unlinked":["<span class=\"advgb-post-tax-term\">br 230<\/span>","<span class=\"advgb-post-tax-term\">Br\u00e1ulio Lins<\/span>","<span class=\"advgb-post-tax-term\">Cancelamento<\/span>","<span class=\"advgb-post-tax-term\">G1<\/span>","<span class=\"advgb-post-tax-term\">jo\u00e3o azevedo<\/span>","<span class=\"advgb-post-tax-term\">luto<\/span>","<span class=\"advgb-post-tax-term\">Para\u00edba<\/span>","<span class=\"advgb-post-tax-term\">Renan Filho<\/span>","<span class=\"advgb-post-tax-term\">Triplica\u00e7\u00e3o<\/span>"]},"tags":{"linked":["<a href=\"https:\/\/sindaopcpb.org.br\/triplicacao\/\" class=\"advgb-post-tax-term\">g1<\/a>"],"unlinked":["<span class=\"advgb-post-tax-term\">g1<\/span>"]}},"comment_count":"0","relative_dates":{"created":"Publicado 3 anos atr\u00e1s","modified":"Atualizado 3 anos atr\u00e1s"},"absolute_dates":{"created":"Publicado em 29 de agosto de 2023","modified":"Atualizado em 29 de agosto de 2023"},"absolute_dates_time":{"created":"Publicado em 29 de agosto de 2023 10:47","modified":"Atualizado em 29 de agosto de 2023 10:47"},"featured_img_caption":"","series_order":"","_links":{"self":[{"href":"https:\/\/sindaopcpb.org.br\/index.php\/wp-json\/wp\/v2\/posts\/31852","targetHints":{"allow":["GET"]}}],"collection":[{"href":"https:\/\/sindaopcpb.org.br\/index.php\/wp-json\/wp\/v2\/posts"}],"about":[{"href":"https:\/\/sindaopcpb.org.br\/index.php\/wp-json\/wp\/v2\/types\/post"}],"author":[{"embeddable":true,"href":"https:\/\/sindaopcpb.org.br\/index.php\/wp-json\/wp\/v2\/users\/42"}],"replies":[{"embeddable":true,"href":"https:\/\/sindaopcpb.org.br\/index.php\/wp-json\/wp\/v2\/comments?post=31852"}],"version-history":[{"count":1,"href":"https:\/\/sindaopcpb.org.br\/index.php\/wp-json\/wp\/v2\/posts\/31852\/revisions"}],"predecessor-version":[{"id":31853,"href":"https:\/\/sindaopcpb.org.br\/index.php\/wp-json\/wp\/v2\/posts\/31852\/revisions\/31853"}],"wp:attachment":[{"href":"https:\/\/sindaopcpb.org.br\/index.php\/wp-json\/wp\/v2\/media?parent=31852"}],"wp:term":[{"taxonomy":"category","embeddable":true,"href":"https:\/\/sindaopcpb.org.br\/index.php\/wp-json\/wp\/v2\/categories?post=31852"},{"taxonomy":"post_tag","embeddable":true,"href":"https:\/\/sindaopcpb.org.br\/index.php\/wp-json\/wp\/v2\/tags?post=31852"}],"curies":[{"name":"wp","href":"https:\/\/api.w.org\/{rel}","templated":true}]}}