{"id":31850,"date":"2023-08-29T11:09:11","date_gmt":"2023-08-29T14:09:11","guid":{"rendered":"https:\/\/wpa.wscom.com.br\/?p=920298"},"modified":"2023-08-29T11:09:11","modified_gmt":"2023-08-29T14:09:11","slug":"ambulantes-protestam-contra-mudancas-no-folia-de-rua-e-ocupam-sede-da-camara-de-joao-pessoa","status":"publish","type":"post","link":"https:\/\/sindaopcpb.org.br\/index.php\/2023\/08\/29\/ambulantes-protestam-contra-mudancas-no-folia-de-rua-e-ocupam-sede-da-camara-de-joao-pessoa\/","title":{"rendered":"Ambulantes protestam contra mudan\u00e7as no Folia de Rua e ocupam sede da C\u00e2mara de Jo\u00e3o Pessoa"},"content":{"rendered":"<p>&nbsp;<\/p>\n<p>&nbsp;<\/p>\n<p>Comerciantes informais ocuparam a sede da C\u00e2mara Municipal de Jo\u00e3o Pessoa nesta ter\u00e7a-feira (29) em um protesto contra o Projeto de Lei 017\/2023, que busca regulamentar o corredor do pr\u00e9-carnaval da cidade, conhecido como &#8220;Via Folia&#8221;. Os manifestantes, que tamb\u00e9m haviam se reunido previamente na Assembleia Legislativa, denunciam a proposta por consider\u00e1-la uma tentativa de privatizar a festa democr\u00e1tica.<\/p>\n<p>Liderado por M\u00e1rcia Medeiros, presidente da Associa\u00e7\u00e3o dos Ambulantes da Para\u00edba, o grupo alega que n\u00e3o foi inclu\u00eddo nas discuss\u00f5es sobre a proposta e reivindica maior representa\u00e7\u00e3o no processo decis\u00f3rio. M\u00e1rcia destaca que a categoria tem interesse em compreender e alinhar a forma como a privatiza\u00e7\u00e3o ser\u00e1 implementada, para garantir sua participa\u00e7\u00e3o na festa.<\/p>\n<p>O autor do projeto, vereador Marc\u00edlio do HBE (Patriota), ressaltou em entrevista que o objetivo \u00e9 assegurar seguran\u00e7a, organiza\u00e7\u00e3o e conserva\u00e7\u00e3o do patrim\u00f4nio p\u00fablico durante o evento. O PL tamb\u00e9m visa estimular a capta\u00e7\u00e3o de investimentos privados por meio de patroc\u00ednios, permitindo a comercializa\u00e7\u00e3o de produtos e servi\u00e7os. O vereador, que \u00e9 propriet\u00e1rio do Bloco dos Atletas, afirmou que o p\u00fablico em geral n\u00e3o ser\u00e1 exclu\u00eddo das festividades.<\/p>\n<p>Durante a ocupa\u00e7\u00e3o da C\u00e2mara, houve um princ\u00edpio de tumulto no plen\u00e1rio, levando \u00e0 suspens\u00e3o tempor\u00e1ria da sess\u00e3o. O presidente da CMJP, Dinho Dowsley, pediu aos manifestantes para manterem a ordem e afirmou que protestos s\u00e3o bem-vindos desde que ocorram de forma pac\u00edfica.<\/p>\n<p>O post <a rel=\"nofollow noopener\" href=\"https:\/\/wscom.com.br\/ambulantes-protestam-contra-mudancas-no-folia-de-rua-e-ocupam-sede-da-camara-de-joao-pessoa\/\" target=\"_blank\">Ambulantes protestam contra mudan\u00e7as no Folia de Rua e ocupam sede da C\u00e2mara de Jo\u00e3o Pessoa<\/a> apareceu primeiro em <a rel=\"nofollow noopener\" href=\"https:\/\/wscom.com.br\/\" target=\"_blank\">WSCOM<\/a>.<\/p>\n","protected":false},"excerpt":{"rendered":"<p>\u00a0 \u00a0 Comerciantes informais ocuparam a sede da C\u00e2mara Municipal de Jo\u00e3o Pessoa nesta ter\u00e7a-feira (29) em um protesto contra o Projeto de Lei 017\/2023, que busca regulamentar o corredor do pr\u00e9-carnaval da cidade, conhecido como \u201cVia Folia\u201d. Os manifestantes, que tamb\u00e9m haviam se reunido previamente na Assembleia Legislativa, denunciam a proposta por consider\u00e1-la uma [\u2026]<\/p>\n<p>O post <a rel=\"nofollow\" href=\"https:\/\/wscom.com.br\/ambulantes-protestam-contra-mudancas-no-folia-de-rua-e-ocupam-sede-da-camara-de-joao-pessoa\/\">Ambulantes protestam contra mudan\u00e7as no Folia de Rua e ocupam sede da C\u00e2mara de Jo\u00e3o Pessoa<\/a> apareceu primeiro em <a rel=\"nofollow\" href=\"https:\/\/wscom.com.br\/\">WSCOM<\/a>.<\/p>\n","protected":false},"author":42,"featured_media":0,"comment_status":"closed","ping_status":"closed","sticky":false,"template":"","format":"standard","meta":{"advgb_blocks_editor_width":"","advgb_blocks_columns_visual_guide":"","footnotes":""},"categories":[3817,701,8091,170,8358,34,365,2494],"tags":[35],"class_list":["post-31850","post","type-post","status-publish","format-standard","hentry","category-ambulantes","category-camara-municipal-de-joao-pessoa","category-carnaval","category-cultura","category-folia-de-rua","category-g1","category-privatizacao","category-protesto","tag-g1"],"author_meta":{"display_name":"Rafael Andrade","author_link":"https:\/\/sindaopcpb.org.br\/author\/rafael-andrade\/"},"featured_img":null,"coauthors":[],"tax_additional":{"categories":{"linked":["<a href=\"https:\/\/sindaopcpb.org.br\/ambulantes\/\" class=\"advgb-post-tax-term\">AMBULANTES<\/a>","<a href=\"https:\/\/sindaopcpb.org.br\/camara-municipal-de-joao-pessoa\/\" class=\"advgb-post-tax-term\">C\u00e2mara Municipal de Jo\u00e3o Pessoa<\/a>","<a href=\"https:\/\/sindaopcpb.org.br\/carnaval\/\" class=\"advgb-post-tax-term\">Carnaval<\/a>","<a href=\"https:\/\/sindaopcpb.org.br\/cultura\/\" class=\"advgb-post-tax-term\">Cultura<\/a>","<a href=\"https:\/\/sindaopcpb.org.br\/folia-de-rua\/\" class=\"advgb-post-tax-term\">folia de rua<\/a>","<a href=\"https:\/\/sindaopcpb.org.br\/g1\/\" class=\"advgb-post-tax-term\">G1<\/a>","<a href=\"https:\/\/sindaopcpb.org.br\/privatizacao\/\" class=\"advgb-post-tax-term\">Privatiza\u00e7\u00e3o<\/a>","<a href=\"https:\/\/sindaopcpb.org.br\/protesto\/\" class=\"advgb-post-tax-term\">Protesto<\/a>"],"unlinked":["<span class=\"advgb-post-tax-term\">AMBULANTES<\/span>","<span class=\"advgb-post-tax-term\">C\u00e2mara Municipal de Jo\u00e3o Pessoa<\/span>","<span class=\"advgb-post-tax-term\">Carnaval<\/span>","<span class=\"advgb-post-tax-term\">Cultura<\/span>","<span class=\"advgb-post-tax-term\">folia de rua<\/span>","<span class=\"advgb-post-tax-term\">G1<\/span>","<span class=\"advgb-post-tax-term\">Privatiza\u00e7\u00e3o<\/span>","<span class=\"advgb-post-tax-term\">Protesto<\/span>"]},"tags":{"linked":["<a href=\"https:\/\/sindaopcpb.org.br\/protesto\/\" class=\"advgb-post-tax-term\">g1<\/a>"],"unlinked":["<span class=\"advgb-post-tax-term\">g1<\/span>"]}},"comment_count":"0","relative_dates":{"created":"Publicado 3 anos atr\u00e1s","modified":"Atualizado 3 anos atr\u00e1s"},"absolute_dates":{"created":"Publicado em 29 de agosto de 2023","modified":"Atualizado em 29 de agosto de 2023"},"absolute_dates_time":{"created":"Publicado em 29 de agosto de 2023 11:09","modified":"Atualizado em 29 de agosto de 2023 11:09"},"featured_img_caption":"","series_order":"","_links":{"self":[{"href":"https:\/\/sindaopcpb.org.br\/index.php\/wp-json\/wp\/v2\/posts\/31850","targetHints":{"allow":["GET"]}}],"collection":[{"href":"https:\/\/sindaopcpb.org.br\/index.php\/wp-json\/wp\/v2\/posts"}],"about":[{"href":"https:\/\/sindaopcpb.org.br\/index.php\/wp-json\/wp\/v2\/types\/post"}],"author":[{"embeddable":true,"href":"https:\/\/sindaopcpb.org.br\/index.php\/wp-json\/wp\/v2\/users\/42"}],"replies":[{"embeddable":true,"href":"https:\/\/sindaopcpb.org.br\/index.php\/wp-json\/wp\/v2\/comments?post=31850"}],"version-history":[{"count":1,"href":"https:\/\/sindaopcpb.org.br\/index.php\/wp-json\/wp\/v2\/posts\/31850\/revisions"}],"predecessor-version":[{"id":31851,"href":"https:\/\/sindaopcpb.org.br\/index.php\/wp-json\/wp\/v2\/posts\/31850\/revisions\/31851"}],"wp:attachment":[{"href":"https:\/\/sindaopcpb.org.br\/index.php\/wp-json\/wp\/v2\/media?parent=31850"}],"wp:term":[{"taxonomy":"category","embeddable":true,"href":"https:\/\/sindaopcpb.org.br\/index.php\/wp-json\/wp\/v2\/categories?post=31850"},{"taxonomy":"post_tag","embeddable":true,"href":"https:\/\/sindaopcpb.org.br\/index.php\/wp-json\/wp\/v2\/tags?post=31850"}],"curies":[{"name":"wp","href":"https:\/\/api.w.org\/{rel}","templated":true}]}}