{"id":31848,"date":"2023-08-29T11:11:13","date_gmt":"2023-08-29T14:11:13","guid":{"rendered":"https:\/\/wpa.wscom.com.br\/?p=920296"},"modified":"2023-08-29T11:11:13","modified_gmt":"2023-08-29T14:11:13","slug":"hervazio-avaliza-protesto-por-repasses-mas-critica-paralisacao-de-prefeituras-da-paraiba-mau-exemplo","status":"publish","type":"post","link":"https:\/\/sindaopcpb.org.br\/index.php\/2023\/08\/29\/hervazio-avaliza-protesto-por-repasses-mas-critica-paralisacao-de-prefeituras-da-paraiba-mau-exemplo\/","title":{"rendered":"Herv\u00e1zio avaliza protesto por repasses, mas critica paralisa\u00e7\u00e3o de prefeituras da Para\u00edba: \u201cMau exemplo\u201d"},"content":{"rendered":"<p>&nbsp;<\/p>\n<p>O deputado estadual Herv\u00e1zio Bezerra (PSB) criticou, na tribuna da Assembleia Legislativa da Para\u00edba (ALPB), nesta ter\u00e7a-feira (29), os decretos de pontos facultativo editados por prefeitos da Para\u00edba em meio ao protesto que ser\u00e1 realizado nesta quarta-feira, na Pra\u00e7a Jo\u00e3o Pessoa, por redu\u00e7\u00e3o no FPM a Estados e munic\u00edpios.<\/p>\n<p>Ele avalizou a reivindica\u00e7\u00e3o, mas declarou que a paralisa\u00e7\u00e3o dos munic\u00edpios prejudica a popula\u00e7\u00e3o.<\/p>\n<p>\u201cAmanh\u00e3 n\u00f3s teremos um dia hist\u00f3rico na pol\u00edtica da Para\u00edba porque a Assembleia, em boa hora, estar\u00e1 recebendo aqui uma quantidade enorme de prefeitos do nosso Estado e me chamou aten\u00e7\u00e3o, eu vou aqui formular um pedido aos prefeitos, que eles venham para c\u00e1 maci\u00e7amente, eu quero parabeniz\u00e1-los pela forma ordeira, pac\u00edfica, como todos t\u00eam se comportado, assim \u00e9 que deve ser o exemplo de como deve se reivindicar. Mas uma coisa me perdoem, mas eu n\u00e3o posso concordar, \u00e9 que eles decretem ponto facultativo, porque na hora que decreta o povo facultativo \u00e9 um preju\u00edzo enorme, inclusive para comerciantes, que n\u00e3o tem em tese nada a ver com isso s\u00f3 tem um preju\u00edzo\u201d, argumentou.,<\/p>\n<p>Bezerra chamou de \u2018mau exemplo\u2019 os decretos assinados por gestores na Para\u00edba: \u201cque eles venham, ser\u00e3o acolhidos, usem essa Tribuna, usem a Casa que a eles pertence, que \u00e9 a nossa Casa. Agora eu n\u00e3o posso concordar com os prefeitos decretem, honestamente eu n\u00e3o acho que seja um bom caminho, acho que \u00e9 at\u00e9 um mau exemplo\u201d.<\/p>\n<p>\u201cQue os prefeitos venham para c\u00e1, que protestem, que reivindiquem, com certeza, eles ter\u00e3o apoio de todas as bancadas com assento desta Casa, porque o problema deles \u00e9 o nosso problema \u2026a dificuldade, as cobran\u00e7as enormes com rela\u00e7\u00e3o a presta\u00e7\u00e3o desses importantes servi\u00e7o, a responsabilidade cai justamente para os prefeitos, ent\u00e3o fica aqui o meu apelo, que alguns colegas se posicionem tamb\u00e9m para que n\u00e3o decretem povo facultativo que venham que ser\u00e3o muito bem recebidos\u201d, finalizou.<\/p>\n<p>O post <a rel=\"nofollow noopener\" href=\"https:\/\/wscom.com.br\/hervazio-avaliza-protesto-por-repasses-mas-critica-paralisacao-d\/\" target=\"_blank\">Herv\u00e1zio avaliza protesto por repasses, mas critica paralisa\u00e7\u00e3o de prefeituras da Para\u00edba: \u201cMau exemplo\u201d<\/a> apareceu primeiro em <a rel=\"nofollow noopener\" href=\"https:\/\/wscom.com.br\/\" target=\"_blank\">WSCOM<\/a>.<\/p>\n","protected":false},"excerpt":{"rendered":"<p>\u00a0 O deputado estadual Herv\u00e1zio Bezerra (PSB) criticou, na tribuna da Assembleia Legislativa da Para\u00edba (ALPB), nesta ter\u00e7a-feira (29), os decretos de pontos facultativo editados por prefeitos da Para\u00edba em meio ao protesto que ser\u00e1 realizado nesta quarta-feira, na Pra\u00e7a Jo\u00e3o Pessoa, por redu\u00e7\u00e3o no FPM a Estados e munic\u00edpios. Ele avalizou a reivindica\u00e7\u00e3o, mas [\u2026]<\/p>\n<p>O post <a rel=\"nofollow\" href=\"https:\/\/wscom.com.br\/hervazio-avaliza-protesto-por-repasses-mas-critica-paralisacao-d\/\">Herv\u00e1zio avaliza protesto por repasses, mas critica paralisa\u00e7\u00e3o de prefeituras da Para\u00edba: \u201cMau exemplo\u201d<\/a> apareceu primeiro em <a rel=\"nofollow\" href=\"https:\/\/wscom.com.br\/\">WSCOM<\/a>.<\/p>\n","protected":false},"author":50,"featured_media":0,"comment_status":"closed","ping_status":"closed","sticky":false,"template":"","format":"standard","meta":{"advgb_blocks_editor_width":"","advgb_blocks_columns_visual_guide":"","footnotes":""},"categories":[34,8032,47,2494,8357],"tags":[35],"class_list":["post-31848","post","type-post","status-publish","format-standard","hentry","category-g1","category-hervazio","category-politica","category-protesto","category-repasses","tag-g1"],"author_meta":{"display_name":"Wallyson","author_link":"https:\/\/sindaopcpb.org.br\/author\/wallyson\/"},"featured_img":null,"coauthors":[],"tax_additional":{"categories":{"linked":["<a href=\"https:\/\/sindaopcpb.org.br\/g1\/\" class=\"advgb-post-tax-term\">G1<\/a>","<a href=\"https:\/\/sindaopcpb.org.br\/hervazio\/\" class=\"advgb-post-tax-term\">hervazio<\/a>","<a href=\"https:\/\/sindaopcpb.org.br\/politica\/\" class=\"advgb-post-tax-term\">POLITICA<\/a>","<a href=\"https:\/\/sindaopcpb.org.br\/protesto\/\" class=\"advgb-post-tax-term\">Protesto<\/a>","<a href=\"https:\/\/sindaopcpb.org.br\/repasses\/\" class=\"advgb-post-tax-term\">repasses<\/a>"],"unlinked":["<span class=\"advgb-post-tax-term\">G1<\/span>","<span class=\"advgb-post-tax-term\">hervazio<\/span>","<span class=\"advgb-post-tax-term\">POLITICA<\/span>","<span class=\"advgb-post-tax-term\">Protesto<\/span>","<span class=\"advgb-post-tax-term\">repasses<\/span>"]},"tags":{"linked":["<a href=\"https:\/\/sindaopcpb.org.br\/repasses\/\" class=\"advgb-post-tax-term\">g1<\/a>"],"unlinked":["<span class=\"advgb-post-tax-term\">g1<\/span>"]}},"comment_count":"0","relative_dates":{"created":"Publicado 3 anos atr\u00e1s","modified":"Atualizado 3 anos atr\u00e1s"},"absolute_dates":{"created":"Publicado em 29 de agosto de 2023","modified":"Atualizado em 29 de agosto de 2023"},"absolute_dates_time":{"created":"Publicado em 29 de agosto de 2023 11:11","modified":"Atualizado em 29 de agosto de 2023 11:11"},"featured_img_caption":"","series_order":"","_links":{"self":[{"href":"https:\/\/sindaopcpb.org.br\/index.php\/wp-json\/wp\/v2\/posts\/31848","targetHints":{"allow":["GET"]}}],"collection":[{"href":"https:\/\/sindaopcpb.org.br\/index.php\/wp-json\/wp\/v2\/posts"}],"about":[{"href":"https:\/\/sindaopcpb.org.br\/index.php\/wp-json\/wp\/v2\/types\/post"}],"author":[{"embeddable":true,"href":"https:\/\/sindaopcpb.org.br\/index.php\/wp-json\/wp\/v2\/users\/50"}],"replies":[{"embeddable":true,"href":"https:\/\/sindaopcpb.org.br\/index.php\/wp-json\/wp\/v2\/comments?post=31848"}],"version-history":[{"count":1,"href":"https:\/\/sindaopcpb.org.br\/index.php\/wp-json\/wp\/v2\/posts\/31848\/revisions"}],"predecessor-version":[{"id":31849,"href":"https:\/\/sindaopcpb.org.br\/index.php\/wp-json\/wp\/v2\/posts\/31848\/revisions\/31849"}],"wp:attachment":[{"href":"https:\/\/sindaopcpb.org.br\/index.php\/wp-json\/wp\/v2\/media?parent=31848"}],"wp:term":[{"taxonomy":"category","embeddable":true,"href":"https:\/\/sindaopcpb.org.br\/index.php\/wp-json\/wp\/v2\/categories?post=31848"},{"taxonomy":"post_tag","embeddable":true,"href":"https:\/\/sindaopcpb.org.br\/index.php\/wp-json\/wp\/v2\/tags?post=31848"}],"curies":[{"name":"wp","href":"https:\/\/api.w.org\/{rel}","templated":true}]}}