{"id":31815,"date":"2023-08-29T09:58:00","date_gmt":"2023-08-29T12:58:00","guid":{"rendered":"https:\/\/www.infomoney.com.br\/?p=2227832"},"modified":"2023-08-29T09:58:00","modified_gmt":"2023-08-29T12:58:00","slug":"candidato-a-presidente-da-argentina-massa-alfineta-adversarios-na-eleicao-ao-lado-de-haddad","status":"publish","type":"post","link":"https:\/\/sindaopcpb.org.br\/index.php\/2023\/08\/29\/candidato-a-presidente-da-argentina-massa-alfineta-adversarios-na-eleicao-ao-lado-de-haddad\/","title":{"rendered":"Candidato a presidente da Argentina, Massa alfineta advers\u00e1rios na elei\u00e7\u00e3o, ao lado de Haddad"},"content":{"rendered":"<p><img loading=\"lazy\" width=\"300\" height=\"200\" src=\"https:\/\/www.infomoney.com.br\/wp-content\/uploads\/2023\/06\/GettyImages-1420845669.jpg?fit=300%2C200&amp;quality=70&amp;strip=all\" class=\"attachment-medium size-medium wp-post-image\" alt=\"\" decoding=\"async\" style=\"float:right; margin:0 0 10px 10px;\" srcset=\"https:\/\/www.infomoney.com.br\/wp-content\/uploads\/2023\/06\/GettyImages-1420845669.jpg?w=594&amp;quality=70&amp;strip=all 594w, https:\/\/www.infomoney.com.br\/wp-content\/uploads\/2023\/06\/GettyImages-1420845669.jpg?w=300&amp;quality=70&amp;strip=all 300w, https:\/\/www.infomoney.com.br\/wp-content\/uploads\/2023\/06\/GettyImages-1420845669.jpg?w=150&amp;quality=70&amp;strip=all 150w\" sizes=\"auto, (max-width: 300px) 100vw, 300px\" data-attachment-id=\"2171266\" data-permalink=\"https:\/\/www.infomoney.com.br\/mercados\/argentina-sinais-de-proximo-governo-pro-mercado-ja-impactam-precos-apos-candidatura-de-ministro\/attachment\/massa-announces-measures-for-argentine-agricultural-sector\/\" data-orig-file=\"https:\/\/www.infomoney.com.br\/wp-content\/uploads\/2023\/06\/GettyImages-1420845669.jpg?fit=594%2C396&amp;quality=70&amp;strip=all\" data-orig-size=\"594,396\" data-comments-opened=\"0\" data-image-meta=\"{&quot;aperture&quot;:&quot;5.6&quot;,&quot;credit&quot;:&quot;Getty Images&quot;,&quot;camera&quot;:&quot;Canon EOS R6&quot;,&quot;caption&quot;:&quot;BUENOS AIRES, ARGENTINA - SEPTEMBER 04: Minister of Economy Sergio Massa speaks during a press conference to announce measures for the argentine agricultural sector at Economy Ministry building on September 04, 2022 in Buenos Aires, Argentina. Massa announced a new regime for exporting cereals to liquidate soybean sales at a dollar of 200 Argentine pesos. Massa will arrive in Washington, United States for meetings with the IMF on September 06. (Photo by Tomas Cuesta\\\/Getty Images)&quot;,&quot;created_timestamp&quot;:&quot;1662322084&quot;,&quot;copyright&quot;:&quot;2022 Getty Images&quot;,&quot;focal_length&quot;:&quot;400&quot;,&quot;iso&quot;:&quot;1250&quot;,&quot;shutter_speed&quot;:&quot;0.004&quot;,&quot;title&quot;:&quot;Massa Announces Measures For Argentine Agricultural Sector&quot;,&quot;orientation&quot;:&quot;0&quot;}\" data-image-title=\"Sergio Massa, ministro da Economia da Argentina\" data-image-description=\"\" data-image-caption=\"&lt;p&gt; Sergio Massa, ministro da Economia da Argentina (Foto: Tomas Cuesta\/Getty Images)&lt;\/p&gt;\n\" data-medium-file=\"https:\/\/www.infomoney.com.br\/wp-content\/uploads\/2023\/06\/GettyImages-1420845669.jpg?fit=300%2C200&amp;quality=70&amp;strip=all\" data-large-file=\"https:\/\/www.infomoney.com.br\/wp-content\/uploads\/2023\/06\/GettyImages-1420845669.jpg?fit=594%2C396&amp;quality=70&amp;strip=all\" title=\"\"><\/p>\n<p>O ministro da Economia da Argentina e candidato &agrave; presid&ecirc;ncia do pa&iacute;s, Sergio Massa, enalteceu a import&acirc;ncia do Brics, ap&oacute;s convite de integra&ccedil;&atilde;o ao bloco. A declara&ccedil;&atilde;o vem depois de candidatos advers&aacute;rios de Massa na Argentina criticarem a possibilidade de se juntar ao grupo. Ele deu as declara&ccedil;&otilde;es no Pal&aacute;cio do Planalto ao lado do ministro da Fazenda, Fernando Haddad.<\/p>\n<p>&ldquo;Aproveito para contar-lhes que aproveitamos muito a reuni&atilde;o com o presidente Lula e o ministro Haddad para falar sobre o enorme passo que demos regionalmente com a incorpora&ccedil;&atilde;o, o convite, para a Argentina se integrar ao Brics por parte dos pa&iacute;ses fundadores&rdquo;, comentou Massa, em coletiva de imprensa nesta segunda-feira, 28, citando passos em prol da integra&ccedil;&atilde;o entre os pa&iacute;ses. Conforme pontuou, a not&iacute;cia teve forte impacto no pa&iacute;s.<\/p>\n<p>Na semana passada, os dois principais candidatos presidenciais da oposi&ccedil;&atilde;o para as elei&ccedil;&otilde;es de outubro, o <i>outsider<\/i> de direita Javier Milei e a candidata da direita tradicional, Patricia Bullrich, rejeitaram o ingresso do pa&iacute;s no Brics. Bullrich antecipou que deixar&aacute; sem efeito a entrada no bloco se assumir o poder em 10 de dezembro. J&aacute; Milei disse que n&atilde;o quer lidar com &ldquo;na&ccedil;&otilde;es governadas pela esquerda&rdquo;.<\/p>\n<p>Massa disse que gostaria que os argentinos &ldquo;entendam a import&acirc;ncia da rela&ccedil;&atilde;o comercial entre Argentina e Brasil, e a import&acirc;ncia do Brics&rdquo;. De acordo com o presidente Luiz In&aacute;cio Lula da Silva, com a incorpora&ccedil;&atilde;o da Argentina e mais cinco pa&iacute;ses, o Brics passar&aacute; a representar 36% do PIB global, em paridade de poder de compra.<\/p>\n<p>Na reuni&atilde;o com Lula e Haddad, de acordo com Massa, foi prorrogada a concess&atilde;o da ponte binacional S&atilde;o Borja-S&atilde;o Tom&eacute; e a iniciativa conjunta Brasil-Argentina de levar adiante a constru&ccedil;&atilde;o de frotas fluviais.<\/p>\n<p>Massa pontuou que a marinha mercante fluvial foi um processo que Brasil e Argentina haviam constru&iacute;do por 20 anos, mas que foi &ldquo;interrompido no governo Bolsonaro por decis&atilde;o do Brasil de n&atilde;o renovar o acordo&rdquo;. Al&eacute;m disso, ele tamb&eacute;m citou a abertura de mercado agr&iacute;cola, que tinha sido interrompido devido ao caso de gripe avi&aacute;ria.<\/p>\n<\/p>\n<div class=\"cta-end\">\n<div class=\"im-cta\" >\n<div class=\"im-shortcode-forms bg-light bg-opacity-25 border rounded-4 p-3 p-sm-4 p-md-3 p-lg-4 px-xxl-5 my-5\" data-configuration='{\"form_name\":false,\"form_hat\":\"Newsletter\",\"form_email\":true,\"form_icon\":\"newsletter\",\"form_phone\":false,\"form_campaign\":\"NIM\",\"form_thankyou\":\"\",\"form_journey\":\"APIEvent-26a5198d-8e09-06ef-5f80-cd9127757ad1\",\"form_button\":\"Quero receber\",\"form_context\":\"newsletter\",\"form_origin\":\"https:\\\/\\\/www.infomoney.com.br\\\/politica\\\/feed\\\/?utm_medium=materia&#038;utm_source=infomoney&#038;utm_campaign=NIM&#038;utm_term=politica&#038;utm_content=newsletter\",\"form_position\":\"final\",\"form_category\":\"cta_form\"}'>\n<div class=\"d-flex flex-column align-items-center align-items-lg-start mb-4 flex-lg-row\">\n<div class=\"rounded-circle mb-2 mb-lg-0 mr-lg-4 me-lg-4 p-3 p-lg-4 bg-blue-400\"><svg width=\"40\" height=\"40\" viewBox=\"0 0 40 40\" fill=\"none\" xmlns=\"http:\/\/www.w3.org\/2000\/svg\"><path d=\"M20 20.25 6.042 11.042v19.041c0 .167.048.299.146.396a.535.535 0 0 0 .395.146h15.792V32.5H6.583a2.328 2.328 0 0 1-1.708-.708 2.328 2.328 0 0 1-.708-1.709V9.917c0-.667.236-1.236.708-1.709A2.328 2.328 0 0 1 6.583 7.5h26.834c.666 0 1.236.236 1.708.708a2.33 2.33 0 0 1 .708 1.709v12.458h-1.875V11.042L20 20.25Zm0-2 13.667-8.875H6.333L20 18.25Zm11.75 18.958-1.292-1.333 3.334-3.375h-9v-1.875h9l-3.375-3.417 1.333-1.291 5.667 5.625-5.667 5.666ZM6.042 11.042v20.791-9.458.25-13.25 1.667Z\" fill=\"#fff\"\/><\/svg><\/div>\n<div class=\"flex-fill text-center text-lg-left\">\n<div class=\"h6 small text-orange-700 lh-base mb-1\">Newsletter<\/div>\n<div class=\"text-body h4 m-0\">Infomorning<\/div>\n<div class=\"text-body small lh-base mt-2\">Receba no seu e-mail logo pela manh&atilde; as not&iacute;cias que v&atilde;o mexer com os mercados, com os seus investimentos e o seu bolso durante o dia<\/div>\n<\/div>\n<\/div>\n<\/div>\n<\/div>\n<\/div>\n<p>The post <a rel=\"nofollow noopener\" href=\"https:\/\/www.infomoney.com.br\/politica\/candidato-a-presidente-da-argentina-massa-alfineta-adversarios-na-eleicao-ao-lado-de-haddad\/\" target=\"_blank\">Candidato a presidente da Argentina, Massa alfineta advers\u00e1rios na elei\u00e7\u00e3o, ao lado de Haddad<\/a> appeared first on <a rel=\"nofollow noopener\" href=\"https:\/\/www.infomoney.com.br\/\" target=\"_blank\">InfoMoney<\/a>.<\/p>\n","protected":false},"excerpt":{"rendered":"<p><img loading=\"lazy\" decoding=\"async\" width=\"300\" height=\"200\" src=\"https:\/\/www.infomoney.com.br\/wp-content\/uploads\/2023\/06\/GettyImages-1420845669.jpg?fit=300%2C200&amp;quality=70&amp;strip=all\" class=\"attachment-medium size-medium wp-post-image\" alt=\"\" data-attachment-id=\"2171266\" data-permalink=\"https:\/\/www.infomoney.com.br\/mercados\/argentina-sinais-de-proximo-governo-pro-mercado-ja-impactam-precos-apos-candidatura-de-ministro\/attachment\/massa-announces-measures-for-argentine-agricultural-sector\/\" data-orig-file=\"https:\/\/www.infomoney.com.br\/wp-content\/uploads\/2023\/06\/GettyImages-1420845669.jpg?fit=594%2C396&amp;quality=70&amp;strip=all\" data-orig-size=\"594,396\" data-comments-opened=\"0\" data-image-meta='{\"aperture\":\"5.6\",\"credit\":\"Getty Images\",\"camera\":\"Canon EOS R6\",\"caption\":\"BUENOS AIRES, ARGENTINA - SEPTEMBER 04: Minister of Economy Sergio Massa speaks during a press conference to announce measures for the argentine agricultural sector at Economy Ministry building on September 04, 2022 in Buenos Aires, Argentina. Massa announced a new regime for exporting cereals to liquidate soybean sales at a dollar of 200 Argentine pesos. Massa will arrive in Washington, United States for meetings with the IMF on September 06. (Photo by Tomas Cuesta\\\/Getty Images)\",\"created_timestamp\":\"1662322084\",\"copyright\":\"2022 Getty Images\",\"focal_length\":\"400\",\"iso\":\"1250\",\"shutter_speed\":\"0.004\",\"title\":\"Massa Announces Measures For Argentine Agricultural Sector\",\"orientation\":\"0\"}' data-image-title=\"Sergio Massa, ministro da Economia da Argentina\" data-image-description=\"\" data-image-caption=\"&lt;p&gt; Sergio Massa, ministro da Economia da Argentina (Foto: Tomas Cuesta\/Getty Images)&lt;\/p&gt;\n\" data-medium-file=\"https:\/\/www.infomoney.com.br\/wp-content\/uploads\/2023\/06\/GettyImages-1420845669.jpg?fit=300%2C200&amp;quality=70&amp;strip=all\" data-large-file=\"https:\/\/www.infomoney.com.br\/wp-content\/uploads\/2023\/06\/GettyImages-1420845669.jpg?fit=594%2C396&amp;quality=70&amp;strip=all\">Presidenci\u00e1vel disse que gostaria que os argentinos &#8220;entendam a import\u00e2ncia da rela\u00e7\u00e3o comercial entre Argentina e Brasil, e a import\u00e2ncia do Brics&#8221;<\/p>\n<p>The post <a rel=\"nofollow\" href=\"https:\/\/www.infomoney.com.br\/politica\/candidato-a-presidente-da-argentina-massa-alfineta-adversarios-na-eleicao-ao-lado-de-haddad\/\">Candidato a presidente da Argentina, Massa alfineta advers\u00e1rios na elei\u00e7\u00e3o, ao lado de Haddad<\/a> appeared first on <a rel=\"nofollow\" href=\"https:\/\/www.infomoney.com.br\/\">InfoMoney<\/a>.<\/p>\n","protected":false},"author":43,"featured_media":0,"comment_status":"closed","ping_status":"closed","sticky":false,"template":"","format":"standard","meta":{"advgb_blocks_editor_width":"","advgb_blocks_columns_visual_guide":"","footnotes":""},"categories":[1385,1386,109,34,130,47,8037],"tags":[35],"class_list":["post-31815","post","type-post","status-publish","format-standard","hentry","category-alberto-fernandez","category-argentina","category-fernando-haddad","category-g1","category-ministerio-da-fazenda","category-politica","category-sergio-massa","tag-g1"],"author_meta":{"display_name":"Estad\u00e3o Conte\u00fado","author_link":"https:\/\/sindaopcpb.org.br\/author\/estadao-conteudo\/"},"featured_img":null,"coauthors":[],"tax_additional":{"categories":{"linked":["<a href=\"https:\/\/sindaopcpb.org.br\/alberto-fernandez\/\" class=\"advgb-post-tax-term\">Alberto Fern\u00e1ndez<\/a>","<a href=\"https:\/\/sindaopcpb.org.br\/argentina\/\" class=\"advgb-post-tax-term\">Argentina<\/a>","<a href=\"https:\/\/sindaopcpb.org.br\/fernando-haddad\/\" class=\"advgb-post-tax-term\">FERNANDO HADDAD<\/a>","<a href=\"https:\/\/sindaopcpb.org.br\/g1\/\" class=\"advgb-post-tax-term\">G1<\/a>","<a href=\"https:\/\/sindaopcpb.org.br\/ministerio-da-fazenda\/\" class=\"advgb-post-tax-term\">Minist\u00e9rio da Fazenda<\/a>","<a href=\"https:\/\/sindaopcpb.org.br\/politica\/\" class=\"advgb-post-tax-term\">POLITICA<\/a>","<a href=\"https:\/\/sindaopcpb.org.br\/sergio-massa\/\" class=\"advgb-post-tax-term\">Sergio Massa<\/a>"],"unlinked":["<span class=\"advgb-post-tax-term\">Alberto Fern\u00e1ndez<\/span>","<span class=\"advgb-post-tax-term\">Argentina<\/span>","<span class=\"advgb-post-tax-term\">FERNANDO HADDAD<\/span>","<span class=\"advgb-post-tax-term\">G1<\/span>","<span class=\"advgb-post-tax-term\">Minist\u00e9rio da Fazenda<\/span>","<span class=\"advgb-post-tax-term\">POLITICA<\/span>","<span class=\"advgb-post-tax-term\">Sergio Massa<\/span>"]},"tags":{"linked":["<a href=\"https:\/\/sindaopcpb.org.br\/sergio-massa\/\" class=\"advgb-post-tax-term\">g1<\/a>"],"unlinked":["<span class=\"advgb-post-tax-term\">g1<\/span>"]}},"comment_count":"0","relative_dates":{"created":"Publicado 3 anos atr\u00e1s","modified":"Atualizado 3 anos atr\u00e1s"},"absolute_dates":{"created":"Publicado em 29 de agosto de 2023","modified":"Atualizado em 29 de agosto de 2023"},"absolute_dates_time":{"created":"Publicado em 29 de agosto de 2023 09:58","modified":"Atualizado em 29 de agosto de 2023 09:58"},"featured_img_caption":"","series_order":"","_links":{"self":[{"href":"https:\/\/sindaopcpb.org.br\/index.php\/wp-json\/wp\/v2\/posts\/31815","targetHints":{"allow":["GET"]}}],"collection":[{"href":"https:\/\/sindaopcpb.org.br\/index.php\/wp-json\/wp\/v2\/posts"}],"about":[{"href":"https:\/\/sindaopcpb.org.br\/index.php\/wp-json\/wp\/v2\/types\/post"}],"author":[{"embeddable":true,"href":"https:\/\/sindaopcpb.org.br\/index.php\/wp-json\/wp\/v2\/users\/43"}],"replies":[{"embeddable":true,"href":"https:\/\/sindaopcpb.org.br\/index.php\/wp-json\/wp\/v2\/comments?post=31815"}],"version-history":[{"count":1,"href":"https:\/\/sindaopcpb.org.br\/index.php\/wp-json\/wp\/v2\/posts\/31815\/revisions"}],"predecessor-version":[{"id":31816,"href":"https:\/\/sindaopcpb.org.br\/index.php\/wp-json\/wp\/v2\/posts\/31815\/revisions\/31816"}],"wp:attachment":[{"href":"https:\/\/sindaopcpb.org.br\/index.php\/wp-json\/wp\/v2\/media?parent=31815"}],"wp:term":[{"taxonomy":"category","embeddable":true,"href":"https:\/\/sindaopcpb.org.br\/index.php\/wp-json\/wp\/v2\/categories?post=31815"},{"taxonomy":"post_tag","embeddable":true,"href":"https:\/\/sindaopcpb.org.br\/index.php\/wp-json\/wp\/v2\/tags?post=31815"}],"curies":[{"name":"wp","href":"https:\/\/api.w.org\/{rel}","templated":true}]}}