{"id":31799,"date":"2023-08-29T09:53:42","date_gmt":"2023-08-29T12:53:42","guid":{"rendered":"https:\/\/wpa.wscom.com.br\/?p=920268"},"modified":"2023-08-29T09:53:42","modified_gmt":"2023-08-29T12:53:42","slug":"influencer-de-33-anos-do-df-morre-apos-parada-cardiaca-em-gramado-policia-civil-investiga","status":"publish","type":"post","link":"https:\/\/sindaopcpb.org.br\/index.php\/2023\/08\/29\/influencer-de-33-anos-do-df-morre-apos-parada-cardiaca-em-gramado-policia-civil-investiga\/","title":{"rendered":"Influencer de 33 anos do DF morre ap\u00f3s parada card\u00edaca em Gramado; Pol\u00edcia Civil investiga"},"content":{"rendered":"<p>A influenciadora Larissa Borges morreu aos 33 anos, na madrugada desta segunda-feira (28), em Gramado, na Serra do RS, conforme postagem em suas redes sociais. Moradora do Distrito Federal, ela estava em viagem na cidade quando sofreu uma parada card\u00edaca no dia 20 de agosto. A Pol\u00edcia Civil investiga a morte.<\/p>\n<p>Conforme o comunicado, Larissa ficou em coma durante uma semana e morreu ao ter uma segunda parada card\u00edaca. O delegado Gustavo Barcellos informou ao g1 que a investiga\u00e7\u00e3o aguarda os resultados da necropsia, e que o namorado de Larissa j\u00e1 prestou depoimento.<\/p>\n<p>&#8220;H\u00e1 um relato de poss\u00edvel ingest\u00e3o de subst\u00e2ncias entorpecentes, acumulado com bebida alco\u00f3lica. O corpo foi encaminhado para a necropsia. Vamos tentar buscar atrav\u00e9s de exames laboratoriais a subst\u00e2ncias que possivelmente ela consumiu. J\u00e1 ouvimos o namorado que estava com ela e estamos apurando o caso&#8221;, resume o delegado.<\/p>\n<p>&#8220;A dor de perder algu\u00e9m t\u00e3o jovem, com apenas 33 anos, e t\u00e3o am\u00e1vel, \u00e9 avassaladora. Nossos cora\u00e7\u00f5es est\u00e3o partidos, e a saudade que sentiremos \u00e9 indescrit\u00edvel&#8221;, diz o texto nas redes sociais.<br \/>\nA fam\u00edlia se mobiliza para arrecadar fundos e levar o corpo de Larissa ao Distrito Federal.<\/p>\n<p>O post <a rel=\"nofollow noopener\" href=\"https:\/\/wscom.com.br\/influencer-de-33-anos-do-df-morre-apos-parada-cardiaca-em-gramado-policia-civil-investiga\/\" target=\"_blank\">Influencer de 33 anos do DF morre ap\u00f3s parada card\u00edaca em Gramado; Pol\u00edcia Civil investiga<\/a> apareceu primeiro em <a rel=\"nofollow noopener\" href=\"https:\/\/wscom.com.br\/\" target=\"_blank\">WSCOM<\/a>.<\/p>\n","protected":false},"excerpt":{"rendered":"<p>A influenciadora Larissa Borges morreu aos 33 anos, na madrugada desta segunda-feira (28), em Gramado, na Serra do RS, conforme postagem em suas redes sociais. Moradora do Distrito Federal, ela estava em viagem na cidade quando sofreu uma parada card\u00edaca no dia 20 de agosto. A Pol\u00edcia Civil investiga a morte. Conforme o comunicado, Larissa [\u2026]<\/p>\n<p>O post <a rel=\"nofollow\" href=\"https:\/\/wscom.com.br\/influencer-de-33-anos-do-df-morre-apos-parada-cardiaca-em-gramado-policia-civil-investiga\/\">Influencer de 33 anos do DF morre ap\u00f3s parada card\u00edaca em Gramado; Pol\u00edcia Civil investiga<\/a> apareceu primeiro em <a rel=\"nofollow\" href=\"https:\/\/wscom.com.br\/\">WSCOM<\/a>.<\/p>\n","protected":false},"author":49,"featured_media":0,"comment_status":"closed","ping_status":"closed","sticky":false,"template":"","format":"standard","meta":{"advgb_blocks_editor_width":"","advgb_blocks_columns_visual_guide":"","footnotes":""},"categories":[34,8345,8346,8347,66],"tags":[35],"class_list":["post-31799","post","type-post","status-publish","format-standard","hentry","category-g1","category-gramado","category-influenciadora-larissa-borges","category-parada-cardiaca","category-policial","tag-g1"],"author_meta":{"display_name":"Cristiane Cavalcante","author_link":"https:\/\/sindaopcpb.org.br\/author\/cristiane-cavalcante\/"},"featured_img":null,"coauthors":[],"tax_additional":{"categories":{"linked":["<a href=\"https:\/\/sindaopcpb.org.br\/g1\/\" class=\"advgb-post-tax-term\">G1<\/a>","<a href=\"https:\/\/sindaopcpb.org.br\/gramado\/\" class=\"advgb-post-tax-term\">Gramado<\/a>","<a href=\"https:\/\/sindaopcpb.org.br\/influenciadora-larissa-borges\/\" class=\"advgb-post-tax-term\">influenciadora Larissa Borges<\/a>","<a href=\"https:\/\/sindaopcpb.org.br\/parada-cardiaca\/\" class=\"advgb-post-tax-term\">Parada Card\u00edaca<\/a>","<a href=\"https:\/\/sindaopcpb.org.br\/policial\/\" class=\"advgb-post-tax-term\">Policial<\/a>"],"unlinked":["<span class=\"advgb-post-tax-term\">G1<\/span>","<span class=\"advgb-post-tax-term\">Gramado<\/span>","<span class=\"advgb-post-tax-term\">influenciadora Larissa Borges<\/span>","<span class=\"advgb-post-tax-term\">Parada Card\u00edaca<\/span>","<span class=\"advgb-post-tax-term\">Policial<\/span>"]},"tags":{"linked":["<a href=\"https:\/\/sindaopcpb.org.br\/policial\/\" class=\"advgb-post-tax-term\">g1<\/a>"],"unlinked":["<span class=\"advgb-post-tax-term\">g1<\/span>"]}},"comment_count":"0","relative_dates":{"created":"Publicado 3 anos atr\u00e1s","modified":"Atualizado 3 anos atr\u00e1s"},"absolute_dates":{"created":"Publicado em 29 de agosto de 2023","modified":"Atualizado em 29 de agosto de 2023"},"absolute_dates_time":{"created":"Publicado em 29 de agosto de 2023 09:53","modified":"Atualizado em 29 de agosto de 2023 09:53"},"featured_img_caption":"","series_order":"","_links":{"self":[{"href":"https:\/\/sindaopcpb.org.br\/index.php\/wp-json\/wp\/v2\/posts\/31799","targetHints":{"allow":["GET"]}}],"collection":[{"href":"https:\/\/sindaopcpb.org.br\/index.php\/wp-json\/wp\/v2\/posts"}],"about":[{"href":"https:\/\/sindaopcpb.org.br\/index.php\/wp-json\/wp\/v2\/types\/post"}],"author":[{"embeddable":true,"href":"https:\/\/sindaopcpb.org.br\/index.php\/wp-json\/wp\/v2\/users\/49"}],"replies":[{"embeddable":true,"href":"https:\/\/sindaopcpb.org.br\/index.php\/wp-json\/wp\/v2\/comments?post=31799"}],"version-history":[{"count":1,"href":"https:\/\/sindaopcpb.org.br\/index.php\/wp-json\/wp\/v2\/posts\/31799\/revisions"}],"predecessor-version":[{"id":31800,"href":"https:\/\/sindaopcpb.org.br\/index.php\/wp-json\/wp\/v2\/posts\/31799\/revisions\/31800"}],"wp:attachment":[{"href":"https:\/\/sindaopcpb.org.br\/index.php\/wp-json\/wp\/v2\/media?parent=31799"}],"wp:term":[{"taxonomy":"category","embeddable":true,"href":"https:\/\/sindaopcpb.org.br\/index.php\/wp-json\/wp\/v2\/categories?post=31799"},{"taxonomy":"post_tag","embeddable":true,"href":"https:\/\/sindaopcpb.org.br\/index.php\/wp-json\/wp\/v2\/tags?post=31799"}],"curies":[{"name":"wp","href":"https:\/\/api.w.org\/{rel}","templated":true}]}}