{"id":31797,"date":"2023-08-29T06:26:58","date_gmt":"2023-08-29T09:26:58","guid":{"rendered":"https:\/\/wpa.wscom.com.br\/?p=920247"},"modified":"2023-08-29T06:26:58","modified_gmt":"2023-08-29T09:26:58","slug":"cin-pb-realiza-capacitacao-sobre-declaracao-unica-de-exportacao","status":"publish","type":"post","link":"https:\/\/sindaopcpb.org.br\/index.php\/2023\/08\/29\/cin-pb-realiza-capacitacao-sobre-declaracao-unica-de-exportacao\/","title":{"rendered":"CIN-PB realiza capacita\u00e7\u00e3o sobre Declara\u00e7\u00e3o \u00danica de Exporta\u00e7\u00e3o"},"content":{"rendered":"<p>A Federa\u00e7\u00e3o das Ind\u00fastrias do Estado da Para\u00edba &#8211; FIEP, atrav\u00e9s do Centro Internacional de Neg\u00f3cios do estado, vai realizar, nos dias 12 e 13 de setembro, uma capacita\u00e7\u00e3o sobre Declara\u00e7\u00e3o \u00danica de Exporta\u00e7\u00e3o (DU-E), uma ferramenta essencial para profissionais que atuam no com\u00e9rcio exterior.<\/p>\n<p>As aulas acontecem das 9h \u00e0s 12h, abordando o uso dessa ferramenta no cotidiano das empresas, com o objetivo de explicar o seu funcionamento na pr\u00e1tica atrav\u00e9s de um simulador, possibilitando um dom\u00ednio do instrumento no dia a dia.<\/p>\n<p>Durante a programa\u00e7\u00e3o, os participantes conhecer\u00e3o um breve hist\u00f3rico do processo de exporta\u00e7\u00e3o, atrav\u00e9s de uma contextualiza\u00e7\u00e3o da evolu\u00e7\u00e3o dos sistemas, al\u00e9m da base legal e Novo Processo de exporta\u00e7\u00e3o, da import\u00e2ncia da nota fiscal eletr\u00f4nica e as caracter\u00edsticas da DU-E.<\/p>\n<p>A capacita\u00e7\u00e3o ser\u00e1 ministrada pelo Gerente de Projetos Full Stack da DNC Group, William Silva Pinto, formado em Com\u00e9rcio Exterior pela Universidade Luterana do Brasil &#8211; ULBRAS\/RS.<\/p>\n<p><a href=\"https:\/\/forms.gle\/Uq6BJJGim1zdmj9f9\" rel=\"nofollow noopener\" target=\"_blank\">Clique aqui para se inscrever<\/a><\/p>\n<p>O post <a rel=\"nofollow noopener\" href=\"https:\/\/wscom.com.br\/cin-pb-realiza-capacitacao-sobre-declaracao-unica-de-exportacao\/\" target=\"_blank\">CIN-PB realiza capacita\u00e7\u00e3o sobre Declara\u00e7\u00e3o \u00danica de Exporta\u00e7\u00e3o<\/a> apareceu primeiro em <a rel=\"nofollow noopener\" href=\"https:\/\/wscom.com.br\/\" target=\"_blank\">WSCOM<\/a>.<\/p>\n","protected":false},"excerpt":{"rendered":"<p>A Federa\u00e7\u00e3o das Ind\u00fastrias do Estado da Para\u00edba \u2013 FIEP, atrav\u00e9s do Centro Internacional de Neg\u00f3cios do estado, vai realizar, nos dias 12 e 13 de setembro, uma capacita\u00e7\u00e3o sobre Declara\u00e7\u00e3o \u00danica de Exporta\u00e7\u00e3o (DU-E), uma ferramenta essencial para profissionais que atuam no com\u00e9rcio exterior. As aulas acontecem das 9h \u00e0s 12h, abordando o uso [\u2026]<\/p>\n<p>O post <a rel=\"nofollow\" href=\"https:\/\/wscom.com.br\/cin-pb-realiza-capacitacao-sobre-declaracao-unica-de-exportacao\/\">CIN-PB realiza capacita\u00e7\u00e3o sobre Declara\u00e7\u00e3o \u00danica de Exporta\u00e7\u00e3o<\/a> apareceu primeiro em <a rel=\"nofollow\" href=\"https:\/\/wscom.com.br\/\">WSCOM<\/a>.<\/p>\n","protected":false},"author":49,"featured_media":0,"comment_status":"closed","ping_status":"closed","sticky":false,"template":"","format":"standard","meta":{"advgb_blocks_editor_width":"","advgb_blocks_columns_visual_guide":"","footnotes":""},"categories":[3383,8343,3265,8344,34],"tags":[35],"class_list":["post-31797","post","type-post","status-publish","format-standard","hentry","category-capacitacao","category-cin-pb","category-cursos","category-declaracao-unica-de-exportacao","category-g1","tag-g1"],"author_meta":{"display_name":"Cristiane Cavalcante","author_link":"https:\/\/sindaopcpb.org.br\/author\/cristiane-cavalcante\/"},"featured_img":null,"coauthors":[],"tax_additional":{"categories":{"linked":["<a href=\"https:\/\/sindaopcpb.org.br\/capacitacao\/\" class=\"advgb-post-tax-term\">capacita\u00e7\u00e3o<\/a>","<a href=\"https:\/\/sindaopcpb.org.br\/cin-pb\/\" class=\"advgb-post-tax-term\">CIN-PB<\/a>","<a href=\"https:\/\/sindaopcpb.org.br\/cursos\/\" class=\"advgb-post-tax-term\">cursos<\/a>","<a href=\"https:\/\/sindaopcpb.org.br\/declaracao-unica-de-exportacao\/\" class=\"advgb-post-tax-term\">Declara\u00e7\u00e3o \u00danica de Exporta\u00e7\u00e3o<\/a>","<a href=\"https:\/\/sindaopcpb.org.br\/g1\/\" class=\"advgb-post-tax-term\">G1<\/a>"],"unlinked":["<span class=\"advgb-post-tax-term\">capacita\u00e7\u00e3o<\/span>","<span class=\"advgb-post-tax-term\">CIN-PB<\/span>","<span class=\"advgb-post-tax-term\">cursos<\/span>","<span class=\"advgb-post-tax-term\">Declara\u00e7\u00e3o \u00danica de Exporta\u00e7\u00e3o<\/span>","<span class=\"advgb-post-tax-term\">G1<\/span>"]},"tags":{"linked":["<a href=\"https:\/\/sindaopcpb.org.br\/g1\/\" class=\"advgb-post-tax-term\">g1<\/a>"],"unlinked":["<span class=\"advgb-post-tax-term\">g1<\/span>"]}},"comment_count":"0","relative_dates":{"created":"Publicado 3 anos atr\u00e1s","modified":"Atualizado 3 anos atr\u00e1s"},"absolute_dates":{"created":"Publicado em 29 de agosto de 2023","modified":"Atualizado em 29 de agosto de 2023"},"absolute_dates_time":{"created":"Publicado em 29 de agosto de 2023 06:26","modified":"Atualizado em 29 de agosto de 2023 06:26"},"featured_img_caption":"","series_order":"","_links":{"self":[{"href":"https:\/\/sindaopcpb.org.br\/index.php\/wp-json\/wp\/v2\/posts\/31797","targetHints":{"allow":["GET"]}}],"collection":[{"href":"https:\/\/sindaopcpb.org.br\/index.php\/wp-json\/wp\/v2\/posts"}],"about":[{"href":"https:\/\/sindaopcpb.org.br\/index.php\/wp-json\/wp\/v2\/types\/post"}],"author":[{"embeddable":true,"href":"https:\/\/sindaopcpb.org.br\/index.php\/wp-json\/wp\/v2\/users\/49"}],"replies":[{"embeddable":true,"href":"https:\/\/sindaopcpb.org.br\/index.php\/wp-json\/wp\/v2\/comments?post=31797"}],"version-history":[{"count":1,"href":"https:\/\/sindaopcpb.org.br\/index.php\/wp-json\/wp\/v2\/posts\/31797\/revisions"}],"predecessor-version":[{"id":31798,"href":"https:\/\/sindaopcpb.org.br\/index.php\/wp-json\/wp\/v2\/posts\/31797\/revisions\/31798"}],"wp:attachment":[{"href":"https:\/\/sindaopcpb.org.br\/index.php\/wp-json\/wp\/v2\/media?parent=31797"}],"wp:term":[{"taxonomy":"category","embeddable":true,"href":"https:\/\/sindaopcpb.org.br\/index.php\/wp-json\/wp\/v2\/categories?post=31797"},{"taxonomy":"post_tag","embeddable":true,"href":"https:\/\/sindaopcpb.org.br\/index.php\/wp-json\/wp\/v2\/tags?post=31797"}],"curies":[{"name":"wp","href":"https:\/\/api.w.org\/{rel}","templated":true}]}}