{"id":31791,"date":"2023-08-29T08:06:16","date_gmt":"2023-08-29T11:06:16","guid":{"rendered":"https:\/\/wpa.wscom.com.br\/?p=920237"},"modified":"2023-08-29T08:06:16","modified_gmt":"2023-08-29T11:06:16","slug":"morre-braulio-lins-irmao-do-governador-joao-azevedo-meu-super-heroi-se-foi","status":"publish","type":"post","link":"https:\/\/sindaopcpb.org.br\/index.php\/2023\/08\/29\/morre-braulio-lins-irmao-do-governador-joao-azevedo-meu-super-heroi-se-foi\/","title":{"rendered":"Morre Br\u00e1ulio Lins, irm\u00e3o do governador Jo\u00e3o Azev\u00eado: \u201cMeu super-her\u00f3i se foi\u201d"},"content":{"rendered":"<p>&nbsp;<\/p>\n<p>Na noite desta segunda-feira (28), em Bras\u00edlia, faleceu Br\u00e1ulio Pereira Lins, irm\u00e3o do governador Jo\u00e3o Azev\u00eado, ap\u00f3s 18 anos lutando contra o c\u00e2ncer. Br\u00e1ulio era reconhecido por sua trajet\u00f3ria como professor e ex-diretor geral da Escola T\u00e9cnica Federal da Para\u00edba, o atual Instituto Federal da Para\u00edba (IFPB).<\/p>\n<p>Em suas redes sociais, o governador publicou uma homenagem emocionada, descrevendo Br\u00e1ulio como um exemplo de dignidade, car\u00e1ter e solidariedade.<\/p>\n<p>\u201cHoje perdi a minha refer\u00eancia maior de dignidade, car\u00e1ter, honestidade e solidariedade, se foi meu her\u00f3i, meu super her\u00f3i, ningu\u00e9m foi mais valente do que ele, ningu\u00e9m foi mais corajoso, ningu\u00e9m amou a vida tanto quanto ele, ningu\u00e9m se dedicou a fazer o bem como ele, lutou dezoito anos contra uma doen\u00e7a que para muitos seria apenas a luta de alguns meses, derrotou ano ap\u00f3s ano as limita\u00e7\u00f5es impostas pela doen\u00e7a, renascia ap\u00f3s cada crise e levantava ap\u00f3s cada queda. Um gigante que deixa um exemplo de coragem e supera\u00e7\u00e3o. V\u00e1 meu irm\u00e3o, amigo e conselheiro, Deus lhe receber\u00e1 com uma grande festa, como merece todos os her\u00f3is. Pobre de n\u00f3s que perdemos sua companhia, que n\u00e3o teremos mais o seu sorriso e o seu abra\u00e7o. Estou \u00f3rf\u00e3o mais uma vez\u201d.<\/p>\n<blockquote class=\"instagram-media\" style=\"background: #FFF; border: 0; border-radius: 3px; box-shadow: 0 0 1px 0 rgba(0,0,0,0.5),0 1px 10px 0 rgba(0,0,0,0.15); margin: 1px; max-width: 540px; min-width: 326px; padding: 0; width: calc(100% - 2px);\" data-instgrm-captioned=\"\" data-instgrm-permalink=\"https:\/\/www.instagram.com\/p\/CwgsC92NAej\/?utm_source=ig_embed&amp;utm_campaign=loading\" data-instgrm-version=\"14\">\n<div style=\"padding: 16px;\">\n<p>&nbsp;<\/p>\n<div style=\"display: flex; flex-direction: row; align-items: center;\">\n<div style=\"background-color: #f4f4f4; border-radius: 50%; flex-grow: 0; height: 40px; margin-right: 14px; width: 40px;\"><\/div>\n<div style=\"display: flex; flex-direction: column; flex-grow: 1; justify-content: center;\">\n<div style=\"background-color: #f4f4f4; border-radius: 4px; flex-grow: 0; height: 14px; margin-bottom: 6px; width: 100px;\"><\/div>\n<div style=\"background-color: #f4f4f4; border-radius: 4px; flex-grow: 0; height: 14px; width: 60px;\"><\/div>\n<\/div>\n<\/div>\n<div style=\"padding: 19% 0;\"><\/div>\n<div style=\"display: block; height: 50px; margin: 0 auto 12px; width: 50px;\"><\/div>\n<div style=\"padding-top: 8px;\">\n<div style=\"color: #3897f0; font-family: Arial,sans-serif; font-size: 14px; font-style: normal; font-weight: 550; line-height: 18px;\">Ver essa foto no Instagram<\/div>\n<\/div>\n<div style=\"padding: 12.5% 0;\"><\/div>\n<div style=\"display: flex; flex-direction: row; margin-bottom: 14px; align-items: center;\">\n<div>\n<div style=\"background-color: #f4f4f4; border-radius: 50%; height: 12.5px; width: 12.5px; transform: translateX(0px) translateY(7px);\"><\/div>\n<div style=\"background-color: #f4f4f4; height: 12.5px; transform: rotate(-45deg) translateX(3px) translateY(1px); width: 12.5px; flex-grow: 0; margin-right: 14px; margin-left: 2px;\"><\/div>\n<div style=\"background-color: #f4f4f4; border-radius: 50%; height: 12.5px; width: 12.5px; transform: translateX(9px) translateY(-18px);\"><\/div>\n<\/div>\n<div style=\"margin-left: 8px;\">\n<div style=\"background-color: #f4f4f4; border-radius: 50%; flex-grow: 0; height: 20px; width: 20px;\"><\/div>\n<div style=\"width: 0; height: 0; border-top: 2px solid transparent; border-left: 6px solid #f4f4f4; border-bottom: 2px solid transparent; transform: translateX(16px) translateY(-4px) rotate(30deg);\"><\/div>\n<\/div>\n<div style=\"margin-left: auto;\">\n<div style=\"width: 0px; border-top: 8px solid #F4F4F4; border-right: 8px solid transparent; transform: translateY(16px);\"><\/div>\n<div style=\"background-color: #f4f4f4; flex-grow: 0; height: 12px; width: 16px; transform: translateY(-4px);\"><\/div>\n<div style=\"width: 0; height: 0; border-top: 8px solid #F4F4F4; border-left: 8px solid transparent; transform: translateY(-4px) translateX(8px);\"><\/div>\n<\/div>\n<\/div>\n<div style=\"display: flex; flex-direction: column; flex-grow: 1; justify-content: center; margin-bottom: 24px;\">\n<div style=\"background-color: #f4f4f4; border-radius: 4px; flex-grow: 0; height: 14px; margin-bottom: 6px; width: 224px;\"><\/div>\n<div style=\"background-color: #f4f4f4; border-radius: 4px; flex-grow: 0; height: 14px; width: 144px;\"><\/div>\n<\/div>\n<p>&nbsp;<\/p>\n<p style=\"color: #c9c8cd; font-family: Arial,sans-serif; font-size: 14px; line-height: 17px; margin-bottom: 0; margin-top: 8px; overflow: hidden; padding: 8px 0 7px; text-align: center; text-overflow: ellipsis; white-space: nowrap;\"><a style=\"color: #c9c8cd; font-family: Arial,sans-serif; font-size: 14px; font-style: normal; font-weight: normal; line-height: 17px; text-decoration: none;\" href=\"https:\/\/www.instagram.com\/p\/CwgsC92NAej\/?utm_source=ig_embed&amp;utm_campaign=loading\" rel=\"noopener nofollow\" target=\"_blank\">Uma publica\u00e7\u00e3o compartilhada por Jo\u00e3o Azev\u00eado Lins (@joaoazevedolins)<\/a><\/p>\n<\/div>\n<\/blockquote>\n<p><script async src=\"https:\/\/www.instagram.com\/embed.js\"><\/script><\/p>\n<p>O post <a rel=\"nofollow noopener\" href=\"https:\/\/wscom.com.br\/morre-braulio-lins-irmao-do-governador-joao-azevedo-meu-super-heroi-se-foi\/\" target=\"_blank\">Morre Br\u00e1ulio Lins, irm\u00e3o do governador Jo\u00e3o Azev\u00eado: &#8220;Meu super-her\u00f3i se foi&#8221;<\/a> apareceu primeiro em <a rel=\"nofollow noopener\" href=\"https:\/\/wscom.com.br\/\" target=\"_blank\">WSCOM<\/a>.<\/p>\n","protected":false},"excerpt":{"rendered":"<p>\u00a0 Na noite desta segunda-feira (28), em Bras\u00edlia, faleceu Br\u00e1ulio Pereira Lins, irm\u00e3o do governador Jo\u00e3o Azev\u00eado, ap\u00f3s 18 anos lutando contra o c\u00e2ncer. Br\u00e1ulio era reconhecido por sua trajet\u00f3ria como professor e ex-diretor geral da Escola T\u00e9cnica Federal da Para\u00edba, o atual Instituto Federal da Para\u00edba (IFPB). Em suas redes sociais, o governador publicou [\u2026]<\/p>\n<p>O post <a rel=\"nofollow\" href=\"https:\/\/wscom.com.br\/morre-braulio-lins-irmao-do-governador-joao-azevedo-meu-super-heroi-se-foi\/\">Morre Br\u00e1ulio Lins, irm\u00e3o do governador Jo\u00e3o Azev\u00eado: \u201cMeu super-her\u00f3i se foi\u201d<\/a> apareceu primeiro em <a rel=\"nofollow\" href=\"https:\/\/wscom.com.br\/\">WSCOM<\/a>.<\/p>\n","protected":false},"author":42,"featured_media":0,"comment_status":"closed","ping_status":"closed","sticky":false,"template":"","format":"standard","meta":{"advgb_blocks_editor_width":"","advgb_blocks_columns_visual_guide":"","footnotes":""},"categories":[8339,34,3342,440,930,47],"tags":[35],"class_list":["post-31791","post","type-post","status-publish","format-standard","hentry","category-braulio-pereira-lins","category-g1","category-irmao","category-joao-azevedo","category-morte","category-politica","tag-g1"],"author_meta":{"display_name":"Rafael Andrade","author_link":"https:\/\/sindaopcpb.org.br\/author\/rafael-andrade\/"},"featured_img":null,"coauthors":[],"tax_additional":{"categories":{"linked":["<a href=\"https:\/\/sindaopcpb.org.br\/braulio-pereira-lins\/\" class=\"advgb-post-tax-term\">Br\u00e1ulio Pereira Lins<\/a>","<a href=\"https:\/\/sindaopcpb.org.br\/g1\/\" class=\"advgb-post-tax-term\">G1<\/a>","<a href=\"https:\/\/sindaopcpb.org.br\/irmao\/\" class=\"advgb-post-tax-term\">IRM\u00c3O<\/a>","<a href=\"https:\/\/sindaopcpb.org.br\/joao-azevedo\/\" class=\"advgb-post-tax-term\">jo\u00e3o azevedo<\/a>","<a href=\"https:\/\/sindaopcpb.org.br\/morte\/\" class=\"advgb-post-tax-term\">Morte<\/a>","<a href=\"https:\/\/sindaopcpb.org.br\/politica\/\" class=\"advgb-post-tax-term\">POLITICA<\/a>"],"unlinked":["<span class=\"advgb-post-tax-term\">Br\u00e1ulio Pereira Lins<\/span>","<span class=\"advgb-post-tax-term\">G1<\/span>","<span class=\"advgb-post-tax-term\">IRM\u00c3O<\/span>","<span class=\"advgb-post-tax-term\">jo\u00e3o azevedo<\/span>","<span class=\"advgb-post-tax-term\">Morte<\/span>","<span class=\"advgb-post-tax-term\">POLITICA<\/span>"]},"tags":{"linked":["<a href=\"https:\/\/sindaopcpb.org.br\/politica\/\" class=\"advgb-post-tax-term\">g1<\/a>"],"unlinked":["<span class=\"advgb-post-tax-term\">g1<\/span>"]}},"comment_count":"0","relative_dates":{"created":"Publicado 3 anos atr\u00e1s","modified":"Atualizado 3 anos atr\u00e1s"},"absolute_dates":{"created":"Publicado em 29 de agosto de 2023","modified":"Atualizado em 29 de agosto de 2023"},"absolute_dates_time":{"created":"Publicado em 29 de agosto de 2023 08:06","modified":"Atualizado em 29 de agosto de 2023 08:06"},"featured_img_caption":"","series_order":"","_links":{"self":[{"href":"https:\/\/sindaopcpb.org.br\/index.php\/wp-json\/wp\/v2\/posts\/31791","targetHints":{"allow":["GET"]}}],"collection":[{"href":"https:\/\/sindaopcpb.org.br\/index.php\/wp-json\/wp\/v2\/posts"}],"about":[{"href":"https:\/\/sindaopcpb.org.br\/index.php\/wp-json\/wp\/v2\/types\/post"}],"author":[{"embeddable":true,"href":"https:\/\/sindaopcpb.org.br\/index.php\/wp-json\/wp\/v2\/users\/42"}],"replies":[{"embeddable":true,"href":"https:\/\/sindaopcpb.org.br\/index.php\/wp-json\/wp\/v2\/comments?post=31791"}],"version-history":[{"count":1,"href":"https:\/\/sindaopcpb.org.br\/index.php\/wp-json\/wp\/v2\/posts\/31791\/revisions"}],"predecessor-version":[{"id":31792,"href":"https:\/\/sindaopcpb.org.br\/index.php\/wp-json\/wp\/v2\/posts\/31791\/revisions\/31792"}],"wp:attachment":[{"href":"https:\/\/sindaopcpb.org.br\/index.php\/wp-json\/wp\/v2\/media?parent=31791"}],"wp:term":[{"taxonomy":"category","embeddable":true,"href":"https:\/\/sindaopcpb.org.br\/index.php\/wp-json\/wp\/v2\/categories?post=31791"},{"taxonomy":"post_tag","embeddable":true,"href":"https:\/\/sindaopcpb.org.br\/index.php\/wp-json\/wp\/v2\/tags?post=31791"}],"curies":[{"name":"wp","href":"https:\/\/api.w.org\/{rel}","templated":true}]}}