{"id":31784,"date":"2023-08-29T07:41:24","date_gmt":"2023-08-29T10:41:24","guid":{"rendered":"https:\/\/wpa.wscom.com.br\/?p=920227"},"modified":"2023-08-29T07:41:24","modified_gmt":"2023-08-29T10:41:24","slug":"cicero-lucena-retira-acao-no-stf-referente-a-aposentadoria-vitalicia-de-ex-governador-no-valor-de-r-31-mil","status":"publish","type":"post","link":"https:\/\/sindaopcpb.org.br\/index.php\/2023\/08\/29\/cicero-lucena-retira-acao-no-stf-referente-a-aposentadoria-vitalicia-de-ex-governador-no-valor-de-r-31-mil\/","title":{"rendered":"C\u00edcero Lucena retira a\u00e7\u00e3o no STF referente \u00e0 aposentadoria vital\u00edcia de ex-governador no valor de R$ 31 mil"},"content":{"rendered":"<p>Na noite desta segunda-feira (28), o prefeito de Jo\u00e3o Pessoa, C\u00edcero Lucena (PP), tomou a decis\u00e3o de retirar sua a\u00e7\u00e3o no Supremo Tribunal Federal (STF) relacionada \u00e0 retomada por uma aposentadoria vital\u00edcia ex-governador no valor de R$ 31 mil. O caso ganhou repercuss\u00e3o na semana passada, quando a m\u00eddia nacional divulgou amplamente o pedido dos paraibanos ao STF.<\/p>\n<p>A iniciativa legal foi iniciada por C\u00edcero em conjunto com os ex-governadores Ricardo Coutinho (PT) e Roberto Paulino (MDB), al\u00e9m das vi\u00favas de ex-gestores estaduais, a exemplo de F\u00e1tima Bezerra, Glauce Buriti, Myrian de Melo e Mirtes Bichara.<\/p>\n<p>No documento inicial, o grupo argumentou sobre a \u201cnecessidade financeira\u201d e a \u201cvulnerabilidade social\u201d. Um pedido para retirar a a\u00e7\u00e3o foi instaurada pelo advogado do prefeito da capital, Iarley Maia. Na justificativa, C\u00edcero alegou j\u00e1 receber um sal\u00e1rio na condi\u00e7\u00e3o de prefeito da cidade.<\/p>\n<p>Na semana passada, o <a href=\"https:\/\/wscom.com.br\/cicero-diz-que-se-beneficiado-doara-pensao-vitalicia-ao-hospital-laureano-caso-esta-no-stf\/\" rel=\"nofollow noopener\" target=\"_blank\">gestor municipal havia mencionado sua inten\u00e7\u00e3o de destinar os recursos da aposentadoria, que estava suspensa desde 2020, para o ao Hospital Napole\u00e3o Laureano<\/a>, institui\u00e7\u00e3o filantr\u00f3pica de refer\u00eancia no tratamento do c\u00e2ncer e doen\u00e7as do sangue na capital.<\/p>\n<p>Cabe destacar que C\u00edcero \u00e9 a segunda pessoa a abandonar a a\u00e7\u00e3o. Na semana anterior, ap\u00f3s ampla cobertura midi\u00e1tica do caso a n\u00edvel nacional, a desembargadora F\u00e1tima Bezerra tamb\u00e9m optou por renunciar ao recurso.<\/p>\n<p>O post <a rel=\"nofollow noopener\" href=\"https:\/\/wscom.com.br\/cicero-lucena-retira-acao-no-stf-referente-a-aposentadoria-vitalicia-de-ex-governador-no-valor-de-r-31-mil\/\" target=\"_blank\">C\u00edcero Lucena retira a\u00e7\u00e3o no STF referente \u00e0 aposentadoria vital\u00edcia de ex-governador no valor de R$ 31 mil<\/a> apareceu primeiro em <a rel=\"nofollow noopener\" href=\"https:\/\/wscom.com.br\/\" target=\"_blank\">WSCOM<\/a>.<\/p>\n","protected":false},"excerpt":{"rendered":"<p>Na noite desta segunda-feira (28), o prefeito de Jo\u00e3o Pessoa, C\u00edcero Lucena (PP), tomou a decis\u00e3o de retirar sua a\u00e7\u00e3o no Supremo Tribunal Federal (STF) relacionada \u00e0 retomada por uma aposentadoria vital\u00edcia ex-governador no valor de R$ 31 mil. O caso ganhou repercuss\u00e3o na semana passada, quando a m\u00eddia nacional divulgou amplamente o pedido dos [\u2026]<\/p>\n<p>O post <a rel=\"nofollow\" href=\"https:\/\/wscom.com.br\/cicero-lucena-retira-acao-no-stf-referente-a-aposentadoria-vitalicia-de-ex-governador-no-valor-de-r-31-mil\/\">C\u00edcero Lucena retira a\u00e7\u00e3o no STF referente \u00e0 aposentadoria vital\u00edcia de ex-governador no valor de R$ 31 mil<\/a> apareceu primeiro em <a rel=\"nofollow\" href=\"https:\/\/wscom.com.br\/\">WSCOM<\/a>.<\/p>\n","protected":false},"author":49,"featured_media":0,"comment_status":"closed","ping_status":"closed","sticky":false,"template":"","format":"standard","meta":{"advgb_blocks_editor_width":"","advgb_blocks_columns_visual_guide":"","footnotes":""},"categories":[227,34,47,449],"tags":[35],"class_list":["post-31784","post","type-post","status-publish","format-standard","hentry","category-cicero-lucena","category-g1","category-politica","category-stf","tag-g1"],"author_meta":{"display_name":"Cristiane Cavalcante","author_link":"https:\/\/sindaopcpb.org.br\/author\/cristiane-cavalcante\/"},"featured_img":null,"coauthors":[],"tax_additional":{"categories":{"linked":["<a href=\"https:\/\/sindaopcpb.org.br\/cicero-lucena\/\" class=\"advgb-post-tax-term\">cicero lucena<\/a>","<a href=\"https:\/\/sindaopcpb.org.br\/g1\/\" class=\"advgb-post-tax-term\">G1<\/a>","<a href=\"https:\/\/sindaopcpb.org.br\/politica\/\" class=\"advgb-post-tax-term\">POLITICA<\/a>","<a href=\"https:\/\/sindaopcpb.org.br\/stf\/\" class=\"advgb-post-tax-term\">STF<\/a>"],"unlinked":["<span class=\"advgb-post-tax-term\">cicero lucena<\/span>","<span class=\"advgb-post-tax-term\">G1<\/span>","<span class=\"advgb-post-tax-term\">POLITICA<\/span>","<span class=\"advgb-post-tax-term\">STF<\/span>"]},"tags":{"linked":["<a href=\"https:\/\/sindaopcpb.org.br\/stf\/\" class=\"advgb-post-tax-term\">g1<\/a>"],"unlinked":["<span class=\"advgb-post-tax-term\">g1<\/span>"]}},"comment_count":"0","relative_dates":{"created":"Publicado 3 anos atr\u00e1s","modified":"Atualizado 3 anos atr\u00e1s"},"absolute_dates":{"created":"Publicado em 29 de agosto de 2023","modified":"Atualizado em 29 de agosto de 2023"},"absolute_dates_time":{"created":"Publicado em 29 de agosto de 2023 07:41","modified":"Atualizado em 29 de agosto de 2023 07:41"},"featured_img_caption":"","series_order":"","_links":{"self":[{"href":"https:\/\/sindaopcpb.org.br\/index.php\/wp-json\/wp\/v2\/posts\/31784","targetHints":{"allow":["GET"]}}],"collection":[{"href":"https:\/\/sindaopcpb.org.br\/index.php\/wp-json\/wp\/v2\/posts"}],"about":[{"href":"https:\/\/sindaopcpb.org.br\/index.php\/wp-json\/wp\/v2\/types\/post"}],"author":[{"embeddable":true,"href":"https:\/\/sindaopcpb.org.br\/index.php\/wp-json\/wp\/v2\/users\/49"}],"replies":[{"embeddable":true,"href":"https:\/\/sindaopcpb.org.br\/index.php\/wp-json\/wp\/v2\/comments?post=31784"}],"version-history":[{"count":1,"href":"https:\/\/sindaopcpb.org.br\/index.php\/wp-json\/wp\/v2\/posts\/31784\/revisions"}],"predecessor-version":[{"id":31785,"href":"https:\/\/sindaopcpb.org.br\/index.php\/wp-json\/wp\/v2\/posts\/31784\/revisions\/31785"}],"wp:attachment":[{"href":"https:\/\/sindaopcpb.org.br\/index.php\/wp-json\/wp\/v2\/media?parent=31784"}],"wp:term":[{"taxonomy":"category","embeddable":true,"href":"https:\/\/sindaopcpb.org.br\/index.php\/wp-json\/wp\/v2\/categories?post=31784"},{"taxonomy":"post_tag","embeddable":true,"href":"https:\/\/sindaopcpb.org.br\/index.php\/wp-json\/wp\/v2\/tags?post=31784"}],"curies":[{"name":"wp","href":"https:\/\/api.w.org\/{rel}","templated":true}]}}