{"id":31782,"date":"2023-08-29T07:42:22","date_gmt":"2023-08-29T10:42:22","guid":{"rendered":"https:\/\/wpa.wscom.com.br\/?p=920228"},"modified":"2023-08-29T07:42:22","modified_gmt":"2023-08-29T10:42:22","slug":"delegado-e-exonerado-apos-ser-acusado-de-agredir-adolescente-de-14-anos-em-pianco","status":"publish","type":"post","link":"https:\/\/sindaopcpb.org.br\/index.php\/2023\/08\/29\/delegado-e-exonerado-apos-ser-acusado-de-agredir-adolescente-de-14-anos-em-pianco\/","title":{"rendered":"Delegado \u00e9 exonerado ap\u00f3s ser acusado de agredir adolescente de 14 anos em Pianc\u00f3"},"content":{"rendered":"<p>&nbsp;<\/p>\n<p>&nbsp;<\/p>\n<p>Familiares de um adolescente de 14 anos registraram um boletim de ocorr\u00eancia contra o delegado Rodrigo Pinheiro, da Delegacia de Pol\u00edcia Civil de Pianc\u00f3, acusando-o de agress\u00e3o. O incidente ocorreu na manh\u00e3 de segunda-feira (28) no bairro Campo Novo. Segundo a den\u00fancia, o delegado teria invadido a resid\u00eancia do adolescente e desferido socos ap\u00f3s uma briga escolar envolvendo o jovem e a filha do pr\u00f3prio delegado.<\/p>\n<p>Imagens compartilhadas nas redes sociais mostram o estudante com um corte na gengiva e tr\u00eas dentes quebrados. A Pol\u00edcia Militar conduziu o menor e sua m\u00e3e at\u00e9 Patos, onde foram elaborados o boletim de ocorr\u00eancia e o exame de corpo de delito.<\/p>\n<p>Em resposta, a Delegacia-Geral da Pol\u00edcia Civil anunciou a exonera\u00e7\u00e3o imediata do delegado do cargo. Ma\u00edra Roberta, chefe de Gabinete da Delegacia-Geral, informou que dois delegados foram designados para conduzir as investiga\u00e7\u00f5es. &#8220;A v\u00edtima est\u00e1 sendo ouvida, os depoimentos coletados e a v\u00edtima encaminhada para exames de corpo de delito. As investiga\u00e7\u00f5es est\u00e3o sendo conduzidas em Patos pelos delegados Paulo \u00canio e Cristiano&#8221;, declarou.<\/p>\n<p>O caso gerou duas investiga\u00e7\u00f5es: uma interna, pela corregedoria da Pol\u00edcia Civil, para poss\u00edveis san\u00e7\u00f5es administrativas; e outra na esfera criminal, realizada pela Delegacia Regional de Patos.<\/p>\n<p>Em sua defesa, o delegado Rodrigo Pinheiro alegou que agiu ap\u00f3s sua filha ter sido agredida.<\/p>\n<div style=\"width: 480px;\" class=\"wp-video\"><!--[if lt IE 9]><script>document.createElement('video');<\/script><![endif]--><br \/>\n<video class=\"wp-video-shortcode\" id=\"video-920228-1\" width=\"480\" height=\"848\" preload=\"metadata\" controls=\"controls\"><source type=\"video\/mp4\" src=\"https:\/\/wpa.wscom.com.br\/wp-content\/uploads\/2023\/08\/Video-do-WhatsApp-de-2023-08-28-as-18.25.53.mp4?_=1\" \/><a href=\"https:\/\/wpa.wscom.com.br\/wp-content\/uploads\/2023\/08\/Video-do-WhatsApp-de-2023-08-28-as-18.25.53.mp4\" rel=\"nofollow noopener\" target=\"_blank\">https:\/\/wpa.wscom.com.br\/wp-content\/uploads\/2023\/08\/Video-do-WhatsApp-de-2023-08-28-as-18.25.53.mp4<\/a><\/video><\/div>\n<p>O post <a rel=\"nofollow noopener\" href=\"https:\/\/wscom.com.br\/delegado-e-exonerado-apos-ser-acusado-de-agredir-adolescente-de-14-anos-em-pianco\/\" target=\"_blank\">Delegado \u00e9 exonerado ap\u00f3s ser acusado de agredir adolescente de 14 anos em Pianc\u00f3<\/a> apareceu primeiro em <a rel=\"nofollow noopener\" href=\"https:\/\/wscom.com.br\/\" target=\"_blank\">WSCOM<\/a>.<\/p>\n","protected":false},"excerpt":{"rendered":"<p>\u00a0 \u00a0 Familiares de um adolescente de 14 anos registraram um boletim de ocorr\u00eancia contra o delegado Rodrigo Pinheiro, da Delegacia de Pol\u00edcia Civil de Pianc\u00f3, acusando-o de agress\u00e3o. O incidente ocorreu na manh\u00e3 de segunda-feira (28) no bairro Campo Novo. Segundo a den\u00fancia, o delegado teria invadido a resid\u00eancia do adolescente e desferido socos [\u2026]<\/p>\n<p>O post <a rel=\"nofollow\" href=\"https:\/\/wscom.com.br\/delegado-e-exonerado-apos-ser-acusado-de-agredir-adolescente-de-14-anos-em-pianco\/\">Delegado \u00e9 exonerado ap\u00f3s ser acusado de agredir adolescente de 14 anos em Pianc\u00f3<\/a> apareceu primeiro em <a rel=\"nofollow\" href=\"https:\/\/wscom.com.br\/\">WSCOM<\/a>.<\/p>\n","protected":false},"author":42,"featured_media":0,"comment_status":"closed","ping_status":"closed","sticky":false,"template":"","format":"standard","meta":{"advgb_blocks_editor_width":"","advgb_blocks_columns_visual_guide":"","footnotes":""},"categories":[8335,34,66],"tags":[35],"class_list":["post-31782","post","type-post","status-publish","format-standard","hentry","category-delegado-rodrigo-pinheiro","category-g1","category-policial","tag-g1"],"author_meta":{"display_name":"Rafael Andrade","author_link":"https:\/\/sindaopcpb.org.br\/author\/rafael-andrade\/"},"featured_img":null,"coauthors":[],"tax_additional":{"categories":{"linked":["<a href=\"https:\/\/sindaopcpb.org.br\/delegado-rodrigo-pinheiro\/\" class=\"advgb-post-tax-term\">Delegado Rodrigo Pinheiro<\/a>","<a href=\"https:\/\/sindaopcpb.org.br\/g1\/\" class=\"advgb-post-tax-term\">G1<\/a>","<a href=\"https:\/\/sindaopcpb.org.br\/policial\/\" class=\"advgb-post-tax-term\">Policial<\/a>"],"unlinked":["<span class=\"advgb-post-tax-term\">Delegado Rodrigo Pinheiro<\/span>","<span class=\"advgb-post-tax-term\">G1<\/span>","<span class=\"advgb-post-tax-term\">Policial<\/span>"]},"tags":{"linked":["<a href=\"https:\/\/sindaopcpb.org.br\/policial\/\" class=\"advgb-post-tax-term\">g1<\/a>"],"unlinked":["<span class=\"advgb-post-tax-term\">g1<\/span>"]}},"comment_count":"0","relative_dates":{"created":"Publicado 3 anos atr\u00e1s","modified":"Atualizado 3 anos atr\u00e1s"},"absolute_dates":{"created":"Publicado em 29 de agosto de 2023","modified":"Atualizado em 29 de agosto de 2023"},"absolute_dates_time":{"created":"Publicado em 29 de agosto de 2023 07:42","modified":"Atualizado em 29 de agosto de 2023 07:42"},"featured_img_caption":"","series_order":"","_links":{"self":[{"href":"https:\/\/sindaopcpb.org.br\/index.php\/wp-json\/wp\/v2\/posts\/31782","targetHints":{"allow":["GET"]}}],"collection":[{"href":"https:\/\/sindaopcpb.org.br\/index.php\/wp-json\/wp\/v2\/posts"}],"about":[{"href":"https:\/\/sindaopcpb.org.br\/index.php\/wp-json\/wp\/v2\/types\/post"}],"author":[{"embeddable":true,"href":"https:\/\/sindaopcpb.org.br\/index.php\/wp-json\/wp\/v2\/users\/42"}],"replies":[{"embeddable":true,"href":"https:\/\/sindaopcpb.org.br\/index.php\/wp-json\/wp\/v2\/comments?post=31782"}],"version-history":[{"count":1,"href":"https:\/\/sindaopcpb.org.br\/index.php\/wp-json\/wp\/v2\/posts\/31782\/revisions"}],"predecessor-version":[{"id":31783,"href":"https:\/\/sindaopcpb.org.br\/index.php\/wp-json\/wp\/v2\/posts\/31782\/revisions\/31783"}],"wp:attachment":[{"href":"https:\/\/sindaopcpb.org.br\/index.php\/wp-json\/wp\/v2\/media?parent=31782"}],"wp:term":[{"taxonomy":"category","embeddable":true,"href":"https:\/\/sindaopcpb.org.br\/index.php\/wp-json\/wp\/v2\/categories?post=31782"},{"taxonomy":"post_tag","embeddable":true,"href":"https:\/\/sindaopcpb.org.br\/index.php\/wp-json\/wp\/v2\/tags?post=31782"}],"curies":[{"name":"wp","href":"https:\/\/api.w.org\/{rel}","templated":true}]}}