{"id":31777,"date":"2023-08-29T03:30:30","date_gmt":"2023-08-29T06:30:30","guid":{"rendered":"https:\/\/g1.globo.com\/meio-ambiente\/noticia\/2023\/08\/29\/frio-vai-dar-tregua-proximos-dias-serao-de-mudanca-e-final-de-semana-tera-calor-no-sudeste-e-centro-oeste.ghtml"},"modified":"2023-08-29T03:30:30","modified_gmt":"2023-08-29T06:30:30","slug":"frio-vai-dar-tregua-proximos-dias-serao-de-mudanca-e-final-de-semana-tera-calor-no-sudeste-e-centro-oeste","status":"publish","type":"post","link":"https:\/\/sindaopcpb.org.br\/index.php\/2023\/08\/29\/frio-vai-dar-tregua-proximos-dias-serao-de-mudanca-e-final-de-semana-tera-calor-no-sudeste-e-centro-oeste\/","title":{"rendered":"Frio vai dar tr\u00e9gua: pr\u00f3ximos dias ser\u00e3o de mudan\u00e7a e final de semana ter\u00e1 calor no Sudeste e Centro-Oeste"},"content":{"rendered":"   <img src=\"https:\/\/s2.glbimg.com\/xaeAlogzMjaAYC1N5LkaeRsSdWg=\/i.s3.glbimg.com\/v1\/AUTH_59edd422c0c84a879bd37670ae4f538a\/internal_photos\/bs\/2023\/E\/j\/ITHLstR5ynUOuBm9097A\/temperatura-maxima.png\" \/><br \/>     No Sul, novamente uma frente fria afeta o tempo, derruba temperaturas e traz temporais no final de semana. Em Curitiba, m\u00e1xima n\u00e3o passa de 15\u00b0C nesta ter\u00e7a, mas vai a 25\u00b0C no domingo. A semana ser\u00e1 marcada por varia\u00e7\u00f5es de temperatura em boa parte do Brasil. Na \u00faltima segunda-feira (28), diversas cidades do Rio Grande do Sul registraram m\u00ednimas negativas. J\u00e1 no Sudeste, S\u00e3o Paulo e Rio de Janeiro registram m\u00e1ximas abaixo de 20\u00baC. \nA tend\u00eancia, por\u00e9m, \u00e9 de que esse frio todo que vem atingindo o Centro-Sul v\u00e1 diminuindo ao longo dos pr\u00f3ximos dias, especialmente no Sudeste e Centro-Oeste.\nNo final de semana, \u00e0 medida que essa frente fria perde for\u00e7a, os term\u00f4metros devem voltar a registrar m\u00e1ximas perto dos 30\u00b0C ou at\u00e9 mesmo ultrapassar essa marca no Sudeste. J\u00e1 nas regi\u00f5es Centro-Oeste, Norte e Nordeste esses valores podem alcan\u00e7ar at\u00e9 38\u00b0C.\nNo Sul, nas \u00e1reas mais altas do Rio Grande do Sul, o frio permanecer\u00e1 e pode ocorrer novamente geada em regi\u00f5es mais baixas at\u00e9 pelo menos a pr\u00f3xima quarta-feira (30). Na quinta (31), as temperaturas m\u00ednimas come\u00e7am a subir levemente. Em Porto Alegre, as m\u00e1ximas, por\u00e9m, n\u00e3o ultrapassar\u00e3o os 26\u00baC ou 27\u00baC ao longo desta semana.\nApesar disso, no s\u00e1bado (02), uma nova frente fria chegar\u00e1 \u00e0 regi\u00e3o, intensificando \u00e1reas de instabilidade e fazendo os term\u00f4metros cair. \n\"Al\u00e9m de queda de temperatura, essa frente fria pode trazer temporais para a regi\u00e3o\", alerta Giovani Dolif, meteorologista do Cemaden.\nVeja abaixo os destaques de cada regi\u00e3o at\u00e9 a pr\u00f3xima semana segundo o Instituto Nacional de Meteorologia (Inmet)\nMudan\u00e7a brusca de temperatura traz risco de choque t\u00e9rmico; saiba quais s\u00e3o os sintomas e cuidados necess\u00e1rios\nPrevis\u00f5es por regi\u00e3o\nSul\nNo Sul, a previs\u00e3o \u00e9 de tempo seco e sem chuvas no in\u00edcio desta semana. No entanto, a partir do s\u00e1bado (02\/09), uma nova frente fria chegar\u00e1 \u00e0 regi\u00e3o, intensificando \u00e1reas de instabilidade. H\u00e1 risco de temporais.\nNo noroeste do Rio Grande do Sul e no oeste e sul de Santa Catarina, a chuva pode ser forte, com acumulados que podem ultrapassar 50 mm. J\u00e1 no norte do Paran\u00e1, o tempo continuar\u00e1 seco e sem chuvas em grande parte da semana.\nPrevis\u00e3o de temperatura m\u00e1xima para o dia 3 de setembro de 2023, \u00e0s 15h (hor\u00e1rio de Bras\u00edlia).\nINMET\/Divulga\u00e7\u00e3o\nVeja as temperaturas previstas nas capitais para os pr\u00f3ximos dias, segundo o Inmet:\nPorto Alegre: m\u00edn. 7\u00b0C\/m\u00e1x. 22\u00b0C nesta ter\u00e7a (29); m\u00edn. 12\u00baC\/m\u00e1x. 24\u00b0C na quarta (30).\nFlorian\u00f3polis: m\u00edn. 12\u00b0C\/m\u00e1x. 18\u00b0C nesta ter\u00e7a (29); m\u00edn. 16\u00b0C\/m\u00e1x. 20\u00baC na quarta (30).\nCuritiba: m\u00edn. 8\u00b0C\/m\u00e1x. 15\u00b0C nesta ter\u00e7a (29); m\u00edn. 11\u00b0C\/m\u00e1x. 20\u00b0C na quarta (30).\nSudeste\nDe acordo com o Inmet, o tempo tamb\u00e9m ficar\u00e1 seco e sem chuvas em S\u00e3o Paulo e no sul de Minas Gerais, com a umidade relativa do ar abaixo de 30%. No Rio de Janeiro, Esp\u00edrito Santo e nordeste de Minas Gerais, h\u00e1 previs\u00e3o de chuvas com acumulados de at\u00e9 30 mm.\nVeja as temperaturas previstas nas capitais para os pr\u00f3ximos dias, segundo o Inmet:\nBelo Horizonte: m\u00edn. 13\u00b0C\/m\u00e1x. 24\u00b0C nesta ter\u00e7a (29); m\u00edn. 14\u00b0C\/m\u00e1x. 25\u00b0C na quarta (30); \nRio de Janeiro: m\u00edn. 16\u00b0C\/m\u00e1x. 22\u00b0C nesta ter\u00e7a (29); m\u00edn. 17\u00b0C\/m\u00e1x. 23\u00b0C na quarta (30).\nS\u00e3o Paulo: m\u00edn. 11\u00b0C\/m\u00e1x. 20\u00b0C nesta ter\u00e7a (29); m\u00edn. 14\u00b0C\/m\u00e1x. 22\u00b0C na quarta (30).\nVit\u00f3ria: m\u00edn. 19\u00b0C\/m\u00e1x. 23\u00b0C nesta ter\u00e7a (29); m\u00edn. 20\u00b0C\/m\u00e1x. 25\u00b0C na quarta (30).\nCentro-Oeste\nNa regi\u00e3o, a persist\u00eancia de uma massa de ar seco deixar\u00e1 o tempo est\u00e1vel, quente e sem chuva em praticamente toda a regi\u00e3o.\nPor outro lado, nas \u00e1reas de divisa entre Goi\u00e1s e o Distrito Federal, h\u00e1 previs\u00e3o de chuvas pontuais e maiores que 30 mm.\nAl\u00e9m disso, poder\u00e3o ser registrados baixos valores de umidade relativa do ar entre os estados de Mato Grosso e Mato Grosso do Sul, ainda segundo o Inmet.\nPrevis\u00e3o de chuvas entre 28 de agosto e 04 de setembro em todo o Brasil.\nINMET\/Divulga\u00e7\u00e3o\nVeja as temperaturas previstas nas capitais para os pr\u00f3ximos dias:\nBras\u00edlia: m\u00edn. 17\u00b0C\/m\u00e1x. 26\u00b0C nesta ter\u00e7a (29); m\u00edn. 17\u00b0C\/m\u00e1x. 28\u00b0C na quarta (30).\nCampo Grande: m\u00edn. 18\u00b0C\/m\u00e1x. 29\u00b0C nesta ter\u00e7a (29); m\u00edn. 20\u00b0C\/m\u00e1x. 30\u00b0C na quarta (30).\nCuiab\u00e1: m\u00edn. 23\u00b0C\/m\u00e1x. 37\u00b0C nesta ter\u00e7a (29); m\u00edn. 25\u00b0C\/m\u00e1x. 38\u00b0C na quarta (30).\nGoi\u00e2nia: m\u00edn. 19\u00b0C\/m\u00e1x. 32\u00b0C nesta ter\u00e7a (29); m\u00edn. 19\u00b0C\/m\u00e1x. 33\u00b0C na quarta (30).\nNordeste\nA previs\u00e3o do Inmet indica tempo seco especialmente no Maranh\u00e3o, Tocantins, Piau\u00ed e Bahia e no interior da regi\u00e3o. Aliado a isso, a umidade do ar deve cair nesses locais.\nApesar disso, devido \u00e0 umidade vinda do oceano, h\u00e1 possibilidade de chuva na costa leste da regi\u00e3o, especialmente, no litoral baiano.\nVeja as temperaturas previstas nas capitais para os pr\u00f3ximos dias:\nAracaju: m\u00edn. 24\u00b0C\/m\u00e1x. 30\u00b0C nesta ter\u00e7a (29); m\u00edn. 24\u00b0C\/m\u00e1x. 30\u00b0C na quarta (30).\nFortaleza: m\u00edn. 24\u00b0C\/m\u00e1x. 32\u00b0C nesta ter\u00e7a (29); m\u00edn. 23\u00b0C\/m\u00e1x. 33\u00b0C na quarta (30).\nJo\u00e3o Pessoa: m\u00edn. 24\u00b0C\/m\u00e1x. 30\u00b0C nesta ter\u00e7a (29); m\u00edn. 24\u00b0C\/m\u00e1x. 30\u00b0C na quarta (30).\nMacei\u00f3: m\u00edn. 23\u00b0C\/m\u00e1x. 30\u00b0C nesta ter\u00e7a (29); m\u00edn. 22\u00b0C\/m\u00e1x. 30\u00b0C na quarta (30).\nNatal: m\u00edn. 24\u00b0C\/m\u00e1x. 30\u00b0C nesta ter\u00e7a (29); m\u00edn. 24\u00b0C\/m\u00e1x. 31\u00b0C na quarta (30).\nRecife: m\u00edn. 25\u00b0C\/m\u00e1x. 30\u00b0C nesta ter\u00e7a (29); m\u00edn. 25\u00b0C\/m\u00e1x. 30\u00b0C na quarta (30).\nSalvador: m\u00edn. 24\u00b0C\/m\u00e1x. 30\u00b0C nesta ter\u00e7a (29); m\u00edn. 24\u00b0C\/m\u00e1x. 30\u00b0C na quarta (30).\nS\u00e3o Lu\u00eds: m\u00edn. 25\u00b0C\/m\u00e1x. 32\u00b0C nesta ter\u00e7a (29); m\u00edn. 25\u00b0C\/m\u00e1x. 31\u00b0C na quarta (30).\nTeresina: m\u00edn. 24\u00b0C\/m\u00e1x. 37\u00b0C nesta ter\u00e7a (29); m\u00edn. 23\u00b0C\/m\u00e1x. 37\u00b0C na quarta (30).\nNorte\nA previs\u00e3o \u00e9 de volumes maiores que 50 mil\u00edmetros (mm) no noroeste do Amazonas, ainda segundo o Inmet, isso devido ao calor e alta umidade. \nJ\u00e1 nas demais \u00e1reas da regi\u00e3o, o tempo ficar\u00e1 seco e sem chuva.\nVeja as temperaturas previstas nas capitais para os pr\u00f3ximos dias:\nBel\u00e9m: m\u00edn. 24\u00b0C\/m\u00e1x. 35\u00b0C nesta ter\u00e7a (29); m\u00edn. 24\u00b0C\/m\u00e1x. 35\u00b0C na quarta (30).\nBoa Vista: m\u00edn. 25\u00b0C\/m\u00e1x. 37\u00b0C nesta ter\u00e7a (29); m\u00edn. 25\u00b0C\/m\u00e1x. 36\u00b0C na quarta (30).\nMacap\u00e1: m\u00edn. 24\u00b0C\/m\u00e1x. 24\u00b0C nesta ter\u00e7a (29); m\u00edn. 25\u00b0C\/m\u00e1x. 34\u00b0C na quarta (30).\nManaus: m\u00edn. 26\u00b0C\/m\u00e1x. 37\u00b0C nesta ter\u00e7a (29); m\u00edn. 26\u00b0C\/m\u00e1x. 33\u00b0C na quarta (30).\nPalmas: m\u00edn. 22\u00b0C\/m\u00e1x. 35\u00b0C nesta ter\u00e7a (29); m\u00edn. 23\u00b0C\/m\u00e1x. 36\u00b0C na quarta (30).\nPorto Velho: m\u00edn. 23\u00b0C\/m\u00e1x. 36\u00b0C nesta ter\u00e7a (29); m\u00edn. 23\u00b0C\/m\u00e1x. 36\u00b0C na quarta (30).\nRio Branco: m\u00edn. 23\u00b0C\/m\u00e1x. 36\u00b0C nesta ter\u00e7a (29); m\u00edn. 23\u00b0C\/m\u00e1x. 36\u00b0C na quarta (30).  ","protected":false},"excerpt":{"rendered":"<p>        No Sul, novamente uma frente fria afeta o tempo, derruba temperaturas e traz temporais no final de semana. Em Curitiba, m\u00e1xima n\u00e3o passa de 15\u00b0C nesta ter\u00e7a, mas vai a 25\u00b0C no domingo. A semana ser\u00e1 marcada por varia\u00e7\u00f5es de temperatura em boa p&#8230;<\/p>\n","protected":false},"author":2,"featured_media":0,"comment_status":"closed","ping_status":"closed","sticky":false,"template":"","format":"standard","meta":{"advgb_blocks_editor_width":"","advgb_blocks_columns_visual_guide":"","footnotes":""},"categories":[34],"tags":[35],"class_list":["post-31777","post","type-post","status-publish","format-standard","hentry","category-g1","tag-g1"],"author_meta":{"display_name":"g1 &gt; Para\u00edba","author_link":"https:\/\/sindaopcpb.org.br\/author\/g1-paraiba\/"},"featured_img":null,"coauthors":[],"tax_additional":{"categories":{"linked":["<a href=\"https:\/\/sindaopcpb.org.br\/g1\/\" class=\"advgb-post-tax-term\">G1<\/a>"],"unlinked":["<span class=\"advgb-post-tax-term\">G1<\/span>"]},"tags":{"linked":["<a href=\"https:\/\/sindaopcpb.org.br\/g1\/\" class=\"advgb-post-tax-term\">g1<\/a>"],"unlinked":["<span class=\"advgb-post-tax-term\">g1<\/span>"]}},"comment_count":"0","relative_dates":{"created":"Publicado 3 anos atr\u00e1s","modified":"Atualizado 3 anos atr\u00e1s"},"absolute_dates":{"created":"Publicado em 29 de agosto de 2023","modified":"Atualizado em 29 de agosto de 2023"},"absolute_dates_time":{"created":"Publicado em 29 de agosto de 2023 03:30","modified":"Atualizado em 29 de agosto de 2023 03:30"},"featured_img_caption":"","series_order":"","_links":{"self":[{"href":"https:\/\/sindaopcpb.org.br\/index.php\/wp-json\/wp\/v2\/posts\/31777","targetHints":{"allow":["GET"]}}],"collection":[{"href":"https:\/\/sindaopcpb.org.br\/index.php\/wp-json\/wp\/v2\/posts"}],"about":[{"href":"https:\/\/sindaopcpb.org.br\/index.php\/wp-json\/wp\/v2\/types\/post"}],"author":[{"embeddable":true,"href":"https:\/\/sindaopcpb.org.br\/index.php\/wp-json\/wp\/v2\/users\/2"}],"replies":[{"embeddable":true,"href":"https:\/\/sindaopcpb.org.br\/index.php\/wp-json\/wp\/v2\/comments?post=31777"}],"version-history":[{"count":3,"href":"https:\/\/sindaopcpb.org.br\/index.php\/wp-json\/wp\/v2\/posts\/31777\/revisions"}],"predecessor-version":[{"id":31836,"href":"https:\/\/sindaopcpb.org.br\/index.php\/wp-json\/wp\/v2\/posts\/31777\/revisions\/31836"}],"wp:attachment":[{"href":"https:\/\/sindaopcpb.org.br\/index.php\/wp-json\/wp\/v2\/media?parent=31777"}],"wp:term":[{"taxonomy":"category","embeddable":true,"href":"https:\/\/sindaopcpb.org.br\/index.php\/wp-json\/wp\/v2\/categories?post=31777"},{"taxonomy":"post_tag","embeddable":true,"href":"https:\/\/sindaopcpb.org.br\/index.php\/wp-json\/wp\/v2\/tags?post=31777"}],"curies":[{"name":"wp","href":"https:\/\/api.w.org\/{rel}","templated":true}]}}