{"id":31775,"date":"2023-08-29T04:01:20","date_gmt":"2023-08-29T07:01:20","guid":{"rendered":"https:\/\/g1.globo.com\/pb\/paraiba\/noticia\/2023\/08\/29\/mulher-de-29-anos-faz-transplante-de-coracao-e-sonha-em-voltar-a-andar-de-bicicleta-agora-eu-me-sinto-uma-pessoa-muito-feliz-diz.ghtml"},"modified":"2023-08-29T04:01:20","modified_gmt":"2023-08-29T07:01:20","slug":"mulher-de-29-anos-faz-transplante-de-coracao-e-sonha-em-voltar-a-andar-de-bicicleta-agora-eu-me-sinto-uma-pessoa-muito-feliz-diz","status":"publish","type":"post","link":"https:\/\/sindaopcpb.org.br\/index.php\/2023\/08\/29\/mulher-de-29-anos-faz-transplante-de-coracao-e-sonha-em-voltar-a-andar-de-bicicleta-agora-eu-me-sinto-uma-pessoa-muito-feliz-diz\/","title":{"rendered":"Mulher de 29 anos faz transplante de cora\u00e7\u00e3o e sonha em voltar a andar de bicicleta: &#8216;Agora eu me sinto uma pessoa muito feliz&#8217;, diz"},"content":{"rendered":"   <img src=\"https:\/\/s2.glbimg.com\/BLnxySbKyPiiyS7XC3SG383117Y=\/i.s3.glbimg.com\/v1\/AUTH_59edd422c0c84a879bd37670ae4f538a\/internal_photos\/bs\/2023\/O\/v\/7tirQPQHCsZkDnC81pJQ\/andrezza-foto-metropolitano.jpg\" \/><br \/>     Transplante de cora\u00e7\u00e3o permite que pessoas com insufici\u00eancia card\u00edaca grave possam voltar a ter qualidade de vida. Andrezza, por exemplo, tem desejos simples: quer voltar a andar de bicicleta. Andrezza recebeu alta da cirurgia de transplante de cora\u00e7\u00e3o nesta sexta-feira (25)\nReprodu\u00e7\u00e3o: Hospital Metropolitano\nAndrezza Soares Silva, de 29 anos, aguardou na fila por seis meses at\u00e9 receber uma liga\u00e7\u00e3o que confirmou a doa\u00e7\u00e3o de um \u00f3rg\u00e3o compat\u00edvel com seu corpo. Ela sofria de insufici\u00eancia card\u00edaca grave e cansava apenas falando. Um m\u00eas ap\u00f3s a cirurgia de transplante card\u00edaco, ela j\u00e1 voltou a fazer atividades cotidianas, mas ainda aguarda libera\u00e7\u00e3o m\u00e9dica para desejos simples: andar de bicicleta e segurar a filha no colo. \nAndrezza entrou na fila de transplante devido a um problema nas v\u00e1lvulas do cora\u00e7\u00e3o, que deveria ter sido resolvido com uma cirurgia de troca das v\u00e1lvulas. Por\u00e9m, o \u00f3rg\u00e3o estava muito grande e mesmo com o procedimento ela continuou com sintomas de cansa\u00e7o grave. Segundo ela, tinha dificuldade para falar,  tomar banho, segurar a filha no colo e at\u00e9 dormir. \nAndrezza Soares Silva entrou na fila de transplante de cora\u00e7\u00e3o devido a um problema nas v\u00e1lvulas do \u00f3rg\u00e3o\nReprodu\u00e7\u00e3o: Arquivo pessoal\nEla entrou na fila do transplante h\u00e1 dois anos, mas engravidou da terceira filha e precisou deixar a lista porque n\u00e3o poderia realizar o procedimento gr\u00e1vida. Segundo a m\u00e9dica Tauanny Fraz\u00e3o, que a atendeu durante o processo, a paciente s\u00f3 voltou para a lista ap\u00f3s o nascimento da crian\u00e7a e a realiza\u00e7\u00e3o de novos exames, o que aconteceu em fevereiro de 2023. \nForam seis meses at\u00e9 o dia em que a equipe do hospital ligou para sua cunhada, por volta das 4h da manh\u00e3 deste m\u00eas de julho, e disse que havia um cora\u00e7\u00e3o dispon\u00edvel e compat\u00edvel com Andrezza. A cunhada avisou logo: \u201cfica calma, chegou um cora\u00e7\u00e3o pra voc\u00ea!\u201d. A paciente conta que ficou sem rea\u00e7\u00e3o, foi se arrumar e agradeceu muito a Deus.\nAndrezza fez o transplante card\u00edaco em julho de 2023, no Hospital Metropolitano de Santa Rita, ap\u00f3s seis meses na fila\nDiogo Almeida\/PBSa\u00fade\nUma opera\u00e7\u00e3o foi montada para o transporte do cora\u00e7\u00e3o, que foi captado em Campina Grande, localizada a 126,5 km de Jo\u00e3o Pessoa. Uma aeronave do Corpo de Bombeiros Militar, com uma equipe de bombeiros e do hospital, fez o transporte do \u00f3rg\u00e3o at\u00e9 o Hospital Metropolitano. A cirurgia foi realizada no dia 14 de julho.\nAndrezza recebeu alta na sexta-feira (25), mas permanece com algumas limita\u00e7\u00f5es por causa da cirurgia recente, por exemplo, n\u00e3o pode realizar viagens, andar de bicicleta ou segurar a pr\u00f3pria filha no colo. Mas ela j\u00e1 n\u00e3o sente mais o cansa\u00e7o, voltou a dormir bem e a falar sem maiores dificuldades. \u201cAgora eu me sinto uma pessoa muito feliz\u201d, diz ela. \nAndrezza \u00e9 m\u00e3e de tr\u00eas filhos\nReprodu\u00e7\u00e3o: Arquivo pessoal\nA doa\u00e7\u00e3o do cora\u00e7\u00e3o\nO cora\u00e7\u00e3o de Andrezza foi doado por Itallo Nicolas Cassiano da Silva, um jovem de apenas 16 anos, que morreu em um grave acidente de moto, no munic\u00edpio de Patos, no Sert\u00e3o paraibano. Agora, a fam\u00edlia do jovem quer conhecer Andrezza porque querem saber \u201cem quem Itallo vai continuar vivendo\u201d. O sentimento \u00e9 m\u00fatuo: da enfermaria do Hospital Metropolitano, Andrezza afirmou ao g1 que uma das coisas que mais quer fazer \u00e9 dar um abra\u00e7o na fam\u00edlia de Itallo.\nNa noite do dia 9 de julho, Itallo se envolveu em uma colis\u00e3o entre duas motos. O adolescente teve v\u00e1rias fraturas no cr\u00e2nio e na face e precisava passar por uma cirurgia, mas o c\u00e9rebro estava muito inchado e os m\u00e9dicos n\u00e3o conseguiam operar. No dia 12 de julho, ele teve morte cranioencef\u00e1lica. \nO cora\u00e7\u00e3o de Andrezza foi doado por Itallo Nicolas Cassiano da Silva, um jovem de apenas 16 anos\nReprodu\u00e7\u00e3o: Arquivo pessoal\nDurante a noite, uma tia que acompanhava o jovem no hospital ligou para a irm\u00e3 do adolescente, Rayany Silva, perguntando se a fam\u00edlia concordava com a doa\u00e7\u00e3o de \u00f3rg\u00e3os. Ela conversou com seus outros quatro irm\u00e3os e a av\u00f3 paterna que criou o jovem, que concordaram com a doa\u00e7\u00e3o de todos os \u00f3rg\u00e3os. De acordo com ela, ser doador era um desejo do adolescente. \n\u201c\u00cdtallo era um menino que n\u00e3o sabia negar nada pra ningu\u00e9m e mesmo perdendo a vida pode proporcionar uma nova vida pra algu\u00e9m. De onde ele estiver tenho certeza de que est\u00e1 feliz sabendo que salvou vidas. Andrezza \u00e9 uma mulher jovem, m\u00e3e, esposa e sonhadora e eu sei que o cora\u00e7\u00e3o dele est\u00e1 com uma pessoa boa. Traz conforto saber que ele continua vivo em algu\u00e9m, e Andrezza se tornou especial pra todos n\u00f3s\u201d, afirma Rayane. \nApesar de receber alta m\u00e9dica,  Andrezza ainda n\u00e3o pode ir at\u00e9 o encontro da fam\u00edlia de Itallo porque a equipe m\u00e9dica n\u00e3o liberou a realiza\u00e7\u00e3o de viagens. \nA fila por um cora\u00e7\u00e3o\nSegundo a cardiologista cl\u00ednica do Hospital Metropolitano, Tauanny Fraz\u00e3o, os pacientes que entram na lista por um transplante card\u00edaco s\u00e3o diagnosticados com insufici\u00eancia card\u00edaca avan\u00e7ada. A condi\u00e7\u00e3o causa um cansa\u00e7o excessivo, que pode dificultar a realiza\u00e7\u00e3o de atividades comuns, como trabalhar e at\u00e9 dormir. \nTauanny Fraz\u00e3o explica que a Central de Transplantes da Para\u00edba notifica a equipe do hospital quando h\u00e1 um cora\u00e7\u00e3o dispon\u00edvel. Alguns detalhes tamb\u00e9m determinam a realiza\u00e7\u00e3o do procedimento: o \u00f3rg\u00e3o precisa ser vi\u00e1vel para ocupar um novo corpo e ter compatibilidade sangu\u00ednea, de anticorpos, peso e altura. \nA Central de Transplantes afirma que em 2023 foram realizados 169 transplantes de \u00f3rg\u00e3os e tecidos na Para\u00edba, sendo 6 deles de cora\u00e7\u00e3o. O tempo de espera pelo \u00f3rg\u00e3o pode chegar at\u00e9 6 meses, como o caso de Andrezza, mas quatro dos procedimentos realizados neste ano foram feitos em menos de 30 dias. Em agosto de 2023, cinco pessoas aguardam na fila por um cora\u00e7\u00e3o. \nO Hospital Metropolitano e o SUS\nEquipe m\u00e9dica durante transplante de cora\u00e7\u00e3o no Hospital Metropolitano Dom Jos\u00e9 Maria Pires, na Para\u00edba\nGoverno da Para\u00edba\/Divulga\u00e7\u00e3o\nO Hospital Metropolitano, em Santa Rita, \u00e9 refer\u00eancia na Para\u00edba quando o assunto \u00e9 cardiologia e transplante de cora\u00e7\u00e3o pelo Sistema \u00danico de Sa\u00fade (SUS). Andrezza foi a quinta paciente a receber um transplante de cora\u00e7\u00e3o no local.\nA diretora-geral do hospital, Louise Nathalie, afirma que a unidade possui uma estrutura de ponta, que permite a capta\u00e7\u00e3o de \u00f3rg\u00e3os e a pr\u00f3pria cirurgia de transplante. De mar\u00e7o de 2022 at\u00e9 agosto de 2023, foram realizados cinco procedimentos de transplante do \u00f3rg\u00e3o, mas quatro deles foram apenas neste ano. \nA unidade hospitalar foi credenciada para realiza\u00e7\u00e3o do transplante card\u00edaco em 2020. Desde ent\u00e3o, a equipe implantou o Ambulat\u00f3rio de Transplante para o atendimento de pacientes que est\u00e3o na fila para o procedimento cir\u00fargico. O Metropolitano tamb\u00e9m \u00e9 o 5\u00ba hospital p\u00fablico do pa\u00eds qualificado para fazer transplante de cora\u00e7\u00e3o pedi\u00e1trico.\nDuas aeronaves do Corpo de Bombeiros Militar da Para\u00edba e uma equipe do hospital ficam dispon\u00edveis para viajar at\u00e9 o local onde est\u00e1 o \u00f3rg\u00e3o e traz\u00ea-lo para a unidade hospitalar. Os profissionais entram em contato com o paciente e, dentro de at\u00e9 quatro horas, o procedimento cir\u00fargico \u00e9 iniciado. \nCora\u00e7\u00e3o doado para Andrezza foi transportado de Campina Grande at\u00e9 Santa Rita em uma aeronave do Corpo de Bombeiros.\nReprodu\u00e7\u00e3o: Hospital Metropolitano\nLouise destaca que todos os procedimentos s\u00e3o gratuitos, realizados atrav\u00e9s do SUS, o que demonstra sua import\u00e2ncia, principalmente para aqueles pacientes que n\u00e3o teriam condi\u00e7\u00f5es financeiras de realizar a cirurgia ou at\u00e9 a consulta cl\u00ednica com especialista. \n\u201cAqui eles conseguem fazer tudo de forma 100% gratuita, incluindo o pr\u00e9-cir\u00fargico, a pr\u00f3pria cirurgia e o p\u00f3s-cir\u00fargico. Assim o paciente nunca vai se perder na rede, porque fazemos um acompanhamento para o resto da vida\u201d, afirma a diretora-geral do Hospital Metropolitano.\nAp\u00f3s a cirurgia, o paciente fica uma semana na Unidade de Terapia Intensiva (UTI) e \u00e9 acompanhado pela equipe de transplante card\u00edaco. Passa por um p\u00f3s-operat\u00f3rio semelhante ao de qualquer cirurgia card\u00edaca e segue para a enfermaria, onde realiza o ecocardiograma e a bi\u00f3psia do cora\u00e7\u00e3o. Se tudo estiver correto, o paciente recebe alta. \nO transplante de cora\u00e7\u00e3o s\u00f3 pode ser realizado a partir de uma doa\u00e7\u00e3o de \u00f3rg\u00e3os. Um n\u00e3o existe sem o outro. O que determina a cirurgia \u00e9 o \u201csim\u201d da fam\u00edlia de um doador, que, enlutados pela morte do ente querido, decidem fazer um gesto de generosidade para permitir que uma outra pessoa, que eles nem mesmo conhecem, continue sua vida com qualidade. \n\u201cSem esse grande gesto de amor e generosidade onde a fam\u00edlia decide pela continua\u00e7\u00e3o da vida, batendo em outro peito, n\u00e3o conseguir\u00edamos salvar tantos doentes que est\u00e3o sofrendo e batalhando por uma vida melhor. Por isso que nossa equipe, a cada transplante realizado tem muita gratid\u00e3o por cada fam\u00edlia que em meio a tanta dor e tristeza, tem a nobreza de ajudar o pr\u00f3ximo, a quem eles nem conhecem!\u201d, afirma a cardiologista cl\u00ednica do Hospital Metropolitano, Tauanny Fraz\u00e3o.\n*Sob supervis\u00e3o de Krys Carneiro\nV\u00eddeos mais assistidos do g1 Para\u00edba  ","protected":false},"excerpt":{"rendered":"<p>        Transplante de cora\u00e7\u00e3o permite que pessoas com insufici\u00eancia card\u00edaca grave possam voltar a ter qualidade de vida. Andrezza, por exemplo, tem desejos simples: quer voltar a andar de bicicleta. Andrezza recebeu alta da cirurgia de transplante de&#8230;<\/p>\n","protected":false},"author":2,"featured_media":0,"comment_status":"closed","ping_status":"closed","sticky":false,"template":"","format":"standard","meta":{"advgb_blocks_editor_width":"","advgb_blocks_columns_visual_guide":"","footnotes":""},"categories":[34],"tags":[35],"class_list":["post-31775","post","type-post","status-publish","format-standard","hentry","category-g1","tag-g1"],"author_meta":{"display_name":"g1 &gt; Para\u00edba","author_link":"https:\/\/sindaopcpb.org.br\/author\/g1-paraiba\/"},"featured_img":null,"coauthors":[],"tax_additional":{"categories":{"linked":["<a href=\"https:\/\/sindaopcpb.org.br\/g1\/\" class=\"advgb-post-tax-term\">G1<\/a>"],"unlinked":["<span class=\"advgb-post-tax-term\">G1<\/span>"]},"tags":{"linked":["<a href=\"https:\/\/sindaopcpb.org.br\/g1\/\" class=\"advgb-post-tax-term\">g1<\/a>"],"unlinked":["<span class=\"advgb-post-tax-term\">g1<\/span>"]}},"comment_count":"0","relative_dates":{"created":"Publicado 3 anos atr\u00e1s","modified":"Atualizado 3 anos atr\u00e1s"},"absolute_dates":{"created":"Publicado em 29 de agosto de 2023","modified":"Atualizado em 29 de agosto de 2023"},"absolute_dates_time":{"created":"Publicado em 29 de agosto de 2023 04:01","modified":"Atualizado em 29 de agosto de 2023 04:01"},"featured_img_caption":"","series_order":"","_links":{"self":[{"href":"https:\/\/sindaopcpb.org.br\/index.php\/wp-json\/wp\/v2\/posts\/31775","targetHints":{"allow":["GET"]}}],"collection":[{"href":"https:\/\/sindaopcpb.org.br\/index.php\/wp-json\/wp\/v2\/posts"}],"about":[{"href":"https:\/\/sindaopcpb.org.br\/index.php\/wp-json\/wp\/v2\/types\/post"}],"author":[{"embeddable":true,"href":"https:\/\/sindaopcpb.org.br\/index.php\/wp-json\/wp\/v2\/users\/2"}],"replies":[{"embeddable":true,"href":"https:\/\/sindaopcpb.org.br\/index.php\/wp-json\/wp\/v2\/comments?post=31775"}],"version-history":[{"count":2,"href":"https:\/\/sindaopcpb.org.br\/index.php\/wp-json\/wp\/v2\/posts\/31775\/revisions"}],"predecessor-version":[{"id":31781,"href":"https:\/\/sindaopcpb.org.br\/index.php\/wp-json\/wp\/v2\/posts\/31775\/revisions\/31781"}],"wp:attachment":[{"href":"https:\/\/sindaopcpb.org.br\/index.php\/wp-json\/wp\/v2\/media?parent=31775"}],"wp:term":[{"taxonomy":"category","embeddable":true,"href":"https:\/\/sindaopcpb.org.br\/index.php\/wp-json\/wp\/v2\/categories?post=31775"},{"taxonomy":"post_tag","embeddable":true,"href":"https:\/\/sindaopcpb.org.br\/index.php\/wp-json\/wp\/v2\/tags?post=31775"}],"curies":[{"name":"wp","href":"https:\/\/api.w.org\/{rel}","templated":true}]}}