{"id":31772,"date":"2023-08-28T22:25:39","date_gmt":"2023-08-29T01:25:39","guid":{"rendered":"https:\/\/www.infomoney.com.br\/?p=2227868"},"modified":"2023-08-28T22:25:39","modified_gmt":"2023-08-29T01:25:39","slug":"kassab-ve-tarcisio-como-cabo-eleitoral-forte-em-eleicoes-municipais-mas-fora-de-corrida-presidencial-em-2026","status":"publish","type":"post","link":"https:\/\/sindaopcpb.org.br\/index.php\/2023\/08\/28\/kassab-ve-tarcisio-como-cabo-eleitoral-forte-em-eleicoes-municipais-mas-fora-de-corrida-presidencial-em-2026\/","title":{"rendered":"Kassab v\u00ea Tarc\u00edsio como cabo eleitoral forte em elei\u00e7\u00f5es municipais, mas fora de corrida presidencial em 2026"},"content":{"rendered":"<p><img loading=\"lazy\" width=\"300\" height=\"200\" src=\"https:\/\/www.infomoney.com.br\/wp-content\/uploads\/2019\/06\/kassab-no-itaquerao-120912.jpg?fit=300%2C200&amp;quality=70&amp;strip=all\" class=\"attachment-medium size-medium wp-post-image\" alt=\"\" decoding=\"async\" style=\"float:right; margin:0 0 10px 10px;\" srcset=\"https:\/\/www.infomoney.com.br\/wp-content\/uploads\/2019\/06\/kassab-no-itaquerao-120912.jpg?w=900&amp;quality=70&amp;strip=all 900w, https:\/\/www.infomoney.com.br\/wp-content\/uploads\/2019\/06\/kassab-no-itaquerao-120912.jpg?w=300&amp;quality=70&amp;strip=all 300w, https:\/\/www.infomoney.com.br\/wp-content\/uploads\/2019\/06\/kassab-no-itaquerao-120912.jpg?w=768&amp;quality=70&amp;strip=all 768w, https:\/\/www.infomoney.com.br\/wp-content\/uploads\/2019\/06\/kassab-no-itaquerao-120912.jpg?w=150&amp;quality=70&amp;strip=all 150w\" sizes=\"auto, (max-width: 300px) 100vw, 300px\" data-attachment-id=\"30831\" data-permalink=\"https:\/\/www.infomoney.com.br\/kassab-no-itaquerao-120912\/\" data-orig-file=\"https:\/\/www.infomoney.com.br\/wp-content\/uploads\/2019\/06\/kassab-no-itaquerao-120912.jpg?fit=900%2C599&amp;quality=70&amp;strip=all\" data-orig-size=\"900,599\" data-comments-opened=\"1\" data-image-meta=\"{&quot;aperture&quot;:&quot;0&quot;,&quot;credit&quot;:&quot;&quot;,&quot;camera&quot;:&quot;&quot;,&quot;caption&quot;:&quot;&quot;,&quot;created_timestamp&quot;:&quot;0&quot;,&quot;copyright&quot;:&quot;&quot;,&quot;focal_length&quot;:&quot;0&quot;,&quot;iso&quot;:&quot;0&quot;,&quot;shutter_speed&quot;:&quot;0&quot;,&quot;title&quot;:&quot;&quot;,&quot;orientation&quot;:&quot;0&quot;}\" data-image-title=\"kassab-no-itaquerao-120912\" data-image-description=\"\" data-image-caption=\"\" data-medium-file=\"https:\/\/www.infomoney.com.br\/wp-content\/uploads\/2019\/06\/kassab-no-itaquerao-120912.jpg?fit=300%2C200&amp;quality=70&amp;strip=all\" data-large-file=\"https:\/\/www.infomoney.com.br\/wp-content\/uploads\/2019\/06\/kassab-no-itaquerao-120912.jpg?fit=900%2C599&amp;quality=70&amp;strip=all\" title=\"\"><\/p>\n<p>O secret&aacute;rio de Governo e Rela&ccedil;&otilde;es Institucionais do Estado de S&atilde;o Paulo, <strong>Gilberto Kassab (PSD)<\/strong>, acredita que o governador Tarc&iacute;sio de Freitas (Republicanos) caminha para ser uma das grandes lideran&ccedil;as da cena pol&iacute;tica nacional.<\/p>\n<p>Em painel pelo Warren Institutional Day, evento realizado em S&atilde;o Paulo, Kassab disse que o governador paulista &eacute; um dos cabos eleitorais mais fortes para as elei&ccedil;&otilde;es pela prefeitura de S&atilde;o Paulo em 2024, mas que dever&aacute; ser carta fora do baralho das corrida pelo Pal&aacute;cio do Planalto em 2026.<\/p>\n<p>&ldquo;O Brasil caminha hoje para ter dois grandes l&iacute;deres pol&iacute;ticos: Tarc&iacute;sio liderando a centro-direita e Lula liderando a centro-esquerda&rdquo;, observou.<\/p>\n<p>&ldquo;Nessas elei&ccedil;&otilde;es <em>[municipais]<\/em>, n&oacute;s temos, no estado de S&atilde;o Paulo, tr&ecirc;s grandes cabos eleitorais: Lula &eacute; um grande cabo eleitoral, Bolsonaro &eacute; grande cabo eleitoral e Tarc&iacute;sio &eacute; um grande cabo eleitoral, com uma vantagem comparativa que tem uma aprova&ccedil;&atilde;o muito alta e uma rejei&ccedil;&atilde;o baixa. Lula e Bolsonaro t&ecirc;m boa aprova&ccedil;&atilde;o, &eacute; ineg&aacute;vel, mas ambos t&ecirc;m uma rejei&ccedil;&atilde;o muito alta&rdquo;, comparou.<\/p>\n<p>A tend&ecirc;ncia &eacute; que Tarc&iacute;sio de Freitas entre na campanha &agrave; reelei&ccedil;&atilde;o do prefeito Ricardo Nunes (MDB), que tamb&eacute;m deve contar com o apoio de Bolsonaro e ter como um dos principais advers&aacute;rios o atual deputado federal Guilherme Boulos (PSOL), apoiado pelo PT.<\/p>\n<p>No plano nacional, Kassab destaca os nomes dos governadores de Goi&aacute;s, Ronaldo Caiado (Uni&atilde;o Brasil), e de Minas Gerais, Romeu Zema (Novo), como potenciais representantes da direita na pr&oacute;xima corrida presidencial, dada a tend&ecirc;ncia de Jair Bolsonaro ser mantido ineleg&iacute;vel pela Justi&ccedil;a Eleitoral.<\/p>\n<p>A esta lista o presidente nacional do PSD, sigla que integra simultaneamente a base do governo do presidente Luiz In&aacute;cio Lula da Silva (PT) no plano nacional e de Tarc&iacute;sio de Freitas em n&iacute;vel estadual, Kassab tamb&eacute;m mencionou o nome da senadora Tereza Cristina (PP-MS), ex-ministra da Agricultura e Pecu&aacute;ria no governo Bolsonaro.<\/p>\n<p>&ldquo;N&atilde;o acredito que mude <em>[a situa&ccedil;&atilde;o de inelegibilidade de Bolsonaro]<\/em>&ldquo;, pontua. &ldquo;O bolsonarismo, junto com outras for&ccedil;as conservadoras, vai se articular para ter um candidato a Presidente da Rep&uacute;blica&rdquo;, avalia o secret&aacute;rio do governo paulista.<\/p>\n<p>Embora Tarc&iacute;sio seja frequentemente apontado no meio pol&iacute;tico como favorito para suceder Bolsonaro na lideran&ccedil;a do campo da direita em n&iacute;vel nacional, Kassab repete o discurso do governador a dizer que ele n&atilde;o dever&aacute; participar da pr&oacute;xima disputa como candidato.<\/p>\n<p>&ldquo;O governador Tarc&iacute;sio deixou claro que todo o planejamento pol&iacute;tico de sua carreira est&aacute; atrelado a ter uma boa gest&atilde;o. E, tendo uma boa gest&atilde;o, disputar a reelei&ccedil;&atilde;o do governo de S&atilde;o Paulo. O nome dele est&aacute; fora. N&atilde;o vejo ele como possibilidade&rdquo;, disse.<\/p>\n<p>Segundo ele, na corrida presidencial de 2026 o papel de Tarc&iacute;sio dever&aacute; se limitar a, como poss&iacute;vel candidato &agrave; reelei&ccedil;&atilde;o por S&atilde;o Paulo, apoiar o candidato escolhido pela direita para enfrentar Lula ou o nome que representar&aacute; esse campo pol&iacute;tico.<\/p>\n<p>&ldquo;A base de Lula vai ser igual. Ele vai continuar tendo apoio dos partidos da esquerda. E vai ter um candidato apoiado pelo PL, PP e Republicanos. Desses quatro partidos de centro, um ou outro pode apoiar, mas a tend&ecirc;ncia &eacute; ter candidatura pr&oacute;pria para n&atilde;o dar apoio ou declarar livre e n&atilde;o se envolver&rdquo;, projeto.<\/p>\n<p>&ldquo;Vamos ter a mesma disputa: um candidato de esquerda e outro de direita, sem espa&ccedil;o para uma terceira alternativa&rdquo;, emendou Kassab, que &eacute; conhecido no meio pol&iacute;tico pela elevada capacidade de tra&ccedil;ar progn&oacute;sticos eleitorais.<\/p>\n<\/p>\n<div class=\"cta-end\">\n<div class=\"im-cta\" >\n<div class=\"im-shortcode-forms bg-light bg-opacity-25 border rounded-4 p-3 p-sm-4 p-md-3 p-lg-4 px-xxl-5 my-5\" data-configuration='{\"form_name\":false,\"form_hat\":\"Newsletter\",\"form_email\":true,\"form_icon\":\"newsletter\",\"form_phone\":false,\"form_campaign\":\"NIM\",\"form_thankyou\":\"\",\"form_journey\":\"APIEvent-26a5198d-8e09-06ef-5f80-cd9127757ad1\",\"form_button\":\"Quero receber\",\"form_context\":\"newsletter\",\"form_origin\":\"https:\\\/\\\/www.infomoney.com.br\\\/politica\\\/feed\\\/?utm_medium=materia&#038;utm_source=infomoney&#038;utm_campaign=NIM&#038;utm_term=politica&#038;utm_content=newsletter\",\"form_position\":\"final\",\"form_category\":\"cta_form\"}'>\n<div class=\"d-flex flex-column align-items-center align-items-lg-start mb-4 flex-lg-row\">\n<div class=\"rounded-circle mb-2 mb-lg-0 mr-lg-4 me-lg-4 p-3 p-lg-4 bg-blue-400\"><svg width=\"40\" height=\"40\" viewBox=\"0 0 40 40\" fill=\"none\" xmlns=\"http:\/\/www.w3.org\/2000\/svg\"><path d=\"M20 20.25 6.042 11.042v19.041c0 .167.048.299.146.396a.535.535 0 0 0 .395.146h15.792V32.5H6.583a2.328 2.328 0 0 1-1.708-.708 2.328 2.328 0 0 1-.708-1.709V9.917c0-.667.236-1.236.708-1.709A2.328 2.328 0 0 1 6.583 7.5h26.834c.666 0 1.236.236 1.708.708a2.33 2.33 0 0 1 .708 1.709v12.458h-1.875V11.042L20 20.25Zm0-2 13.667-8.875H6.333L20 18.25Zm11.75 18.958-1.292-1.333 3.334-3.375h-9v-1.875h9l-3.375-3.417 1.333-1.291 5.667 5.625-5.667 5.666ZM6.042 11.042v20.791-9.458.25-13.25 1.667Z\" fill=\"#fff\"\/><\/svg><\/div>\n<div class=\"flex-fill text-center text-lg-left\">\n<div class=\"h6 small text-orange-700 lh-base mb-1\">Newsletter<\/div>\n<div class=\"text-body h4 m-0\">Infomorning<\/div>\n<div class=\"text-body small lh-base mt-2\">Receba no seu e-mail logo pela manh&atilde; as not&iacute;cias que v&atilde;o mexer com os mercados, com os seus investimentos e o seu bolso durante o dia<\/div>\n<\/div>\n<\/div>\n<\/div>\n<\/div>\n<\/div>\n<p>The post <a rel=\"nofollow noopener\" href=\"https:\/\/www.infomoney.com.br\/politica\/kassab-ve-tarcisio-como-cabo-eleitoral-forte-em-eleicoes-municipais-mas-fora-de-corrida-presidencial-em-2026\/\" target=\"_blank\">Kassab v\u00ea Tarc\u00edsio como cabo eleitoral forte em elei\u00e7\u00f5es municipais, mas fora de corrida presidencial em 2026<\/a> appeared first on <a rel=\"nofollow noopener\" href=\"https:\/\/www.infomoney.com.br\/\" target=\"_blank\">InfoMoney<\/a>.<\/p>\n","protected":false},"excerpt":{"rendered":"<p><img loading=\"lazy\" decoding=\"async\" width=\"300\" height=\"200\" src=\"https:\/\/www.infomoney.com.br\/wp-content\/uploads\/2019\/06\/kassab-no-itaquerao-120912.jpg?fit=300%2C200&amp;quality=70&amp;strip=all\" class=\"attachment-medium size-medium wp-post-image\" alt=\"\" data-attachment-id=\"30831\" data-permalink=\"https:\/\/www.infomoney.com.br\/kassab-no-itaquerao-120912\/\" data-orig-file=\"https:\/\/www.infomoney.com.br\/wp-content\/uploads\/2019\/06\/kassab-no-itaquerao-120912.jpg?fit=900%2C599&amp;quality=70&amp;strip=all\" data-orig-size=\"900,599\" data-comments-opened=\"1\" data-image-meta='{\"aperture\":\"0\",\"credit\":\"\",\"camera\":\"\",\"caption\":\"\",\"created_timestamp\":\"0\",\"copyright\":\"\",\"focal_length\":\"0\",\"iso\":\"0\",\"shutter_speed\":\"0\",\"title\":\"\",\"orientation\":\"0\"}' data-image-title=\"kassab-no-itaquerao-120912\" data-image-description=\"\" data-image-caption=\"\" data-medium-file=\"https:\/\/www.infomoney.com.br\/wp-content\/uploads\/2019\/06\/kassab-no-itaquerao-120912.jpg?fit=300%2C200&amp;quality=70&amp;strip=all\" data-large-file=\"https:\/\/www.infomoney.com.br\/wp-content\/uploads\/2019\/06\/kassab-no-itaquerao-120912.jpg?fit=900%2C599&amp;quality=70&amp;strip=all\">Para Kassab, baixa rejei\u00e7\u00e3o de Tarc\u00edsio poder\u00e1 ajudar Ricardo Nunes na disputa pela reelei\u00e7\u00e3o \u00e0 prefeitura de S\u00e3o Paulo<\/p>\n<p>The post <a rel=\"nofollow\" href=\"https:\/\/www.infomoney.com.br\/politica\/kassab-ve-tarcisio-como-cabo-eleitoral-forte-em-eleicoes-municipais-mas-fora-de-corrida-presidencial-em-2026\/\">Kassab v\u00ea Tarc\u00edsio como cabo eleitoral forte em elei\u00e7\u00f5es municipais, mas fora de corrida presidencial em 2026<\/a> appeared first on <a rel=\"nofollow\" href=\"https:\/\/www.infomoney.com.br\/\">InfoMoney<\/a>.<\/p>\n","protected":false},"author":52,"featured_media":0,"comment_status":"closed","ping_status":"closed","sticky":false,"template":"","format":"standard","meta":{"advgb_blocks_editor_width":"","advgb_blocks_columns_visual_guide":"","footnotes":""},"categories":[1662,34,5578,135,47,424,367],"tags":[35],"class_list":["post-31772","post","type-post","status-publish","format-standard","hentry","category-eleicoes","category-g1","category-gilberto-kassab","category-jair-bolsonaro","category-politica","category-sao-paulo","category-tarcisio-de-freitas","tag-g1"],"author_meta":{"display_name":"Marcos Mortari","author_link":"https:\/\/sindaopcpb.org.br\/author\/marcos-mortari\/"},"featured_img":null,"coauthors":[],"tax_additional":{"categories":{"linked":["<a href=\"https:\/\/sindaopcpb.org.br\/eleicoes\/\" class=\"advgb-post-tax-term\">Elei\u00e7\u00f5es<\/a>","<a href=\"https:\/\/sindaopcpb.org.br\/g1\/\" class=\"advgb-post-tax-term\">G1<\/a>","<a href=\"https:\/\/sindaopcpb.org.br\/gilberto-kassab\/\" class=\"advgb-post-tax-term\">Gilberto Kassab<\/a>","<a href=\"https:\/\/sindaopcpb.org.br\/jair-bolsonaro\/\" class=\"advgb-post-tax-term\">Jair Bolsonaro<\/a>","<a href=\"https:\/\/sindaopcpb.org.br\/politica\/\" class=\"advgb-post-tax-term\">POLITICA<\/a>","<a href=\"https:\/\/sindaopcpb.org.br\/sao-paulo\/\" class=\"advgb-post-tax-term\">S\u00e3o Paulo<\/a>","<a href=\"https:\/\/sindaopcpb.org.br\/tarcisio-de-freitas\/\" class=\"advgb-post-tax-term\">Tarc\u00edsio de Freitas<\/a>"],"unlinked":["<span class=\"advgb-post-tax-term\">Elei\u00e7\u00f5es<\/span>","<span class=\"advgb-post-tax-term\">G1<\/span>","<span class=\"advgb-post-tax-term\">Gilberto Kassab<\/span>","<span class=\"advgb-post-tax-term\">Jair Bolsonaro<\/span>","<span class=\"advgb-post-tax-term\">POLITICA<\/span>","<span class=\"advgb-post-tax-term\">S\u00e3o Paulo<\/span>","<span class=\"advgb-post-tax-term\">Tarc\u00edsio de Freitas<\/span>"]},"tags":{"linked":["<a href=\"https:\/\/sindaopcpb.org.br\/tarcisio-de-freitas\/\" class=\"advgb-post-tax-term\">g1<\/a>"],"unlinked":["<span class=\"advgb-post-tax-term\">g1<\/span>"]}},"comment_count":"0","relative_dates":{"created":"Publicado 3 anos atr\u00e1s","modified":"Atualizado 3 anos atr\u00e1s"},"absolute_dates":{"created":"Publicado em 28 de agosto de 2023","modified":"Atualizado em 28 de agosto de 2023"},"absolute_dates_time":{"created":"Publicado em 28 de agosto de 2023 22:25","modified":"Atualizado em 28 de agosto de 2023 22:25"},"featured_img_caption":"","series_order":"","_links":{"self":[{"href":"https:\/\/sindaopcpb.org.br\/index.php\/wp-json\/wp\/v2\/posts\/31772","targetHints":{"allow":["GET"]}}],"collection":[{"href":"https:\/\/sindaopcpb.org.br\/index.php\/wp-json\/wp\/v2\/posts"}],"about":[{"href":"https:\/\/sindaopcpb.org.br\/index.php\/wp-json\/wp\/v2\/types\/post"}],"author":[{"embeddable":true,"href":"https:\/\/sindaopcpb.org.br\/index.php\/wp-json\/wp\/v2\/users\/52"}],"replies":[{"embeddable":true,"href":"https:\/\/sindaopcpb.org.br\/index.php\/wp-json\/wp\/v2\/comments?post=31772"}],"version-history":[{"count":2,"href":"https:\/\/sindaopcpb.org.br\/index.php\/wp-json\/wp\/v2\/posts\/31772\/revisions"}],"predecessor-version":[{"id":31827,"href":"https:\/\/sindaopcpb.org.br\/index.php\/wp-json\/wp\/v2\/posts\/31772\/revisions\/31827"}],"wp:attachment":[{"href":"https:\/\/sindaopcpb.org.br\/index.php\/wp-json\/wp\/v2\/media?parent=31772"}],"wp:term":[{"taxonomy":"category","embeddable":true,"href":"https:\/\/sindaopcpb.org.br\/index.php\/wp-json\/wp\/v2\/categories?post=31772"},{"taxonomy":"post_tag","embeddable":true,"href":"https:\/\/sindaopcpb.org.br\/index.php\/wp-json\/wp\/v2\/tags?post=31772"}],"curies":[{"name":"wp","href":"https:\/\/api.w.org\/{rel}","templated":true}]}}