{"id":31767,"date":"2023-08-28T21:51:11","date_gmt":"2023-08-29T00:51:11","guid":{"rendered":"https:\/\/www.infomoney.com.br\/?p=2227855"},"modified":"2023-08-28T21:51:11","modified_gmt":"2023-08-29T00:51:11","slug":"kassab-diz-que-apoio-do-centrao-devera-ajudar-lula-com-reformas-mas-medidas-podem-nao-surtir-efeito-esperado","status":"publish","type":"post","link":"https:\/\/sindaopcpb.org.br\/index.php\/2023\/08\/28\/kassab-diz-que-apoio-do-centrao-devera-ajudar-lula-com-reformas-mas-medidas-podem-nao-surtir-efeito-esperado\/","title":{"rendered":"Kassab diz que apoio do \u201ccentr\u00e3o\u201d dever\u00e1 ajudar Lula com reformas, mas medidas podem n\u00e3o surtir efeito esperado"},"content":{"rendered":"<p><img loading=\"lazy\" width=\"300\" height=\"200\" src=\"https:\/\/www.infomoney.com.br\/wp-content\/uploads\/2023\/08\/Kassab1.jpg?fit=300%2C200&amp;quality=70&amp;strip=all\" class=\"attachment-medium size-medium wp-post-image\" alt=\"\" decoding=\"async\" style=\"float:right; margin:0 0 10px 10px;\" srcset=\"https:\/\/www.infomoney.com.br\/wp-content\/uploads\/2023\/08\/Kassab1.jpg?w=1200&amp;quality=70&amp;strip=all 1200w, https:\/\/www.infomoney.com.br\/wp-content\/uploads\/2023\/08\/Kassab1.jpg?w=300&amp;quality=70&amp;strip=all 300w, https:\/\/www.infomoney.com.br\/wp-content\/uploads\/2023\/08\/Kassab1.jpg?w=768&amp;quality=70&amp;strip=all 768w, https:\/\/www.infomoney.com.br\/wp-content\/uploads\/2023\/08\/Kassab1.jpg?w=150&amp;quality=70&amp;strip=all 150w\" sizes=\"auto, (max-width: 300px) 100vw, 300px\" data-attachment-id=\"2227861\" data-permalink=\"https:\/\/www.infomoney.com.br\/politica\/kassab-diz-que-apoio-do-centrao-devera-ajudar-lula-com-reformas-mas-medidas-podem-nao-surtir-efeito-esperado\/attachment\/kassab1\/\" data-orig-file=\"https:\/\/www.infomoney.com.br\/wp-content\/uploads\/2023\/08\/Kassab1.jpg?fit=1200%2C800&amp;quality=70&amp;strip=all\" data-orig-size=\"1200,800\" data-comments-opened=\"0\" data-image-meta=\"{&quot;aperture&quot;:&quot;0&quot;,&quot;credit&quot;:&quot;Pedro Fran\\u00e7a&quot;,&quot;camera&quot;:&quot;&quot;,&quot;caption&quot;:&quot;Plen\\u00e1rio do Senado Federal durante sess\\u00e3o solene do Congresso Nacional em homenagem ao anivers\\u00e1rio de 65 anos da TV Record...Em discurso, \\u00e0 tribuna, ministro de Estado da Ci\\u00eancia, Tecnologia, Inova\\u00e7\\u00f5es e Comunica\\u00e7\\u00f5es, Gilberto Kassab...Foto: Pedro Fran\\u00e7a\\\/Ag\\u00eancia Senado&quot;,&quot;created_timestamp&quot;:&quot;0&quot;,&quot;copyright&quot;:&quot;Senado Federal do Brasil&quot;,&quot;focal_length&quot;:&quot;0&quot;,&quot;iso&quot;:&quot;0&quot;,&quot;shutter_speed&quot;:&quot;0&quot;,&quot;title&quot;:&quot;&quot;,&quot;orientation&quot;:&quot;0&quot;}\" data-image-title=\"Gilberto Kassab\" data-image-description=\"\" data-image-caption=\"&lt;p&gt;Gilberto Kassab participa de audi\u00eancia no plen\u00e1rio do Senado Federal (Foto: Pedro Fran\u00e7a\/Ag\u00eancia Senado)&lt;\/p&gt;\n\" data-medium-file=\"https:\/\/www.infomoney.com.br\/wp-content\/uploads\/2023\/08\/Kassab1.jpg?fit=300%2C200&amp;quality=70&amp;strip=all\" data-large-file=\"https:\/\/www.infomoney.com.br\/wp-content\/uploads\/2023\/08\/Kassab1.jpg?fit=1200%2C800&amp;quality=70&amp;strip=all\" title=\"\"><\/p>\n<p>O presidente nacional do PSD (maior bancada do Senado Federal e quinta maior na C&acirc;mara dos Deputados), <strong>Gilberto Kassab<\/strong>, afirmou, nesta segunda-feira (28), que o poss&iacute;vel embarque de partidos do &ldquo;centr&atilde;o&rdquo; no governo do presidente Luiz In&aacute;cio Lula da Silva (PT) poder&aacute; dar mais tranquilidade ao Pal&aacute;cio do Planalto na tentativa de aprovar sua agenda econ&ocirc;mica no Congresso Nacional.<\/p>\n<p>A despeito da novela que tem se tornado o processo de negocia&ccedil;&otilde;es entre o mandat&aacute;rio e lideran&ccedil;as do grupo pol&iacute;tico, Kassab acredita que no fim haver&aacute; um acerto. De um lado, ele avalia que integrantes do &ldquo;centr&atilde;o&rdquo; querem espa&ccedil;os na Esplanada dos Minist&eacute;rios. De outro, a costura pode ajudar na constru&ccedil;&atilde;o de uma base governista mais s&oacute;lida no parlamento.<\/p>\n<p>&ldquo;O centr&atilde;o quer entrar no governo&rdquo;, disse durante painel no evento Warren Institutional Day, realizado em S&atilde;o Paulo. &ldquo;No final, vai haver uma acomoda&ccedil;&atilde;o. Haver&aacute; uma parte expressiva do centr&atilde;o que participar&aacute; do governo. Fica claro conversando com nossos l&iacute;deres no Congresso que a bancada do Republicanos quer participar do governo, a bancada do PP quer participar do governo, e h&aacute; um jogo de cena das suas dire&ccedil;&otilde;es para parecer que n&atilde;o quer, para n&atilde;o perder o eleitor de oposi&ccedil;&atilde;o. Mas na pol&iacute;tica &eacute; muito dif&iacute;cil agradar gregos e troianos&rdquo;.<\/p>\n<p>O ex-ministro das Cidades da gest&atilde;o Michel Temer (MDB) e atual secret&aacute;rio de Governo e Rela&ccedil;&otilde;es Institucionais do governo de Tarc&iacute;sio de Freitas (Republicanos) no Estado de S&atilde;o Paulo acredita, no entanto, que o tempo &eacute; curto para a aprova&ccedil;&atilde;o de medidas de impacto fiscal no Legislativo e que h&aacute; riscos de Lula n&atilde;o colher os efeitos esperados com o pacote em negocia&ccedil;&atilde;o.<\/p>\n<p>&ldquo;O grande desafio do governo &eacute; depois fazer com que o que foi aprovado surta efeito&rdquo;, afirmou. &ldquo;Acho que Lula consegue, com muito sacrif&iacute;cio, conseguir aprovar essas medidas e mais algumas, mas na execu&ccedil;&atilde;o do que foi aprovado, acho que n&atilde;o ter&aacute; a mesma facilidade&rdquo;.<\/p>\n<p>&ldquo;Haver&aacute; essa participa&ccedil;&atilde;o e isso ajudar&aacute; o presidente Lula a aprovar seus projetos. Eu n&atilde;o tenho d&uacute;vida. Minha d&uacute;vida &eacute; em rela&ccedil;&atilde;o ao fato do que ser&aacute; aprovado se vai ter as consequ&ecirc;ncias positivas que o governo espera&rdquo;, complementou.<\/p>\n<p>Apesar da aproxima&ccedil;&atilde;o entre siglas que apoiaram o ex-presidente Jair Bolsonaro (PL) e o atual governo, Kassab acredita que PL, PP e Republicanos seguir&atilde;o ocupando o campo da direita nas pr&oacute;ximas elei&ccedil;&otilde;es presidenciais, sendo oposi&ccedil;&atilde;o ao projeto a ser defendido por Lula na ocasi&atilde;o.<\/p>\n<p>Durante o evento realizado em S&atilde;o Paulo, Kassab tamb&eacute;m observou que, na pr&aacute;tica, restam cerca de tr&ecirc;s meses para o governo federal aprovar sua agenda econ&ocirc;mica. Isso porque em dezembro a pauta legislativa deve se concentrar no fechamento de pautas relacionadas ao Or&ccedil;amento de 2024. No ano seguinte, em raz&atilde;o das elei&ccedil;&otilde;es municipais, ele v&ecirc; condi&ccedil;&otilde;es reduzidas para a aprova&ccedil;&atilde;o de uma agenda arrecadat&oacute;ria, sobretudo de aumento de receitas.<\/p>\n<p>&ldquo;O que n&atilde;o for aprovado neste ano ter&aacute; dificuldades para ser aprovado, fica para 2025. Em ano de elei&ccedil;&atilde;o, &eacute; muito dif&iacute;cil. As aten&ccedil;&otilde;es est&atilde;o voltadas para as elei&ccedil;&otilde;es, o parlamentar tem seus compromissos e tem dificuldade de ter posicionamentos que n&atilde;o sejam populares&rdquo;, avaliou.<\/p>\n<p>Das medidas econ&ocirc;micas indicadas at&eacute; o momento pelo governo Lula, Kassab v&ecirc; mais dificuldades no avan&ccedil;o da tributa&ccedil;&atilde;o sobre lucros e dividendos, por se tratar de tema de ampla repercuss&atilde;o, inclusive sobre os c&iacute;rculos pr&oacute;ximos de relacionamento dos pr&oacute;prios parlamentares.<\/p>\n<p>Quanto &agrave; reforma tribut&aacute;ria, ele exaltou a posi&ccedil;&atilde;o de Tarc&iacute;sio de Freitas, que divergiu de seus antecessores e apoiou a Proposta de Emenda &agrave; Constitui&ccedil;&atilde;o (PEC 45\/2019) nos termos votados pela C&acirc;mara dos Deputados, mas disse que o governador paulista est&aacute; atento &agrave;s modifica&ccedil;&otilde;es em discuss&atilde;o no Senado Federal. Segundo ele, um dos pontos inegoci&aacute;veis para o estado &eacute; o fim da guerra fiscal.<\/p>\n<p>&ldquo;Tarc&iacute;sio agiu de uma maneira diferente, ele agiu com uma vis&atilde;o bastante racional, bastante compreensiva, mas est&aacute; muito atento, porque &eacute; governador de S&atilde;o Paulo e precisa zelar pelo Estado&rdquo;, observou.<\/p>\n<\/p>\n<div class=\"cta-end\">\n<div class=\"im-cta\" >\n<div class=\"im-shortcode-forms bg-light bg-opacity-25 border rounded-4 p-3 p-sm-4 p-md-3 p-lg-4 px-xxl-5 my-5\" data-configuration='{\"form_name\":false,\"form_hat\":\"Newsletter\",\"form_email\":true,\"form_icon\":\"newsletter\",\"form_phone\":false,\"form_campaign\":\"NIM\",\"form_thankyou\":\"\",\"form_journey\":\"APIEvent-26a5198d-8e09-06ef-5f80-cd9127757ad1\",\"form_button\":\"Quero receber\",\"form_context\":\"newsletter\",\"form_origin\":\"https:\\\/\\\/www.infomoney.com.br\\\/politica\\\/feed\\\/?utm_medium=materia&#038;utm_source=infomoney&#038;utm_campaign=NIM&#038;utm_term=politica&#038;utm_content=newsletter\",\"form_position\":\"final\",\"form_category\":\"cta_form\"}'>\n<div class=\"d-flex flex-column align-items-center align-items-lg-start mb-4 flex-lg-row\">\n<div class=\"rounded-circle mb-2 mb-lg-0 mr-lg-4 me-lg-4 p-3 p-lg-4 bg-blue-400\"><svg width=\"40\" height=\"40\" viewBox=\"0 0 40 40\" fill=\"none\" xmlns=\"http:\/\/www.w3.org\/2000\/svg\"><path d=\"M20 20.25 6.042 11.042v19.041c0 .167.048.299.146.396a.535.535 0 0 0 .395.146h15.792V32.5H6.583a2.328 2.328 0 0 1-1.708-.708 2.328 2.328 0 0 1-.708-1.709V9.917c0-.667.236-1.236.708-1.709A2.328 2.328 0 0 1 6.583 7.5h26.834c.666 0 1.236.236 1.708.708a2.33 2.33 0 0 1 .708 1.709v12.458h-1.875V11.042L20 20.25Zm0-2 13.667-8.875H6.333L20 18.25Zm11.75 18.958-1.292-1.333 3.334-3.375h-9v-1.875h9l-3.375-3.417 1.333-1.291 5.667 5.625-5.667 5.666ZM6.042 11.042v20.791-9.458.25-13.25 1.667Z\" fill=\"#fff\"\/><\/svg><\/div>\n<div class=\"flex-fill text-center text-lg-left\">\n<div class=\"h6 small text-orange-700 lh-base mb-1\">Newsletter<\/div>\n<div class=\"text-body h4 m-0\">Infomorning<\/div>\n<div class=\"text-body small lh-base mt-2\">Receba no seu e-mail logo pela manh&atilde; as not&iacute;cias que v&atilde;o mexer com os mercados, com os seus investimentos e o seu bolso durante o dia<\/div>\n<\/div>\n<\/div>\n<\/div>\n<\/div>\n<\/div>\n<p>The post <a rel=\"nofollow noopener\" href=\"https:\/\/www.infomoney.com.br\/politica\/kassab-diz-que-apoio-do-centrao-devera-ajudar-lula-com-reformas-mas-medidas-podem-nao-surtir-efeito-esperado\/\" target=\"_blank\">Kassab diz que apoio do &#8220;centr\u00e3o&#8221; dever\u00e1 ajudar Lula com reformas, mas medidas podem n\u00e3o surtir efeito esperado<\/a> appeared first on <a rel=\"nofollow noopener\" href=\"https:\/\/www.infomoney.com.br\/\" target=\"_blank\">InfoMoney<\/a>.<\/p>\n","protected":false},"excerpt":{"rendered":"<p><img loading=\"lazy\" decoding=\"async\" width=\"300\" height=\"200\" src=\"https:\/\/www.infomoney.com.br\/wp-content\/uploads\/2023\/08\/Kassab1.jpg?fit=300%2C200&amp;quality=70&amp;strip=all\" class=\"attachment-medium size-medium wp-post-image\" alt=\"\" data-attachment-id=\"2227861\" data-permalink=\"https:\/\/www.infomoney.com.br\/politica\/kassab-diz-que-apoio-do-centrao-devera-ajudar-lula-com-reformas-mas-medidas-podem-nao-surtir-efeito-esperado\/attachment\/kassab1\/\" data-orig-file=\"https:\/\/www.infomoney.com.br\/wp-content\/uploads\/2023\/08\/Kassab1.jpg?fit=1200%2C800&amp;quality=70&amp;strip=all\" data-orig-size=\"1200,800\" data-comments-opened=\"0\" data-image-meta='{\"aperture\":\"0\",\"credit\":\"Pedro Fran\\u00e7a\",\"camera\":\"\",\"caption\":\"Plen\\u00e1rio do Senado Federal durante sess\\u00e3o solene do Congresso Nacional em homenagem ao anivers\\u00e1rio de 65 anos da TV Record...Em discurso, \\u00e0 tribuna, ministro de Estado da Ci\\u00eancia, Tecnologia, Inova\\u00e7\\u00f5es e Comunica\\u00e7\\u00f5es, Gilberto Kassab...Foto: Pedro Fran\\u00e7a\\\/Ag\\u00eancia Senado\",\"created_timestamp\":\"0\",\"copyright\":\"Senado Federal do Brasil\",\"focal_length\":\"0\",\"iso\":\"0\",\"shutter_speed\":\"0\",\"title\":\"\",\"orientation\":\"0\"}' data-image-title=\"Gilberto Kassab\" data-image-description=\"\" data-image-caption=\"&lt;p&gt;Gilberto Kassab participa de audi\u00eancia no plen\u00e1rio do Senado Federal (Foto: Pedro Fran\u00e7a\/Ag\u00eancia Senado)&lt;\/p&gt;\n\" data-medium-file=\"https:\/\/www.infomoney.com.br\/wp-content\/uploads\/2023\/08\/Kassab1.jpg?fit=300%2C200&amp;quality=70&amp;strip=all\" data-large-file=\"https:\/\/www.infomoney.com.br\/wp-content\/uploads\/2023\/08\/Kassab1.jpg?fit=1200%2C800&amp;quality=70&amp;strip=all\">Apesar da &#8220;novela&#8221; envolvendo as negocia\u00e7\u00f5es, Kassab acredita que as bancadas de PP e Republicanos desejam integrar o governo e isso deve acontecer<\/p>\n<p>The post <a rel=\"nofollow\" href=\"https:\/\/www.infomoney.com.br\/politica\/kassab-diz-que-apoio-do-centrao-devera-ajudar-lula-com-reformas-mas-medidas-podem-nao-surtir-efeito-esperado\/\">Kassab diz que apoio do \u201ccentr\u00e3o\u201d dever\u00e1 ajudar Lula com reformas, mas medidas podem n\u00e3o surtir efeito esperado<\/a> appeared first on <a rel=\"nofollow\" href=\"https:\/\/www.infomoney.com.br\/\">InfoMoney<\/a>.<\/p>\n","protected":false},"author":52,"featured_media":0,"comment_status":"closed","ping_status":"closed","sticky":false,"template":"","format":"standard","meta":{"advgb_blocks_editor_width":"","advgb_blocks_columns_visual_guide":"","footnotes":""},"categories":[1285,34,5578,260,129,47,2473],"tags":[35],"class_list":["post-31767","post","type-post","status-publish","format-standard","hentry","category-centrao","category-g1","category-gilberto-kassab","category-governo","category-luiz-inacio-lula-da-silva","category-politica","category-reformas","tag-g1"],"author_meta":{"display_name":"Marcos Mortari","author_link":"https:\/\/sindaopcpb.org.br\/author\/marcos-mortari\/"},"featured_img":null,"coauthors":[],"tax_additional":{"categories":{"linked":["<a href=\"https:\/\/sindaopcpb.org.br\/centrao\/\" class=\"advgb-post-tax-term\">Centr\u00e3o<\/a>","<a href=\"https:\/\/sindaopcpb.org.br\/g1\/\" class=\"advgb-post-tax-term\">G1<\/a>","<a href=\"https:\/\/sindaopcpb.org.br\/gilberto-kassab\/\" class=\"advgb-post-tax-term\">Gilberto Kassab<\/a>","<a href=\"https:\/\/sindaopcpb.org.br\/governo\/\" class=\"advgb-post-tax-term\">Governo<\/a>","<a href=\"https:\/\/sindaopcpb.org.br\/luiz-inacio-lula-da-silva\/\" class=\"advgb-post-tax-term\">Luiz In\u00e1cio Lula da Silva<\/a>","<a href=\"https:\/\/sindaopcpb.org.br\/politica\/\" class=\"advgb-post-tax-term\">POLITICA<\/a>","<a href=\"https:\/\/sindaopcpb.org.br\/reformas\/\" class=\"advgb-post-tax-term\">reformas<\/a>"],"unlinked":["<span class=\"advgb-post-tax-term\">Centr\u00e3o<\/span>","<span class=\"advgb-post-tax-term\">G1<\/span>","<span class=\"advgb-post-tax-term\">Gilberto Kassab<\/span>","<span class=\"advgb-post-tax-term\">Governo<\/span>","<span class=\"advgb-post-tax-term\">Luiz In\u00e1cio Lula da Silva<\/span>","<span class=\"advgb-post-tax-term\">POLITICA<\/span>","<span class=\"advgb-post-tax-term\">reformas<\/span>"]},"tags":{"linked":["<a href=\"https:\/\/sindaopcpb.org.br\/reformas\/\" class=\"advgb-post-tax-term\">g1<\/a>"],"unlinked":["<span class=\"advgb-post-tax-term\">g1<\/span>"]}},"comment_count":"0","relative_dates":{"created":"Publicado 3 anos atr\u00e1s","modified":"Atualizado 3 anos atr\u00e1s"},"absolute_dates":{"created":"Publicado em 28 de agosto de 2023","modified":"Atualizado em 28 de agosto de 2023"},"absolute_dates_time":{"created":"Publicado em 28 de agosto de 2023 21:51","modified":"Atualizado em 28 de agosto de 2023 21:51"},"featured_img_caption":"","series_order":"","_links":{"self":[{"href":"https:\/\/sindaopcpb.org.br\/index.php\/wp-json\/wp\/v2\/posts\/31767","targetHints":{"allow":["GET"]}}],"collection":[{"href":"https:\/\/sindaopcpb.org.br\/index.php\/wp-json\/wp\/v2\/posts"}],"about":[{"href":"https:\/\/sindaopcpb.org.br\/index.php\/wp-json\/wp\/v2\/types\/post"}],"author":[{"embeddable":true,"href":"https:\/\/sindaopcpb.org.br\/index.php\/wp-json\/wp\/v2\/users\/52"}],"replies":[{"embeddable":true,"href":"https:\/\/sindaopcpb.org.br\/index.php\/wp-json\/wp\/v2\/comments?post=31767"}],"version-history":[{"count":2,"href":"https:\/\/sindaopcpb.org.br\/index.php\/wp-json\/wp\/v2\/posts\/31767\/revisions"}],"predecessor-version":[{"id":31774,"href":"https:\/\/sindaopcpb.org.br\/index.php\/wp-json\/wp\/v2\/posts\/31767\/revisions\/31774"}],"wp:attachment":[{"href":"https:\/\/sindaopcpb.org.br\/index.php\/wp-json\/wp\/v2\/media?parent=31767"}],"wp:term":[{"taxonomy":"category","embeddable":true,"href":"https:\/\/sindaopcpb.org.br\/index.php\/wp-json\/wp\/v2\/categories?post=31767"},{"taxonomy":"post_tag","embeddable":true,"href":"https:\/\/sindaopcpb.org.br\/index.php\/wp-json\/wp\/v2\/tags?post=31767"}],"curies":[{"name":"wp","href":"https:\/\/api.w.org\/{rel}","templated":true}]}}