{"id":31762,"date":"2023-08-28T18:54:04","date_gmt":"2023-08-28T21:54:04","guid":{"rendered":"https:\/\/wpa.wscom.com.br\/?p=920191"},"modified":"2023-08-28T18:54:04","modified_gmt":"2023-08-28T21:54:04","slug":"justica-mantem-condenacao-de-mulher-acusada-de-matar-tres-criancas-envenenadas-na-paraiba","status":"publish","type":"post","link":"https:\/\/sindaopcpb.org.br\/index.php\/2023\/08\/28\/justica-mantem-condenacao-de-mulher-acusada-de-matar-tres-criancas-envenenadas-na-paraiba\/","title":{"rendered":"Justi\u00e7a mant\u00e9m condena\u00e7\u00e3o de mulher acusada de matar tr\u00eas crian\u00e7as envenenadas, na Para\u00edba"},"content":{"rendered":"<p>A C\u00e2mara Criminal do Tribunal de Justi\u00e7a da Para\u00edba manteve a condena\u00e7\u00e3o de uma mulher a 48 anos de reclus\u00e3o pela morte, por envenenamento, de tr\u00eas crian\u00e7as, fato ocorrido em 2017. O caso \u00e9 oriundo do 1\u00ba Tribunal do J\u00fari da Comarca de Itabaiana.<\/p>\n<p>Uma das crian\u00e7as morreu no dia 19 de fevereiro de 2017, por volta das 19h, no S\u00edtio Cariat\u00e1, Zona Rural de Itabaiana, ap\u00f3s passar mal em sua resid\u00eancia, por ter consumido alimento (docinho) preparado e oferecido pela acusada, no anivers\u00e1rio realizado na casa de uma parente. A segunda morte ocorreu no dia 25 de fevereiro e a terceira no dia 10 de mar\u00e7o.<\/p>\n<p>De acordo com os autos, o crime foi praticado de modo a impossibilitar a defesa de todas as v\u00edtimas, j\u00e1 que foram ardilosamente envenenadas, n\u00e3o podendo fazer nada para se defenderem da a\u00e7\u00e3o criminosa. Segundo a pol\u00edcia, a mulher tinha la\u00e7os de amizade com as v\u00edtimas e esteve nos locais onde as pessoas ingeriram os alimentos envenenados. Em alguns casos, ofereceu o alimento.<\/p>\n<p>Ao recorrer da condena\u00e7\u00e3o, a defesa alegou que a decis\u00e3o dos jurados foi manifestamente contr\u00e1ria \u00e0 prova dos autos e que a pena-base foi aplicada de forma exacerbada.<\/p>\n<p>A Apela\u00e7\u00e3o Criminal n\u00ba 0000347-70.2017.8.15.0381 teve como relator o desembargador M\u00e1rcio Murilo da Cunha Ramos. Ele explicou que h\u00e1 no processo, duas vers\u00f5es, quais sejam: a do representante do Minist\u00e9rio P\u00fablico, consistente na tese de que a acusada cometeu o crime de homic\u00eddio pelo envenenamento das v\u00edtimas, e a da defesa, que sustenta a tese de negativa de autoria. Sendo esta \u00faltima rejeitada pelo Conselho de Senten\u00e7a.<\/p>\n<p>&#8220;N\u00e3o cabe anula\u00e7\u00e3o do julgamento proferido pelo Tribunal do J\u00fari quando os jurados optam por uma das teses apresentadas, em conformidade com as provas produzidas nos autos, sob pena de ofensa \u00e0 soberania dos veredictos do Tribunal Popular, contemplada no artigo 5\u00ba, XXVIII, da Constitui\u00e7\u00e3o da Rep\u00fablica&#8221;, destacou o relator.<\/p>\n<p>Quanto \u00e0 dosimetria da pena, o desembargador disse que esta foi fixada com observ\u00e2ncia aos crit\u00e9rios previstos no C\u00f3digo Penal. &#8220;O ju\u00edzo a quo atuou em obedi\u00eancia aos princ\u00edpios ditados pelos artigos 59 e 68, ambos do CP, sendo as circunst\u00e2ncias judiciais devidamente ponderadas e obedecido o sistema trif\u00e1sico, n\u00e3o se vislumbrando, in casu, qualquer erro ou exaspera\u00e7\u00e3o injustificada a serem reparados nesta inst\u00e2ncia revisora&#8221;, pontuou.<\/p>\n<p>Da decis\u00e3o cabe recurso.<\/p>\n<p>O post <a rel=\"nofollow noopener\" href=\"https:\/\/wscom.com.br\/justica-mantem-condenacao-de-mulher-acusada-de-matar-tres-criancas-envenenadas-na-paraiba\/\" target=\"_blank\">Justi\u00e7a mant\u00e9m condena\u00e7\u00e3o de mulher acusada de matar tr\u00eas crian\u00e7as envenenadas, na Para\u00edba<\/a> apareceu primeiro em <a rel=\"nofollow noopener\" href=\"https:\/\/wscom.com.br\/\" target=\"_blank\">WSCOM<\/a>.<\/p>\n","protected":false},"excerpt":{"rendered":"<p>A C\u00e2mara Criminal do Tribunal de Justi\u00e7a da Para\u00edba manteve a condena\u00e7\u00e3o de uma mulher a 48 anos de reclus\u00e3o pela morte, por envenenamento, de tr\u00eas crian\u00e7as, fato ocorrido em 2017. O caso \u00e9 oriundo do 1\u00ba Tribunal do J\u00fari da Comarca de Itabaiana. Uma das crian\u00e7as morreu no dia 19 de fevereiro de 2017, [\u2026]<\/p>\n<p>O post <a rel=\"nofollow\" href=\"https:\/\/wscom.com.br\/justica-mantem-condenacao-de-mulher-acusada-de-matar-tres-criancas-envenenadas-na-paraiba\/\">Justi\u00e7a mant\u00e9m condena\u00e7\u00e3o de mulher acusada de matar tr\u00eas crian\u00e7as envenenadas, na Para\u00edba<\/a> apareceu primeiro em <a rel=\"nofollow\" href=\"https:\/\/wscom.com.br\/\">WSCOM<\/a>.<\/p>\n","protected":false},"author":50,"featured_media":0,"comment_status":"closed","ping_status":"closed","sticky":false,"template":"","format":"standard","meta":{"advgb_blocks_editor_width":"","advgb_blocks_columns_visual_guide":"","footnotes":""},"categories":[4717,34,278,73,66],"tags":[35],"class_list":["post-31762","post","type-post","status-publish","format-standard","hentry","category-envenenamento","category-g1","category-justica","category-mulher","category-policial","tag-g1"],"author_meta":{"display_name":"Wallyson","author_link":"https:\/\/sindaopcpb.org.br\/author\/wallyson\/"},"featured_img":null,"coauthors":[],"tax_additional":{"categories":{"linked":["<a href=\"https:\/\/sindaopcpb.org.br\/envenenamento\/\" class=\"advgb-post-tax-term\">envenenamento<\/a>","<a href=\"https:\/\/sindaopcpb.org.br\/g1\/\" class=\"advgb-post-tax-term\">G1<\/a>","<a href=\"https:\/\/sindaopcpb.org.br\/justica\/\" class=\"advgb-post-tax-term\">Justi\u00e7a<\/a>","<a href=\"https:\/\/sindaopcpb.org.br\/mulher\/\" class=\"advgb-post-tax-term\">Mulher<\/a>","<a href=\"https:\/\/sindaopcpb.org.br\/policial\/\" class=\"advgb-post-tax-term\">Policial<\/a>"],"unlinked":["<span class=\"advgb-post-tax-term\">envenenamento<\/span>","<span class=\"advgb-post-tax-term\">G1<\/span>","<span class=\"advgb-post-tax-term\">Justi\u00e7a<\/span>","<span class=\"advgb-post-tax-term\">Mulher<\/span>","<span class=\"advgb-post-tax-term\">Policial<\/span>"]},"tags":{"linked":["<a href=\"https:\/\/sindaopcpb.org.br\/policial\/\" class=\"advgb-post-tax-term\">g1<\/a>"],"unlinked":["<span class=\"advgb-post-tax-term\">g1<\/span>"]}},"comment_count":"0","relative_dates":{"created":"Publicado 3 anos atr\u00e1s","modified":"Atualizado 3 anos atr\u00e1s"},"absolute_dates":{"created":"Publicado em 28 de agosto de 2023","modified":"Atualizado em 28 de agosto de 2023"},"absolute_dates_time":{"created":"Publicado em 28 de agosto de 2023 18:54","modified":"Atualizado em 28 de agosto de 2023 18:54"},"featured_img_caption":"","series_order":"","_links":{"self":[{"href":"https:\/\/sindaopcpb.org.br\/index.php\/wp-json\/wp\/v2\/posts\/31762","targetHints":{"allow":["GET"]}}],"collection":[{"href":"https:\/\/sindaopcpb.org.br\/index.php\/wp-json\/wp\/v2\/posts"}],"about":[{"href":"https:\/\/sindaopcpb.org.br\/index.php\/wp-json\/wp\/v2\/types\/post"}],"author":[{"embeddable":true,"href":"https:\/\/sindaopcpb.org.br\/index.php\/wp-json\/wp\/v2\/users\/50"}],"replies":[{"embeddable":true,"href":"https:\/\/sindaopcpb.org.br\/index.php\/wp-json\/wp\/v2\/comments?post=31762"}],"version-history":[{"count":1,"href":"https:\/\/sindaopcpb.org.br\/index.php\/wp-json\/wp\/v2\/posts\/31762\/revisions"}],"predecessor-version":[{"id":31763,"href":"https:\/\/sindaopcpb.org.br\/index.php\/wp-json\/wp\/v2\/posts\/31762\/revisions\/31763"}],"wp:attachment":[{"href":"https:\/\/sindaopcpb.org.br\/index.php\/wp-json\/wp\/v2\/media?parent=31762"}],"wp:term":[{"taxonomy":"category","embeddable":true,"href":"https:\/\/sindaopcpb.org.br\/index.php\/wp-json\/wp\/v2\/categories?post=31762"},{"taxonomy":"post_tag","embeddable":true,"href":"https:\/\/sindaopcpb.org.br\/index.php\/wp-json\/wp\/v2\/tags?post=31762"}],"curies":[{"name":"wp","href":"https:\/\/api.w.org\/{rel}","templated":true}]}}