{"id":31760,"date":"2023-08-28T19:04:38","date_gmt":"2023-08-28T22:04:38","guid":{"rendered":"https:\/\/wpa.wscom.com.br\/?p=920187"},"modified":"2023-08-28T19:04:38","modified_gmt":"2023-08-28T22:04:38","slug":"vinicius-junior-e-diagnosticado-com-uma-lesao-no-biceps-femoral-da-perna-direita","status":"publish","type":"post","link":"https:\/\/sindaopcpb.org.br\/index.php\/2023\/08\/28\/vinicius-junior-e-diagnosticado-com-uma-lesao-no-biceps-femoral-da-perna-direita\/","title":{"rendered":"Vin\u00edcius J\u00fanior \u00e9 diagnosticado com uma les\u00e3o no b\u00edceps femoral da perna direita"},"content":{"rendered":"<p>O atacante Vin\u00edcius J\u00fanior, do Real Madrid, foi diagnosticado com uma les\u00e3o no b\u00edceps femoral da perna direita. Embora o jornal As tenha informado que o brasileiro ficaria de fora por cinco semanas, o clube merengue n\u00e3o informou o tempo em que ele ficar\u00e1 fora dos gramados.<\/p>\n<p>De acordo com o portal espanhol, Vini Jr. passou o final de semana descansando e a \u00fanica certeza at\u00e9 aqui \u00e9 que ele ficar\u00e1 de fora da partida do Real Madrid contra o Getafe e dos jogos de eliminat\u00f3rias do Brasil, Bol\u00edvia e Peru.<\/p>\n<p>&nbsp;<\/p>\n<blockquote class=\"twitter-tweet\">\n<p dir=\"ltr\" lang=\"es\">Parte m\u00e9dico de Vini Jr. <a href=\"https:\/\/twitter.com\/hashtag\/RealMadrid?src=hash&amp;ref_src=twsrc%5Etfw\" rel=\"nofollow noopener\" target=\"_blank\">#RealMadrid<\/a><\/p>\n<p>\u2014 Real Madrid C.F. (@realmadrid) <a href=\"https:\/\/twitter.com\/realmadrid\/status\/1696182946196046005?ref_src=twsrc%5Etfw\" rel=\"nofollow noopener\" target=\"_blank\">August 28, 2023<\/a><\/p>\n<\/blockquote>\n<p><script async src=\"https:\/\/platform.twitter.com\/widgets.js\" charset=\"utf-8\"><\/script><\/p>\n<p>&nbsp;<\/p>\n<p>&#8220;Ap\u00f3s os testes realizados no nosso jogador Vini. Jr., pelos Servi\u00e7os M\u00e9dicos do Real Madrid, foi diagnosticada com uma les\u00e3o no m\u00fasculo b\u00edceps femoral direito. Evolu\u00e7\u00e3o pendente.&#8221;, escreveu o Real Madrid.<\/p>\n<p>O problema aconteceu logo no in\u00edcio da vit\u00f3ria por 1 a 0 do Real. Vin\u00edcius partiu em arrancada aos 14 minutos para receber lan\u00e7amento de Camavinga e sentiu a fisgada. De imediato, o brasileiro se sentou no gramado e pediu atendimento m\u00e9dico at\u00e9 ser substitu\u00eddo por Joselu.<\/p>\n<p>De in\u00edcio n\u00e3o parecia ser nada t\u00e3o grave, mas nos \u00faltimos dias a inflama\u00e7\u00e3o permaneceu no local e a dor n\u00e3o diminuiu. Vin\u00edcius J\u00fanior ficar\u00e1 em Madrid tratando de sua primeira les\u00e3o muscular desde que chegou ao clube merengue em 2018.<\/p>\n<p>O brasileiro \u00e9 a terceira baixa importante do Real Madrid na atual temporada. Antes, o clube da capital da Espanha j\u00e1 havia perdido o goleiro Courtois e o zagueiro \u00c9der Milit\u00e3o por les\u00e3o. O time merengue trata com cautela a les\u00e3o de Vini Jr. e n\u00e3o quer precipitar sua volta aos gramados \u2014 a ideia \u00e9 t\u00ea-lo 100% para o cl\u00e1ssico contra o Barcelona no fim de outubro.<\/p>\n<p>O post <a rel=\"nofollow noopener\" href=\"https:\/\/wscom.com.br\/vinicius-junior-e-diagnosticado-com-uma-lesao-no-biceps-femoral-da-perna-direita\/\" target=\"_blank\">Vin\u00edcius J\u00fanior \u00e9 diagnosticado com uma les\u00e3o no b\u00edceps femoral da perna direita<\/a> apareceu primeiro em <a rel=\"nofollow noopener\" href=\"https:\/\/wscom.com.br\/\" target=\"_blank\">WSCOM<\/a>.<\/p>\n","protected":false},"excerpt":{"rendered":"<p>O atacante Vin\u00edcius J\u00fanior, do Real Madrid, foi diagnosticado com uma les\u00e3o no b\u00edceps femoral da perna direita. Embora o jornal As tenha informado que o brasileiro ficaria de fora por cinco semanas, o clube merengue n\u00e3o informou o tempo em que ele ficar\u00e1 fora dos gramados. De acordo com o portal espanhol, Vini Jr. [\u2026]<\/p>\n<p>O post <a rel=\"nofollow\" href=\"https:\/\/wscom.com.br\/vinicius-junior-e-diagnosticado-com-uma-lesao-no-biceps-femoral-da-perna-direita\/\">Vin\u00edcius J\u00fanior \u00e9 diagnosticado com uma les\u00e3o no b\u00edceps femoral da perna direita<\/a> apareceu primeiro em <a rel=\"nofollow\" href=\"https:\/\/wscom.com.br\/\">WSCOM<\/a>.<\/p>\n","protected":false},"author":49,"featured_media":0,"comment_status":"closed","ping_status":"closed","sticky":false,"template":"","format":"standard","meta":{"advgb_blocks_editor_width":"","advgb_blocks_columns_visual_guide":"","footnotes":""},"categories":[207,79,34,1340,8333,3328],"tags":[35],"class_list":["post-31760","post","type-post","status-publish","format-standard","hentry","category-esporte","category-futebol","category-g1","category-lesao","category-real-madrid","category-vini-jr","tag-g1"],"author_meta":{"display_name":"Cristiane Cavalcante","author_link":"https:\/\/sindaopcpb.org.br\/author\/cristiane-cavalcante\/"},"featured_img":null,"coauthors":[],"tax_additional":{"categories":{"linked":["<a href=\"https:\/\/sindaopcpb.org.br\/esporte\/\" class=\"advgb-post-tax-term\">Esporte<\/a>","<a href=\"https:\/\/sindaopcpb.org.br\/futebol\/\" class=\"advgb-post-tax-term\">Futebol<\/a>","<a href=\"https:\/\/sindaopcpb.org.br\/g1\/\" class=\"advgb-post-tax-term\">G1<\/a>","<a href=\"https:\/\/sindaopcpb.org.br\/lesao\/\" class=\"advgb-post-tax-term\">les\u00e3o<\/a>","<a href=\"https:\/\/sindaopcpb.org.br\/real-madrid\/\" class=\"advgb-post-tax-term\">Real Madrid<\/a>","<a href=\"https:\/\/sindaopcpb.org.br\/vini-jr\/\" class=\"advgb-post-tax-term\">vini jr<\/a>"],"unlinked":["<span class=\"advgb-post-tax-term\">Esporte<\/span>","<span class=\"advgb-post-tax-term\">Futebol<\/span>","<span class=\"advgb-post-tax-term\">G1<\/span>","<span class=\"advgb-post-tax-term\">les\u00e3o<\/span>","<span class=\"advgb-post-tax-term\">Real Madrid<\/span>","<span class=\"advgb-post-tax-term\">vini jr<\/span>"]},"tags":{"linked":["<a href=\"https:\/\/sindaopcpb.org.br\/vini-jr\/\" class=\"advgb-post-tax-term\">g1<\/a>"],"unlinked":["<span class=\"advgb-post-tax-term\">g1<\/span>"]}},"comment_count":"0","relative_dates":{"created":"Publicado 3 anos atr\u00e1s","modified":"Atualizado 3 anos atr\u00e1s"},"absolute_dates":{"created":"Publicado em 28 de agosto de 2023","modified":"Atualizado em 28 de agosto de 2023"},"absolute_dates_time":{"created":"Publicado em 28 de agosto de 2023 19:04","modified":"Atualizado em 28 de agosto de 2023 19:04"},"featured_img_caption":"","series_order":"","_links":{"self":[{"href":"https:\/\/sindaopcpb.org.br\/index.php\/wp-json\/wp\/v2\/posts\/31760","targetHints":{"allow":["GET"]}}],"collection":[{"href":"https:\/\/sindaopcpb.org.br\/index.php\/wp-json\/wp\/v2\/posts"}],"about":[{"href":"https:\/\/sindaopcpb.org.br\/index.php\/wp-json\/wp\/v2\/types\/post"}],"author":[{"embeddable":true,"href":"https:\/\/sindaopcpb.org.br\/index.php\/wp-json\/wp\/v2\/users\/49"}],"replies":[{"embeddable":true,"href":"https:\/\/sindaopcpb.org.br\/index.php\/wp-json\/wp\/v2\/comments?post=31760"}],"version-history":[{"count":1,"href":"https:\/\/sindaopcpb.org.br\/index.php\/wp-json\/wp\/v2\/posts\/31760\/revisions"}],"predecessor-version":[{"id":31761,"href":"https:\/\/sindaopcpb.org.br\/index.php\/wp-json\/wp\/v2\/posts\/31760\/revisions\/31761"}],"wp:attachment":[{"href":"https:\/\/sindaopcpb.org.br\/index.php\/wp-json\/wp\/v2\/media?parent=31760"}],"wp:term":[{"taxonomy":"category","embeddable":true,"href":"https:\/\/sindaopcpb.org.br\/index.php\/wp-json\/wp\/v2\/categories?post=31760"},{"taxonomy":"post_tag","embeddable":true,"href":"https:\/\/sindaopcpb.org.br\/index.php\/wp-json\/wp\/v2\/tags?post=31760"}],"curies":[{"name":"wp","href":"https:\/\/api.w.org\/{rel}","templated":true}]}}