{"id":31752,"date":"2023-08-28T18:29:13","date_gmt":"2023-08-28T21:29:13","guid":{"rendered":"https:\/\/wpa.wscom.com.br\/?p=920177"},"modified":"2023-08-28T18:29:13","modified_gmt":"2023-08-28T21:29:13","slug":"mc-cabelinho-faz-homenagem-para-bella-campos-apos-boatos-de-traicao","status":"publish","type":"post","link":"https:\/\/sindaopcpb.org.br\/index.php\/2023\/08\/28\/mc-cabelinho-faz-homenagem-para-bella-campos-apos-boatos-de-traicao\/","title":{"rendered":"MC Cabelinho faz homenagem para Bella Campos ap\u00f3s boatos de trai\u00e7\u00e3o"},"content":{"rendered":"<p><strong>MC Cabelinho<\/strong>, de 27 anos, homenageou Bella Campos, de 25, em show realizado, neste domingo (27), no Qualistage, localizado na Barra da Tijuca, Zona Oeste do Rio.\u00a0Em meio a boatos de que o casal teria se separado ap\u00f3s uma suposta trai\u00e7\u00e3o do cantor, o funkeiro manteve a tradi\u00e7\u00e3o de exibir diversos registros ao lado da atriz enquanto canta a faixa &#8220;Minha Cura&#8221;, can\u00e7\u00e3o dedicada \u00e0 global.<\/p>\n<blockquote class=\"twitter-tweet\" data-width=\"550\" data-dnt=\"true\">\n<p lang=\"pt\" dir=\"ltr\">enquanto isso, cabelinho cantando minha cura no show com a bella no fundo <a href=\"https:\/\/t.co\/pNrDSme6oX\" rel=\"nofollow\">pic.twitter.com\/pNrDSme6oX<\/a><\/p>\n<p>&mdash; milymily (@c4milyssw) <a href=\"https:\/\/twitter.com\/c4milyssw\/status\/1695977124123861318?ref_src=twsrc%5Etfw\" rel=\"nofollow noopener\" target=\"_blank\">August 28, 2023<\/a><\/p>\n<\/blockquote>\n<p><script async src=\"https:\/\/platform.twitter.com\/widgets.js\" charset=\"utf-8\"><\/script><\/p>\n<p>MC Cabelinho dedicou can\u00e7\u00e3o para Bella Campos em show, ap\u00f3s boatos de trai\u00e7\u00e3o e t\u00e9rmino do namoroReprodu\u00e7\u00e3o\/Twitter<br \/>\nPublicidade<\/p>\n<p>Os rumores de que o namoro de Bella e Cabelinho teria chegado ao fim surgiram no \u00faltimo s\u00e1bado, ap\u00f3s uma p\u00e1gina de fofocas no Instagram\u00a0afirmar que o cantor teria sido visto saindo de um hotel em Belo Horizonte, Minas Gerais, acompanhado por uma mulher loira.<\/p>\n<p>O post <a rel=\"nofollow noopener\" href=\"https:\/\/wscom.com.br\/mc-cabelinho-faz-homenagem-para-bella-campos-apos-boatos-de-traicao\/\" target=\"_blank\">MC Cabelinho faz homenagem para Bella Campos ap\u00f3s boatos de trai\u00e7\u00e3o<\/a> apareceu primeiro em <a rel=\"nofollow noopener\" href=\"https:\/\/wscom.com.br\/\" target=\"_blank\">WSCOM<\/a>.<\/p>\n","protected":false},"excerpt":{"rendered":"<p>MC Cabelinho, de 27 anos, homenageou Bella Campos, de 25, em show realizado, neste domingo (27), no Qualistage, localizado na Barra da Tijuca, Zona Oeste do Rio.\u00a0Em meio a boatos de que o casal teria se separado ap\u00f3s uma suposta trai\u00e7\u00e3o do cantor, o funkeiro manteve a tradi\u00e7\u00e3o de exibir diversos registros ao lado da [\u2026]<\/p>\n<p>O post <a rel=\"nofollow\" href=\"https:\/\/wscom.com.br\/mc-cabelinho-faz-homenagem-para-bella-campos-apos-boatos-de-traicao\/\">MC Cabelinho faz homenagem para Bella Campos ap\u00f3s boatos de trai\u00e7\u00e3o<\/a> apareceu primeiro em <a rel=\"nofollow\" href=\"https:\/\/wscom.com.br\/\">WSCOM<\/a>.<\/p>\n","protected":false},"author":50,"featured_media":0,"comment_status":"closed","ping_status":"closed","sticky":false,"template":"","format":"standard","meta":{"advgb_blocks_editor_width":"","advgb_blocks_columns_visual_guide":"","footnotes":""},"categories":[8328,436,34,2560],"tags":[35],"class_list":["post-31752","post","type-post","status-publish","format-standard","hentry","category-cabelinho","category-celebridades","category-g1","category-traicao","tag-g1"],"author_meta":{"display_name":"Wallyson","author_link":"https:\/\/sindaopcpb.org.br\/author\/wallyson\/"},"featured_img":null,"coauthors":[],"tax_additional":{"categories":{"linked":["<a href=\"https:\/\/sindaopcpb.org.br\/cabelinho\/\" class=\"advgb-post-tax-term\">cabelinho<\/a>","<a href=\"https:\/\/sindaopcpb.org.br\/celebridades\/\" class=\"advgb-post-tax-term\">Celebridades<\/a>","<a href=\"https:\/\/sindaopcpb.org.br\/g1\/\" class=\"advgb-post-tax-term\">G1<\/a>","<a href=\"https:\/\/sindaopcpb.org.br\/traicao\/\" class=\"advgb-post-tax-term\">trai\u00e7\u00e3o<\/a>"],"unlinked":["<span class=\"advgb-post-tax-term\">cabelinho<\/span>","<span class=\"advgb-post-tax-term\">Celebridades<\/span>","<span class=\"advgb-post-tax-term\">G1<\/span>","<span class=\"advgb-post-tax-term\">trai\u00e7\u00e3o<\/span>"]},"tags":{"linked":["<a href=\"https:\/\/sindaopcpb.org.br\/traicao\/\" class=\"advgb-post-tax-term\">g1<\/a>"],"unlinked":["<span class=\"advgb-post-tax-term\">g1<\/span>"]}},"comment_count":"0","relative_dates":{"created":"Publicado 3 anos atr\u00e1s","modified":"Atualizado 3 anos atr\u00e1s"},"absolute_dates":{"created":"Publicado em 28 de agosto de 2023","modified":"Atualizado em 28 de agosto de 2023"},"absolute_dates_time":{"created":"Publicado em 28 de agosto de 2023 18:29","modified":"Atualizado em 28 de agosto de 2023 18:29"},"featured_img_caption":"","series_order":"","_links":{"self":[{"href":"https:\/\/sindaopcpb.org.br\/index.php\/wp-json\/wp\/v2\/posts\/31752","targetHints":{"allow":["GET"]}}],"collection":[{"href":"https:\/\/sindaopcpb.org.br\/index.php\/wp-json\/wp\/v2\/posts"}],"about":[{"href":"https:\/\/sindaopcpb.org.br\/index.php\/wp-json\/wp\/v2\/types\/post"}],"author":[{"embeddable":true,"href":"https:\/\/sindaopcpb.org.br\/index.php\/wp-json\/wp\/v2\/users\/50"}],"replies":[{"embeddable":true,"href":"https:\/\/sindaopcpb.org.br\/index.php\/wp-json\/wp\/v2\/comments?post=31752"}],"version-history":[{"count":1,"href":"https:\/\/sindaopcpb.org.br\/index.php\/wp-json\/wp\/v2\/posts\/31752\/revisions"}],"predecessor-version":[{"id":31753,"href":"https:\/\/sindaopcpb.org.br\/index.php\/wp-json\/wp\/v2\/posts\/31752\/revisions\/31753"}],"wp:attachment":[{"href":"https:\/\/sindaopcpb.org.br\/index.php\/wp-json\/wp\/v2\/media?parent=31752"}],"wp:term":[{"taxonomy":"category","embeddable":true,"href":"https:\/\/sindaopcpb.org.br\/index.php\/wp-json\/wp\/v2\/categories?post=31752"},{"taxonomy":"post_tag","embeddable":true,"href":"https:\/\/sindaopcpb.org.br\/index.php\/wp-json\/wp\/v2\/tags?post=31752"}],"curies":[{"name":"wp","href":"https:\/\/api.w.org\/{rel}","templated":true}]}}