{"id":31723,"date":"2023-08-28T16:39:41","date_gmt":"2023-08-28T19:39:41","guid":{"rendered":"https:\/\/wpa.wscom.com.br\/?p=920145"},"modified":"2023-08-28T16:39:41","modified_gmt":"2023-08-28T19:39:41","slug":"festival-centro-em-cena-tera-apresentacoes-de-alcione-carlinhos-de-jesus-herson-capri-e-artistas-locais","status":"publish","type":"post","link":"https:\/\/sindaopcpb.org.br\/index.php\/2023\/08\/28\/festival-centro-em-cena-tera-apresentacoes-de-alcione-carlinhos-de-jesus-herson-capri-e-artistas-locais\/","title":{"rendered":"Festival \u2018Centro em Cena\u2019 ter\u00e1 apresenta\u00e7\u00f5es de Alcione, Carlinhos de Jesus, Herson Capri e artistas locais"},"content":{"rendered":"<p>Uma programa\u00e7\u00e3o gratuita com m\u00fasica, teatro, dan\u00e7a, circo, oficinas e outros elementos culturais est\u00e3o na sexta edi\u00e7\u00e3o do Festival \u2018Centro em Cena\u2019, lan\u00e7ado, na tarde desta segunda-feira (28), pelo prefeito C\u00edcero Lucena. O evento ser\u00e1 realizado pela Prefeitura de Jo\u00e3o Pessoa, de 15 a 20 de setembro, no Centro Hist\u00f3rico da Capital, reunindo atra\u00e7\u00f5es como a cantora Alcione, o ator Herson Capri e o dan\u00e7arino Carlinhos de Jesus, e dando visibilidade, tamb\u00e9m, para artistas locais.<\/p>\n<p>A solenidade de lan\u00e7amento aconteceu no audit\u00f3rio do Centro Administrativo Municipal (CAM), em \u00c1gua Fria. \u201c\u00c9 um resgate da cultura pessoense e paraibana, fazendo interc\u00e2mbio com artistas nacionais, a oportunidade para atividades locais, no Centro Hist\u00f3rico, que faz parte do nosso projeto de dar vida aquele espa\u00e7o. Isso vai estimular novos talentos e proporcionar lazer para a popula\u00e7\u00e3o\u201d, afirmou o prefeito.<\/p>\n<p>O Centro em Cena, que tem investimento de R$ 400 mil, ir\u00e1 percorrer v\u00e1rios locais hist\u00f3ricos do Centro da Capital, como pr\u00e9dios, igrejas e espa\u00e7os p\u00fablicos \u2013 um ambiente prop\u00edcio para as mais diversas manifesta\u00e7\u00f5es art\u00edsticas e da cultura. A abertura ter\u00e1 apresenta\u00e7\u00e3o da cantora Alcione, no Parque Solon de Lucena, com participa\u00e7\u00e3o da Companhia Municipal de Dan\u00e7a, do dan\u00e7arino Carlinhos de Jesus e da Orquestra Sinf\u00f4nica Municipal.<\/p>\n<p>O diretor executivo da Funda\u00e7\u00e3o Cultural (Funjope), Marcus Alves, disse que o evento ser\u00e1 um elemento a mais naquilo que a Prefeitura j\u00e1 prop\u00f5e no \u00e2mbito de eventos culturais no Centro. \u201cJ\u00e1 realizamos shows na Casa da P\u00f3lvora, Hotel Globo, Casar\u00e3o 34, Museu de S\u00e3o Francisco. O Centro em Cena vai aprofundar essa movimenta\u00e7\u00e3o no Centro, criando um roteiro cultural e tur\u00edstico na cidade. Durante o per\u00edodo de oito dias, n\u00f3s vamos trazer atividades culturais das mais diversas express\u00f5es art\u00edsticas, colaborando com a cena local\u201d, destacou.<\/p>\n<p>A professora de dan\u00e7a e produtora, Lua Camboat\u00e1, lembrou que a programa\u00e7\u00e3o contempla cultura popular, segmento importante para estar inserido num evento com atra\u00e7\u00f5es variadas. \u201cO C\u00f4co dos Tupinamb\u00e1s, um grupo que eu tenho acesso, as Calungas \u2013 dois grupos sendo representantes. Tem a quest\u00e3o do erudito ao popular, que vai movimentar ainda mais um espa\u00e7o que j\u00e1 acontece bastante coisa\u201d, observou.<\/p>\n<figure class=\"wp-block-image size-large\"><img decoding=\"async\" loading=\"lazy\" class=\"wp-image-323755\" src=\"https:\/\/www.joaopessoa.pb.gov.br\/wp-content\/uploads\/2023\/08\/WhatsApp-Image-2023-08-28-at-15.31.44-1024x682.jpeg\" sizes=\"auto, (max-width: 1024px) 100vw, 1024px\" srcset=\"https:\/\/www.joaopessoa.pb.gov.br\/wp-content\/uploads\/2023\/08\/WhatsApp-Image-2023-08-28-at-15.31.44-1024x682.jpeg 1024w, https:\/\/www.joaopessoa.pb.gov.br\/wp-content\/uploads\/2023\/08\/WhatsApp-Image-2023-08-28-at-15.31.44-768x512.jpeg 768w, https:\/\/www.joaopessoa.pb.gov.br\/wp-content\/uploads\/2023\/08\/WhatsApp-Image-2023-08-28-at-15.31.44-1536x1023.jpeg 1536w, https:\/\/www.joaopessoa.pb.gov.br\/wp-content\/uploads\/2023\/08\/WhatsApp-Image-2023-08-28-at-15.31.44-600x400.jpeg 600w, https:\/\/www.joaopessoa.pb.gov.br\/wp-content\/uploads\/2023\/08\/WhatsApp-Image-2023-08-28-at-15.31.44.jpeg 1600w\" alt=\"\" width=\"1024\" height=\"682\" data-id=\"323755\" title=\"\"><\/figure>\n<figure class=\"wp-block-image size-large\"><img decoding=\"async\" loading=\"lazy\" class=\"wp-image-323754\" src=\"https:\/\/www.joaopessoa.pb.gov.br\/wp-content\/uploads\/2023\/08\/WhatsApp-Image-2023-08-28-at-15.31.45-1-1024x682.jpeg\" sizes=\"auto, (max-width: 1024px) 100vw, 1024px\" srcset=\"https:\/\/www.joaopessoa.pb.gov.br\/wp-content\/uploads\/2023\/08\/WhatsApp-Image-2023-08-28-at-15.31.45-1-1024x682.jpeg 1024w, https:\/\/www.joaopessoa.pb.gov.br\/wp-content\/uploads\/2023\/08\/WhatsApp-Image-2023-08-28-at-15.31.45-1-768x512.jpeg 768w, https:\/\/www.joaopessoa.pb.gov.br\/wp-content\/uploads\/2023\/08\/WhatsApp-Image-2023-08-28-at-15.31.45-1-1536x1023.jpeg 1536w, https:\/\/www.joaopessoa.pb.gov.br\/wp-content\/uploads\/2023\/08\/WhatsApp-Image-2023-08-28-at-15.31.45-1-600x400.jpeg 600w, https:\/\/www.joaopessoa.pb.gov.br\/wp-content\/uploads\/2023\/08\/WhatsApp-Image-2023-08-28-at-15.31.45-1.jpeg 1600w\" alt=\"\" width=\"1024\" height=\"682\" data-id=\"323754\" title=\"\"><\/figure>\n<figure class=\"wp-block-image size-large\">\n<figure class=\"wp-block-image size-large\"><img decoding=\"async\" loading=\"lazy\" class=\"wp-image-323758\" src=\"https:\/\/www.joaopessoa.pb.gov.br\/wp-content\/uploads\/2023\/08\/WhatsApp-Image-2023-08-28-at-15.31.45-1024x682.jpeg\" sizes=\"auto, (max-width: 1024px) 100vw, 1024px\" srcset=\"https:\/\/www.joaopessoa.pb.gov.br\/wp-content\/uploads\/2023\/08\/WhatsApp-Image-2023-08-28-at-15.31.45-1024x682.jpeg 1024w, https:\/\/www.joaopessoa.pb.gov.br\/wp-content\/uploads\/2023\/08\/WhatsApp-Image-2023-08-28-at-15.31.45-768x512.jpeg 768w, https:\/\/www.joaopessoa.pb.gov.br\/wp-content\/uploads\/2023\/08\/WhatsApp-Image-2023-08-28-at-15.31.45-1536x1023.jpeg 1536w, https:\/\/www.joaopessoa.pb.gov.br\/wp-content\/uploads\/2023\/08\/WhatsApp-Image-2023-08-28-at-15.31.45-600x400.jpeg 600w, https:\/\/www.joaopessoa.pb.gov.br\/wp-content\/uploads\/2023\/08\/WhatsApp-Image-2023-08-28-at-15.31.45.jpeg 1600w\" alt=\"\" width=\"1024\" height=\"682\" data-id=\"323758\" title=\"\"><\/figure>\n<figure class=\"wp-block-image size-large\"><img decoding=\"async\" loading=\"lazy\" class=\"wp-image-323756\" src=\"https:\/\/www.joaopessoa.pb.gov.br\/wp-content\/uploads\/2023\/08\/WhatsApp-Image-2023-08-28-at-15.31.46-1024x682.jpeg\" sizes=\"auto, (max-width: 1024px) 100vw, 1024px\" srcset=\"https:\/\/www.joaopessoa.pb.gov.br\/wp-content\/uploads\/2023\/08\/WhatsApp-Image-2023-08-28-at-15.31.46-1024x682.jpeg 1024w, https:\/\/www.joaopessoa.pb.gov.br\/wp-content\/uploads\/2023\/08\/WhatsApp-Image-2023-08-28-at-15.31.46-768x512.jpeg 768w, https:\/\/www.joaopessoa.pb.gov.br\/wp-content\/uploads\/2023\/08\/WhatsApp-Image-2023-08-28-at-15.31.46-1536x1023.jpeg 1536w, https:\/\/www.joaopessoa.pb.gov.br\/wp-content\/uploads\/2023\/08\/WhatsApp-Image-2023-08-28-at-15.31.46-600x400.jpeg 600w, https:\/\/www.joaopessoa.pb.gov.br\/wp-content\/uploads\/2023\/08\/WhatsApp-Image-2023-08-28-at-15.31.46.jpeg 1600w\" alt=\"\" width=\"1024\" height=\"682\" data-id=\"323756\" title=\"\"><\/figure>\n<figure class=\"wp-block-image size-large\"><img decoding=\"async\" loading=\"lazy\" class=\"wp-image-323757\" src=\"https:\/\/www.joaopessoa.pb.gov.br\/wp-content\/uploads\/2023\/08\/WhatsApp-Image-2023-08-28-at-15.31.46-1-1024x682.jpeg\" sizes=\"auto, (max-width: 1024px) 100vw, 1024px\" srcset=\"https:\/\/www.joaopessoa.pb.gov.br\/wp-content\/uploads\/2023\/08\/WhatsApp-Image-2023-08-28-at-15.31.46-1-1024x682.jpeg 1024w, https:\/\/www.joaopessoa.pb.gov.br\/wp-content\/uploads\/2023\/08\/WhatsApp-Image-2023-08-28-at-15.31.46-1-768x512.jpeg 768w, https:\/\/www.joaopessoa.pb.gov.br\/wp-content\/uploads\/2023\/08\/WhatsApp-Image-2023-08-28-at-15.31.46-1-1536x1023.jpeg 1536w, https:\/\/www.joaopessoa.pb.gov.br\/wp-content\/uploads\/2023\/08\/WhatsApp-Image-2023-08-28-at-15.31.46-1-600x400.jpeg 600w, https:\/\/www.joaopessoa.pb.gov.br\/wp-content\/uploads\/2023\/08\/WhatsApp-Image-2023-08-28-at-15.31.46-1.jpeg 1600w\" alt=\"\" width=\"1024\" height=\"682\" data-id=\"323757\" title=\"\"><\/figure>\n<\/figure>\n<figure class=\"wp-block-gallery has-nested-images columns-default is-cropped wp-block-gallery-3 is-layout-flex\">\n<figure class=\"wp-block-image size-large\"><\/figure>\n<\/figure>\n<p><strong>Confira a programa\u00e7\u00e3o completa:<\/strong><\/p>\n<p><strong>15\/09 \u2013 Parque Solon de Lucena, a partir das 19h:<\/strong><\/p>\n<p>\u2013 Show da cantora Alcione, com a Orquestra Sinf\u00f4nica Municipal, Companhia Municipal de Dan\u00e7a e a participa\u00e7\u00e3o de Carlinhos de Jesus<\/p>\n<p><strong>15 a 20\/09 \u2013 Exposi\u00e7\u00f5es art\u00edsticas na Casa da P\u00f3lvora e Hotel Globo<\/strong><\/p>\n<p><strong>16\/09 \u2013 Hotel Globo, a partir das 16h:<\/strong><\/p>\n<p>\u2013 Guegu\u00e9 Medeiros e Salom\u00e3o Soares \u2013 SP, lan\u00e7ando o CD Bai\u00e3o de Dois<\/p>\n<p><strong>16 e 17\/09 \u2013 Teatro Santa Rosa, a partir das 20h:<\/strong><\/p>\n<p>\u2013 Grupo de Teatro Kair\u00f3s, da Escola Municipal Pedro Serr\u00e3o<\/p>\n<p>\u2013 Espet\u00e1culo A Vela, com Herson Capri<\/p>\n<p><strong>17\/09 \u2013 Hotel Globo, a partir das 10h:<\/strong><\/p>\n<p>\u2013 Workshop com Guegu\u00e9 Medeiros e Salom\u00e3o Soares \u2013 SP<\/p>\n<p><strong>17\/09 \u2013 Largo de S\u00e3o Frei Pedro Gon\u00e7alves, a partir das 16h:<\/strong><\/p>\n<p>\u2013 Lona de Circo \u2013 apresenta\u00e7\u00e3o do Circo Montagem<\/p>\n<p>\u2013 Grupo As Calungas (cortejo pelo Centro Hist\u00f3rico)<\/p>\n<p><strong>17\/09 \u2013 Teatro Santa Rosa, a partir das 20h:<\/strong><\/p>\n<p>\u2013 Bate Papo com Herson Capri<\/p>\n<p><strong>18\/09 \u2013 Centro Cultural S\u00e3o Francisco, a partir das 14h:<\/strong><\/p>\n<p>\u2013 Mostra liter\u00e1ria (cordel, palestra e lan\u00e7amento de livros)<\/p>\n<p>\u2013 Cia Bigorna de teatro \u2013 homenagem aos 80 anos de Fernando Teixeira<\/p>\n<p><strong>18\/09 \u2013 Teatro Santa Rosa, a partir das 19h:<\/strong><\/p>\n<p>\u2013 Coletivo Tribo Ethos<\/p>\n<p>\u2013 Curitiba Companhia de Dan\u00e7a<\/p>\n<p><strong>18\/09 \u2013 Casa da P\u00f3lvora, a partir das 15h:<\/strong><\/p>\n<p>\u2013 Festival de Performance Art\u00edstica<\/p>\n<p><strong>18\/09 \u2013 Largo de S\u00e3o Frei Pedro Gon\u00e7alves, a partir das 16h:<\/strong><\/p>\n<p>\u2013 Grupo de Idosos Din\u00e2mico Cultural<\/p>\n<p>\u2013 C\u00f4co de Rosa e Ciranda dos Tupinamb\u00e1s<\/p>\n<p>\u2013 Grupo Sementes Paraibanas<\/p>\n<p><strong>19\/09 \u2013 Teatro Santa Rosa, a partir das 19h:<\/strong><\/p>\n<p>\u2013 Companhia Municipal de Dan\u00e7a<\/p>\n<p>\u2013 Ballet do Teatro Gua\u00edra (Curitiba-PR)<\/p>\n<p><strong>19\/09 \u2013 Igrejas do Centro Hist\u00f3rico, a partir das 16h:<\/strong><\/p>\n<p>Igreja da Miseric\u00f3rdia, Igreja do Carmo e Catedral Metropolitana<\/p>\n<p>\u2013 Quinteto de Metais da Banda 5 de Agosto e grupos musicais da Secretaria de Educa\u00e7\u00e3o e Cultura (Sedec)<\/p>\n<p><strong>20\/09 \u2013 Casa da P\u00f3lvora, a partir das 17h:<\/strong><\/p>\n<p>Encerramento<\/p>\n<p>\u2013 Electro Bromance e Banda Cabru\u00eara<\/p>\n<p>O post <a rel=\"nofollow noopener\" href=\"https:\/\/wscom.com.br\/festival-centro-em-cena-tera-apresentacoes-de-alcione-carlinhos-de-jesus-herson-capri-e-artistas-locais\/\" target=\"_blank\">Festival \u2018Centro em Cena\u2019 ter\u00e1 apresenta\u00e7\u00f5es de Alcione, Carlinhos de Jesus, Herson Capri e artistas locais<\/a> apareceu primeiro em <a rel=\"nofollow noopener\" href=\"https:\/\/wscom.com.br\/\" target=\"_blank\">WSCOM<\/a>.<\/p>\n","protected":false},"excerpt":{"rendered":"<p>Uma programa\u00e7\u00e3o gratuita com m\u00fasica, teatro, dan\u00e7a, circo, oficinas e outros elementos culturais est\u00e3o na sexta edi\u00e7\u00e3o do Festival \u2018Centro em Cena\u2019, lan\u00e7ado, na tarde desta segunda-feira (28), pelo prefeito C\u00edcero Lucena. O evento ser\u00e1 realizado pela Prefeitura de Jo\u00e3o Pessoa, de 15 a 20 de setembro, no Centro Hist\u00f3rico da Capital, reunindo atra\u00e7\u00f5es como [\u2026]<\/p>\n<p>O post <a rel=\"nofollow\" href=\"https:\/\/wscom.com.br\/festival-centro-em-cena-tera-apresentacoes-de-alcione-carlinhos-de-jesus-herson-capri-e-artistas-locais\/\">Festival \u2018Centro em Cena\u2019 ter\u00e1 apresenta\u00e7\u00f5es de Alcione, Carlinhos de Jesus, Herson Capri e artistas locais<\/a> apareceu primeiro em <a rel=\"nofollow\" href=\"https:\/\/wscom.com.br\/\">WSCOM<\/a>.<\/p>\n","protected":false},"author":49,"featured_media":0,"comment_status":"closed","ping_status":"closed","sticky":false,"template":"","format":"standard","meta":{"advgb_blocks_editor_width":"","advgb_blocks_columns_visual_guide":"","footnotes":""},"categories":[7569,8319,8320,722,170,8321,34,8322,71],"tags":[35],"class_list":["post-31723","post","type-post","status-publish","format-standard","hentry","category-alcione","category-artistas-locais","category-carlinhos-de-jesus","category-centro-historico","category-cultura","category-festival-centro-em-cena","category-g1","category-herson-capri","category-joao-pessoa","tag-g1"],"author_meta":{"display_name":"Cristiane Cavalcante","author_link":"https:\/\/sindaopcpb.org.br\/author\/cristiane-cavalcante\/"},"featured_img":null,"coauthors":[],"tax_additional":{"categories":{"linked":["<a href=\"https:\/\/sindaopcpb.org.br\/alcione\/\" class=\"advgb-post-tax-term\">alcione<\/a>","<a href=\"https:\/\/sindaopcpb.org.br\/artistas-locais\/\" class=\"advgb-post-tax-term\">artistas locais<\/a>","<a href=\"https:\/\/sindaopcpb.org.br\/carlinhos-de-jesus\/\" class=\"advgb-post-tax-term\">Carlinhos de Jesus<\/a>","<a href=\"https:\/\/sindaopcpb.org.br\/centro-historico\/\" class=\"advgb-post-tax-term\">Centro Hist\u00f3rico<\/a>","<a href=\"https:\/\/sindaopcpb.org.br\/cultura\/\" class=\"advgb-post-tax-term\">Cultura<\/a>","<a href=\"https:\/\/sindaopcpb.org.br\/festival-centro-em-cena\/\" class=\"advgb-post-tax-term\">Festival \u2018Centro em Cena\u2019<\/a>","<a href=\"https:\/\/sindaopcpb.org.br\/g1\/\" class=\"advgb-post-tax-term\">G1<\/a>","<a href=\"https:\/\/sindaopcpb.org.br\/herson-capri\/\" class=\"advgb-post-tax-term\">Herson Capri<\/a>","<a href=\"https:\/\/sindaopcpb.org.br\/joao-pessoa\/\" class=\"advgb-post-tax-term\">Jo\u00e3o Pessoa<\/a>"],"unlinked":["<span class=\"advgb-post-tax-term\">alcione<\/span>","<span class=\"advgb-post-tax-term\">artistas locais<\/span>","<span class=\"advgb-post-tax-term\">Carlinhos de Jesus<\/span>","<span class=\"advgb-post-tax-term\">Centro Hist\u00f3rico<\/span>","<span class=\"advgb-post-tax-term\">Cultura<\/span>","<span class=\"advgb-post-tax-term\">Festival \u2018Centro em Cena\u2019<\/span>","<span class=\"advgb-post-tax-term\">G1<\/span>","<span class=\"advgb-post-tax-term\">Herson Capri<\/span>","<span class=\"advgb-post-tax-term\">Jo\u00e3o Pessoa<\/span>"]},"tags":{"linked":["<a href=\"https:\/\/sindaopcpb.org.br\/joao-pessoa\/\" class=\"advgb-post-tax-term\">g1<\/a>"],"unlinked":["<span class=\"advgb-post-tax-term\">g1<\/span>"]}},"comment_count":"0","relative_dates":{"created":"Publicado 3 anos atr\u00e1s","modified":"Atualizado 3 anos atr\u00e1s"},"absolute_dates":{"created":"Publicado em 28 de agosto de 2023","modified":"Atualizado em 28 de agosto de 2023"},"absolute_dates_time":{"created":"Publicado em 28 de agosto de 2023 16:39","modified":"Atualizado em 28 de agosto de 2023 16:39"},"featured_img_caption":"","series_order":"","_links":{"self":[{"href":"https:\/\/sindaopcpb.org.br\/index.php\/wp-json\/wp\/v2\/posts\/31723","targetHints":{"allow":["GET"]}}],"collection":[{"href":"https:\/\/sindaopcpb.org.br\/index.php\/wp-json\/wp\/v2\/posts"}],"about":[{"href":"https:\/\/sindaopcpb.org.br\/index.php\/wp-json\/wp\/v2\/types\/post"}],"author":[{"embeddable":true,"href":"https:\/\/sindaopcpb.org.br\/index.php\/wp-json\/wp\/v2\/users\/49"}],"replies":[{"embeddable":true,"href":"https:\/\/sindaopcpb.org.br\/index.php\/wp-json\/wp\/v2\/comments?post=31723"}],"version-history":[{"count":1,"href":"https:\/\/sindaopcpb.org.br\/index.php\/wp-json\/wp\/v2\/posts\/31723\/revisions"}],"predecessor-version":[{"id":31724,"href":"https:\/\/sindaopcpb.org.br\/index.php\/wp-json\/wp\/v2\/posts\/31723\/revisions\/31724"}],"wp:attachment":[{"href":"https:\/\/sindaopcpb.org.br\/index.php\/wp-json\/wp\/v2\/media?parent=31723"}],"wp:term":[{"taxonomy":"category","embeddable":true,"href":"https:\/\/sindaopcpb.org.br\/index.php\/wp-json\/wp\/v2\/categories?post=31723"},{"taxonomy":"post_tag","embeddable":true,"href":"https:\/\/sindaopcpb.org.br\/index.php\/wp-json\/wp\/v2\/tags?post=31723"}],"curies":[{"name":"wp","href":"https:\/\/api.w.org\/{rel}","templated":true}]}}