{"id":31708,"date":"2023-08-28T15:24:46","date_gmt":"2023-08-28T18:24:46","guid":{"rendered":"https:\/\/wpa.wscom.com.br\/?p=920142"},"modified":"2023-08-28T15:24:46","modified_gmt":"2023-08-28T18:24:46","slug":"concerto-da-orquestra-sinfonica-da-paraiba-tem-musicas-de-carlos-gomes-haydn-e-beethoven","status":"publish","type":"post","link":"https:\/\/sindaopcpb.org.br\/index.php\/2023\/08\/28\/concerto-da-orquestra-sinfonica-da-paraiba-tem-musicas-de-carlos-gomes-haydn-e-beethoven\/","title":{"rendered":"Concerto da Orquestra Sinf\u00f4nica da Para\u00edba tem m\u00fasicas de Carlos Gomes, Haydn e Beethoven"},"content":{"rendered":"<p>A 5\u00aa Sinfonia de Beethoven \u00e9 o destaque do concerto, desta quinta-feira (31), da Orquestra Sinf\u00f4nica da Para\u00edba, que ter\u00e1 ainda composi\u00e7\u00f5es de Carlos Gomes e Haydn. Com reg\u00eancia do maestro Gustavo de Paco de Gea, este 5\u00ba concerto oficial da temporada 2023 tamb\u00e9m ter\u00e1 a participa\u00e7\u00e3o do pianista paraibano Artur Souza como solista. A apresenta\u00e7\u00e3o come\u00e7a \u00e0s 20h30, na Sala de Concertos Maestro Jos\u00e9 Siqueira, no Espa\u00e7o Cultural, com entrada gratuita.<\/p>\n<p>A obra mais conhecida do compositor brasileiro Carlos Gomes vai iniciar o concerto. \u00c9 a abertura da \u00f3pera \u201cO Guarani\u201d, baseada no livro hom\u00f4nimo de Jos\u00e9 de Alencar, e que foi o primeiro sucesso de uma obra musical brasileira no exterior. Nascido em Campinas, S\u00e3o Paulo, Ant\u00f4nio Carlos Gomes foi o mais importante compositor de \u00f3pera brasileiro e destacou-se pelo estilo rom\u00e2ntico, com o qual obteve carreira de destaque na Europa.<\/p>\n<p>Em seguida, a orquestra vai executar, com o pianista Artur Souza como solista, o \u201cConcerto para Piano em R\u00e9 Maior\u201d, do austr\u00edaco Joseph Haydn, um dos mais importantes compositores do per\u00edodo cl\u00e1ssico. O concerto ser\u00e1 encerrado com a \u201cSinfonia n\u00ba 5 em d\u00f3 menor\u201d, do compositor alem\u00e3o Ludwig van Beethoven, considerado um dos pilares da\u00a0m\u00fasica ocidental.<\/p>\n<p>\u201cO concerto vai iniciar com a obra mais famosa, a primeira famosa do Brasil, que \u00e9 a abertura da \u00f3pera O Guarani, de Carlos Gomes\u201d, destacou o maestro Gustavo de Paco de Gea. \u201c\u00c9 uma obra que estamos acostumados a escutar em outro contexto, como Na Voz do Brasil [programa] ou nas comemora\u00e7\u00f5es nacionais, mas eu vou fazer em um contexto de concerto, um formato de concerto, iniciando como uma abertura de \u00f3pera, como realmente \u00e9. Uma obra maravilhosa, que merece ser tocada num concerto com todo detalhe e com toda a qualidade, e merece ser escutada pelo povo de todas as idades\u201d, refor\u00e7ou.<\/p>\n<p>O maestro ressaltou a participa\u00e7\u00e3o do solista nesse concerto. \u201cA segunda pe\u00e7a n\u00f3s faremos um concerto de Haydn, em r\u00e9 maior, para piano e orquestra, e n\u00f3s teremos a alegria de acompanhar Arthur Souza, um jovem pianista que vai seguramente fazer uma performance muito bonita, inesquec\u00edvel para ele e para todos n\u00f3s\u201d.<\/p>\n<p>\u201cE depois ter\u00e1 a quinta de Beethoven\u201d, explicou Gustavo de Paco. \u201c\u00c9 com certeza a mais popular, a mais conhecida, tanto que os primeiros compassos dessa quinta sinfonia foram usados at\u00e9 em rock, em filmes. Todo mundo conhece o famoso \u2018tchan, tchan, tchan, tchan\u2019, mas ela n\u00e3o \u00e9 s\u00f3 isso. A sinfonia tem uma dura\u00e7\u00e3o de 31 minutos e \u00e9 fant\u00e1stica. O in\u00edcio \u00e9 caracter\u00edstico, mas o belo mesmo \u00e9 no decorrer da sinfonia, que \u00e9 uma sinfonia especial, e foi feita quando Beethoven j\u00e1 estava bem delineado no tipo de compositor que ele era, praticamente um inovador na \u00e9poca. Ent\u00e3o, esse vai ser nosso grande concerto do dia 31 e eu espero que todos fiquem felizes\u201d, finalizou o maestro.<\/p>\n<p>O pianista Artur Souza vai solar pela primeira vez com a Orquestra Sinf\u00f4nica da Para\u00edba. \u201cA expectativa que eu tenho para o concerto \u00e9 a melhor poss\u00edvel. Vai ser o meu primeiro solo, ent\u00e3o \u00e9 uma oportunidade \u00fanica e muito importante para minha carreira como m\u00fasico, como pianista. Solar como pianista integrante da orquestra \u00e9 algo ainda mais gratificante para mim. Meu objetivo sempre \u00e9 fazer m\u00fasica de verdade e passar sentimentos que tamb\u00e9m est\u00e3o no meu cora\u00e7\u00e3o para as pessoas, que a gente possa transmitir isso ao p\u00fablico e divertir o pessoal. S\u00f3 tenho a agradecer a Deus e \u00e0s pessoas que me ajudaram a chegar at\u00e9 aqui\u201d, comemorou.<\/p>\n<p><b>O solista<\/b><\/p>\n<p>Atual pianista da Orquestra Sinf\u00f4nica da Para\u00edba (OSPB), Artur Souza \u00e9 Natural de Picu\u00ed, cidade do interior da Para\u00edba. Iniciou seus estudos musicais aos 15 anos, na igreja, inicialmente tocando teclado. Come\u00e7ou a estudar piano erudito atrav\u00e9s do Prima (Programa de Inclus\u00e3o Atrav\u00e9s da M\u00fasica e das Artes), incentivado pelo maestro e professor Edmilson Falc\u00e3o e pela professora Jos\u00e9lia Viera. Em 2019, ingressou no curso de licenciatura em M\u00fasica na Universidade Federal da Para\u00edba (UFPB), orientado pela professora Jos\u00e9lia Viera e, atualmente, pelo professor Jos\u00e9 Henrique Martins.<\/p>\n<p>&nbsp;<\/p>\n<p><img decoding=\"async\" src=\"https:\/\/paraiba.pb.gov.br\/noticias\/concerto-da-orquestra-sinfonica-da-paraiba-tem-musicas-de-carlos-gomes-haydn-e-beethoven\/artur-souza_pianista_divulgacao1.jpg\/@@images\/bb6e6ecd-af92-4b07-8b38-ab72c358be07.jpeg\" alt=\"artur souza_pianista_divulga\u00e7\u00e3o1.jpg\" title=\"\"><\/p>\n<p>&nbsp;<\/p>\n<p>J\u00e1 participou de masterclasses com pianistas e professores renomados, como: David Korevaar, Lena Johnson, Yannick Rafalimanana, David Witten, Solungga Liu, Luciana Noda, Lucas Bojikian, Gustavo Pontes e Dilson Flor\u00eancio e Luiz Gustavo Carvalho. Atualmente tem se apresentado em concertos com a OSPB e OSJPB, al\u00e9m de apresenta\u00e7\u00f5es em recitais no PRIMA. Sua atua\u00e7\u00e3o tamb\u00e9m se estende a diversos recitais de m\u00fasica de c\u00e2mara, conclus\u00e3o de curso e classe de piano na Universidade Federal da Para\u00edba.<\/p>\n<p><b><\/b><b>O regente<\/b><\/p>\n<p>Natural de Buenos Aires, Argentina, Gustavo de Paco de Gea graduou-se pelo Conservat\u00f3rio Juan Jos\u00e9 Castro. Ap\u00f3s trabalhar alguns anos como docente e flautista nas orquestras argentinas, foi convidado pela Universidade Federal da Para\u00edba para ser professor do Curso Superior e de Extens\u00e3o de Flauta, onde ensina at\u00e9 hoje.<\/p>\n<p>Trabalhando na UFPB desde 1978, foi membro fundador do Quinteto Latinoamericano de Sopros, apresentando-se em todo o pa\u00eds e no exterior com esse grupo camer\u00edstico. \u00c9 tamb\u00e9m membro fundador e primeiro flautista da Orquestra Sinf\u00f4nica da Para\u00edba desde 1980.<\/p>\n<p>Desde 1985, \u00e9 primeiro flautista da Orquestra Sinf\u00f4nica do Recife (PE), desenvolvendo intenso trabalho na \u00e1rea da m\u00fasica sinf\u00f4nica tamb\u00e9m em outras orquestras do pa\u00eds. Detentor de v\u00e1rios pr\u00eamios nacionais e internacionais, Gustavo de Paco de Gea tem se apresentado nos mais importantes festivais do Brasil.<\/p>\n<p>Foi professor de flauta convidado no Centro de Criatividade Musical de Recife, em 1996 e 1997, e assumiu nesse ano a prepara\u00e7\u00e3o dos sopros na Orquestra Infantil do Estado da Para\u00edba. \u00c9 regente de orquestra desde 2001, ano em que criou a Orquestra de C\u00e2mara Municipal de Jo\u00e3o Pessoa, envolvendo jovens talentosos da regi\u00e3o. Nesse organismo, foi diretor art\u00edstico e regente titular at\u00e9 2010.<\/p>\n<p>Em 2012 foi nomeado maestro e diretor art\u00edstico da Orquestra Crian\u00e7a Cidad\u00e3, em Recife, e, no ano seguinte, foi designado para reger o Concerto de Estreia da Orquestra Sinf\u00f4nica da Universidade Federal da Para\u00edba (OSUFPB), regendo desde ent\u00e3o recorrentemente esse organismo como maestro convidado.<\/p>\n<p>Em 2014, aceitou o convite da Prefeitura de Jo\u00e3o Pessoa para ser maestro assistente da nova Orquestra Sinf\u00f4nica Municipal, onde permaneceu at\u00e9 2018. Atualmente, o maestro Gustavo de Paco de Gea \u00e9 o regente titular da Orquestra Sinf\u00f4nica da Para\u00edba.<\/p>\n<p><b>Entrada gratuita<\/b>\u00a0\u2013 N\u00e3o \u00e9 cobrado ingresso para os concertos da Orquestra Sinf\u00f4nica da Para\u00edba. Idosos, cadeirantes e demais pessoas com dificuldade de locomo\u00e7\u00e3o t\u00eam entrada acess\u00edvel na lateral da Sala de Concertos, ao lado do palco da Pra\u00e7a do Povo. H\u00e1 tamb\u00e9m cadeiras especiais para esse p\u00fablico. O programa do concerto ficar\u00e1 dispon\u00edvel na bio da p\u00e1gina da OSPB no perfil do Instagram: @orquestra.ospb.<\/p>\n<p><b><\/b><b>Servi\u00e7o<\/b><\/p>\n<p>Orquestra Sinf\u00f4nica da Para\u00edba<\/p>\n<p>5\u00ba Concerto Oficial da Temporada 2023<\/p>\n<p>Reg\u00eancia: Maestro Gustavo de Paco de Gea<\/p>\n<p>Dia: 31 de agosto (quinta-feira)<\/p>\n<p>Hora: 20h30<\/p>\n<p>Local: Sala de Concertos Maestro Jos\u00e9 Siqueira, Espa\u00e7o Cultural<\/p>\n<p>Ingresso: Gratuito<\/p>\n<p>O post <a rel=\"nofollow noopener\" href=\"https:\/\/wscom.com.br\/concerto-da-orquestra-sinfonica-da-paraiba-tem-musicas-de-carlos-gomes-haydn-e-beethoven\/\" target=\"_blank\">Concerto da Orquestra Sinf\u00f4nica da Para\u00edba tem m\u00fasicas de Carlos Gomes, Haydn e Beethoven<\/a> apareceu primeiro em <a rel=\"nofollow noopener\" href=\"https:\/\/wscom.com.br\/\" target=\"_blank\">WSCOM<\/a>.<\/p>\n","protected":false},"excerpt":{"rendered":"<p>A 5\u00aa Sinfonia de Beethoven \u00e9 o destaque do concerto, desta quinta-feira (31), da Orquestra Sinf\u00f4nica da Para\u00edba, que ter\u00e1 ainda composi\u00e7\u00f5es de Carlos Gomes e Haydn. Com reg\u00eancia do maestro Gustavo de Paco de Gea, este 5\u00ba concerto oficial da temporada 2023 tamb\u00e9m ter\u00e1 a participa\u00e7\u00e3o do pianista paraibano Artur Souza como solista. A [\u2026]<\/p>\n<p>O post <a rel=\"nofollow\" href=\"https:\/\/wscom.com.br\/concerto-da-orquestra-sinfonica-da-paraiba-tem-musicas-de-carlos-gomes-haydn-e-beethoven\/\">Concerto da Orquestra Sinf\u00f4nica da Para\u00edba tem m\u00fasicas de Carlos Gomes, Haydn e Beethoven<\/a> apareceu primeiro em <a rel=\"nofollow\" href=\"https:\/\/wscom.com.br\/\">WSCOM<\/a>.<\/p>\n","protected":false},"author":49,"featured_media":0,"comment_status":"closed","ping_status":"closed","sticky":false,"template":"","format":"standard","meta":{"advgb_blocks_editor_width":"","advgb_blocks_columns_visual_guide":"","footnotes":""},"categories":[1813,8317,2227,34,8318,302,1814,54],"tags":[35],"class_list":["post-31708","post","type-post","status-publish","format-standard","hentry","category-beethoven","category-carlos-gomes","category-concerto","category-g1","category-haydn","category-musica","category-orquestra-sinfonica-da-paraiba","category-paraiba","tag-g1"],"author_meta":{"display_name":"Cristiane Cavalcante","author_link":"https:\/\/sindaopcpb.org.br\/author\/cristiane-cavalcante\/"},"featured_img":null,"coauthors":[],"tax_additional":{"categories":{"linked":["<a href=\"https:\/\/sindaopcpb.org.br\/beethoven\/\" class=\"advgb-post-tax-term\">Beethoven<\/a>","<a href=\"https:\/\/sindaopcpb.org.br\/carlos-gomes\/\" class=\"advgb-post-tax-term\">Carlos Gomes<\/a>","<a href=\"https:\/\/sindaopcpb.org.br\/concerto\/\" class=\"advgb-post-tax-term\">concerto<\/a>","<a href=\"https:\/\/sindaopcpb.org.br\/g1\/\" class=\"advgb-post-tax-term\">G1<\/a>","<a href=\"https:\/\/sindaopcpb.org.br\/haydn\/\" class=\"advgb-post-tax-term\">Haydn<\/a>","<a href=\"https:\/\/sindaopcpb.org.br\/musica\/\" class=\"advgb-post-tax-term\">M\u00fasica<\/a>","<a href=\"https:\/\/sindaopcpb.org.br\/orquestra-sinfonica-da-paraiba\/\" class=\"advgb-post-tax-term\">Orquestra Sinf\u00f4nica da Para\u00edba<\/a>","<a href=\"https:\/\/sindaopcpb.org.br\/paraiba\/\" class=\"advgb-post-tax-term\">Para\u00edba<\/a>"],"unlinked":["<span class=\"advgb-post-tax-term\">Beethoven<\/span>","<span class=\"advgb-post-tax-term\">Carlos Gomes<\/span>","<span class=\"advgb-post-tax-term\">concerto<\/span>","<span class=\"advgb-post-tax-term\">G1<\/span>","<span class=\"advgb-post-tax-term\">Haydn<\/span>","<span class=\"advgb-post-tax-term\">M\u00fasica<\/span>","<span class=\"advgb-post-tax-term\">Orquestra Sinf\u00f4nica da Para\u00edba<\/span>","<span class=\"advgb-post-tax-term\">Para\u00edba<\/span>"]},"tags":{"linked":["<a href=\"https:\/\/sindaopcpb.org.br\/paraiba\/\" class=\"advgb-post-tax-term\">g1<\/a>"],"unlinked":["<span class=\"advgb-post-tax-term\">g1<\/span>"]}},"comment_count":"0","relative_dates":{"created":"Publicado 3 anos atr\u00e1s","modified":"Atualizado 3 anos atr\u00e1s"},"absolute_dates":{"created":"Publicado em 28 de agosto de 2023","modified":"Atualizado em 28 de agosto de 2023"},"absolute_dates_time":{"created":"Publicado em 28 de agosto de 2023 15:24","modified":"Atualizado em 28 de agosto de 2023 15:24"},"featured_img_caption":"","series_order":"","_links":{"self":[{"href":"https:\/\/sindaopcpb.org.br\/index.php\/wp-json\/wp\/v2\/posts\/31708","targetHints":{"allow":["GET"]}}],"collection":[{"href":"https:\/\/sindaopcpb.org.br\/index.php\/wp-json\/wp\/v2\/posts"}],"about":[{"href":"https:\/\/sindaopcpb.org.br\/index.php\/wp-json\/wp\/v2\/types\/post"}],"author":[{"embeddable":true,"href":"https:\/\/sindaopcpb.org.br\/index.php\/wp-json\/wp\/v2\/users\/49"}],"replies":[{"embeddable":true,"href":"https:\/\/sindaopcpb.org.br\/index.php\/wp-json\/wp\/v2\/comments?post=31708"}],"version-history":[{"count":1,"href":"https:\/\/sindaopcpb.org.br\/index.php\/wp-json\/wp\/v2\/posts\/31708\/revisions"}],"predecessor-version":[{"id":31709,"href":"https:\/\/sindaopcpb.org.br\/index.php\/wp-json\/wp\/v2\/posts\/31708\/revisions\/31709"}],"wp:attachment":[{"href":"https:\/\/sindaopcpb.org.br\/index.php\/wp-json\/wp\/v2\/media?parent=31708"}],"wp:term":[{"taxonomy":"category","embeddable":true,"href":"https:\/\/sindaopcpb.org.br\/index.php\/wp-json\/wp\/v2\/categories?post=31708"},{"taxonomy":"post_tag","embeddable":true,"href":"https:\/\/sindaopcpb.org.br\/index.php\/wp-json\/wp\/v2\/tags?post=31708"}],"curies":[{"name":"wp","href":"https:\/\/api.w.org\/{rel}","templated":true}]}}