{"id":31685,"date":"2023-08-28T14:59:23","date_gmt":"2023-08-28T17:59:23","guid":{"rendered":"https:\/\/wpa.wscom.com.br\/?p=920136"},"modified":"2023-08-28T14:59:23","modified_gmt":"2023-08-28T17:59:23","slug":"comissao-da-cmjp-aprova-instituicao-de-cadastro-tecnico-municipal-de-atividades-potencialmente-poluidoras","status":"publish","type":"post","link":"https:\/\/sindaopcpb.org.br\/index.php\/2023\/08\/28\/comissao-da-cmjp-aprova-instituicao-de-cadastro-tecnico-municipal-de-atividades-potencialmente-poluidoras\/","title":{"rendered":"Comiss\u00e3o da CMJP aprova institui\u00e7\u00e3o de Cadastro T\u00e9cnico Municipal de Atividades Potencialmente Poluidoras"},"content":{"rendered":"<p>A Comiss\u00e3o de Constitui\u00e7\u00e3o, Justi\u00e7a, Reda\u00e7\u00e3o e Legisla\u00e7\u00e3o Participativa (CCJ) da C\u00e2mara Municipal de Jo\u00e3o Pessoa (CMJP) se reuniu, na manh\u00e3 desta segunda-feira (28), e apreciou mais de 20 mat\u00e9rias. O colegiado foi favor\u00e1vel \u00e0 institui\u00e7\u00e3o do Cadastro T\u00e9cnico Municipal de Atividades Potencialmente Poluidoras ou Utilizadoras de Recursos Ambientais, integrante do Sistema Nacional do Meio Ambiente (Sisnama) e a Taxa de Controle e Fiscaliza\u00e7\u00e3o Ambiental do Munic\u00edpio.<\/p>\n<p>O l\u00edder da bancada da situa\u00e7\u00e3o na Casa, vereador Bruno Farias (Cidadania), explicou o Projeto de Lei Ordin\u00e1ria (PLO)\u00a0<a href=\"https:\/\/sapl.joaopessoa.pb.leg.br\/media\/sapl\/public\/materialegislativa\/2023\/163060\/mensagem_005_-_plo_-_cadastro_tecnico_atividades_potencialmente_poluidoras_ambientais_ctm_taxa_de_controle_e_fisca_tcfa-jp.pdf\" rel=\"nofollow noopener\" target=\"_blank\">1550\/2023<\/a>, de autoria do Executivo Municipal, que institui o Cadastro T\u00e9cnico Municipal de Atividades Potencialmente Poluidoras e a Taxa de Controle e Fiscaliza\u00e7\u00e3o Ambiental do Munic\u00edpio.<\/p>\n<p>\u201cEssa taxa j\u00e1 existe e j\u00e1 \u00e9 paga, no entanto s\u00f3 havia sido regulamentada em \u00e2mbito Federal e Estadual. Ocorre que as Prefeituras, segundo entendimento das cortes superiores do pa\u00eds, passaram a ter compet\u00eancia de fiscaliza\u00e7\u00e3o dessas fontes poluidoras. Portanto aquilo que era pago, inicialmente ao Ibama, depois ao Estado, agora dever\u00e1 ser revertido para os cofres p\u00fablicos municipais, porque a prefeitura disciplina essa mat\u00e9ria\u201d, destacou Bruno, salientando que o projeto \u00e9 uma medida que est\u00e1 sendo tomada em todas as capitais que possuem \u00f3rg\u00e3os de fiscaliza\u00e7\u00e3o do Meio Ambiente.<\/p>\n<p>O relator do projeto, vereador Tarc\u00edsio Jardim (PL), destacou que a mat\u00e9ria \u00e9 totalmente constitucional, mas que vai discutir o m\u00e9rito do projeto em plen\u00e1rio.<\/p>\n<p><strong>Homenagem<\/strong><\/p>\n<p>O colegiado foi favor\u00e1vel \u00e0 concess\u00e3o do\u00a0<a href=\"https:\/\/sapl.joaopessoa.pb.leg.br\/media\/sapl\/public\/materialegislativa\/2023\/164322\/tit-cidadaobenemerito-govjoaoazevedo.pdf\" rel=\"nofollow noopener\" target=\"_blank\">T\u00edtulo<\/a>\u00a0de Cidad\u00e3o Benem\u00e9rito ao Governador do Estado da Para\u00edba Jo\u00e3o Azevedo, pelos relevantes servi\u00e7os prestados \u00e0 capital paraibana, com a proposta de autoria do vereador Durval Ferreira (PL). \u201cAgrade\u00e7o o voto favor\u00e1vel de toda comiss\u00e3o. Essa Honraria tem um significado muito importante para todos n\u00f3s! Jo\u00e3o Azevedo, al\u00e9m de cidad\u00e3o Pessoense por nascimento, ser\u00e1 cidad\u00e3o benem\u00e9rito por dedica\u00e7\u00e3o, trabalho, exerc\u00edcio da democracia e pelo bem cuidar do nosso povo pessoense e paraibano\u201d, afirmou o autor da proposta, lembrando que o projeto segue para aprecia\u00e7\u00e3o do plen\u00e1rio da Casa.<\/p>\n<p><strong>Demais mat\u00e9rias<\/strong><\/p>\n<p>Dentre as mat\u00e9rias apreciadas, a comiss\u00e3o ainda foi favor\u00e1vel: ao PLO\u00a0<a href=\"https:\/\/sapl.joaopessoa.pb.leg.br\/media\/sapl\/public\/materialegislativa\/2023\/163058\/mensagem_066_-_plo_-_realocacao_orcamentaria_semusb_230.00000.pdf\" rel=\"nofollow noopener\" target=\"_blank\">1548\/2023<\/a>, que autoriza a realoca\u00e7\u00e3o de dota\u00e7\u00e3o or\u00e7ament\u00e1ria na Secretaria Municipal de Seguran\u00e7a Urbana e Cidadania, no valor de R$ 230.000,00, de autoria do Executivo Municipal; o PLO\u00a0<a href=\"https:\/\/sapl.joaopessoa.pb.leg.br\/media\/sapl\/public\/materialegislativa\/2023\/154797\/dispoe_sobre_seguranca_de_mulheres_que_se_sintam_em_risco.pdf\" rel=\"nofollow noopener\" target=\"_blank\">1344\/2023<\/a>\u00a0com emenda, que disp\u00f5e sobre o atendimento r\u00e1pido e ado\u00e7\u00e3o medidas em favor da seguran\u00e7a de mulheres que se sintam em risco em bares, restaurantes e similares, de autoria de Mikika Leit\u00e3o (MDB); e o PLO\u00a0<a href=\"https:\/\/sapl.joaopessoa.pb.leg.br\/materia\/158467\" rel=\"nofollow noopener\" target=\"_blank\">1421\/2023<\/a>, que Institui o Selo \u201cEscolas mais seguras\u201d, para certificar as institui\u00e7\u00f5es de ensino que adotarem plano de evacua\u00e7\u00e3o, realiza\u00e7\u00e3o de palestras e treinamentos em casos de inc\u00eandios, danos estruturais e demais emerg\u00eancias em suas instala\u00e7\u00f5es, de autoria de Zezinho Botafogo (PSB).<\/p>\n<p>O post <a rel=\"nofollow noopener\" href=\"https:\/\/wscom.com.br\/comissao-da-cmjp-aprova-instituicao-de-cadastro-tecnico-municipal-de-atividades-potencialmente-poluidoras\/\" target=\"_blank\">Comiss\u00e3o da CMJP aprova institui\u00e7\u00e3o de Cadastro T\u00e9cnico Municipal de Atividades Potencialmente Poluidoras<\/a> apareceu primeiro em <a rel=\"nofollow noopener\" href=\"https:\/\/wscom.com.br\/\" target=\"_blank\">WSCOM<\/a>.<\/p>\n","protected":false},"excerpt":{"rendered":"<p>A Comiss\u00e3o de Constitui\u00e7\u00e3o, Justi\u00e7a, Reda\u00e7\u00e3o e Legisla\u00e7\u00e3o Participativa (CCJ) da C\u00e2mara Municipal de Jo\u00e3o Pessoa (CMJP) se reuniu, na manh\u00e3 desta segunda-feira (28), e apreciou mais de 20 mat\u00e9rias. O colegiado foi favor\u00e1vel \u00e0 institui\u00e7\u00e3o do Cadastro T\u00e9cnico Municipal de Atividades Potencialmente Poluidoras ou Utilizadoras de Recursos Ambientais, integrante do Sistema Nacional do Meio [\u2026]<\/p>\n<p>O post <a rel=\"nofollow\" href=\"https:\/\/wscom.com.br\/comissao-da-cmjp-aprova-instituicao-de-cadastro-tecnico-municipal-de-atividades-potencialmente-poluidoras\/\">Comiss\u00e3o da CMJP aprova institui\u00e7\u00e3o de Cadastro T\u00e9cnico Municipal de Atividades Potencialmente Poluidoras<\/a> apareceu primeiro em <a rel=\"nofollow\" href=\"https:\/\/wscom.com.br\/\">WSCOM<\/a>.<\/p>\n","protected":false},"author":49,"featured_media":0,"comment_status":"closed","ping_status":"closed","sticky":false,"template":"","format":"standard","meta":{"advgb_blocks_editor_width":"","advgb_blocks_columns_visual_guide":"","footnotes":""},"categories":[8307,8308,34,71,47],"tags":[35],"class_list":["post-31685","post","type-post","status-publish","format-standard","hentry","category-atividades-potencialmente-poluidoras","category-ccj-da-cmjp","category-g1","category-joao-pessoa","category-politica","tag-g1"],"author_meta":{"display_name":"Cristiane Cavalcante","author_link":"https:\/\/sindaopcpb.org.br\/author\/cristiane-cavalcante\/"},"featured_img":null,"coauthors":[],"tax_additional":{"categories":{"linked":["<a href=\"https:\/\/sindaopcpb.org.br\/atividades-potencialmente-poluidoras\/\" class=\"advgb-post-tax-term\">Atividades Potencialmente Poluidoras<\/a>","<a href=\"https:\/\/sindaopcpb.org.br\/ccj-da-cmjp\/\" class=\"advgb-post-tax-term\">CCj da CMJP<\/a>","<a href=\"https:\/\/sindaopcpb.org.br\/g1\/\" class=\"advgb-post-tax-term\">G1<\/a>","<a href=\"https:\/\/sindaopcpb.org.br\/joao-pessoa\/\" class=\"advgb-post-tax-term\">Jo\u00e3o Pessoa<\/a>","<a href=\"https:\/\/sindaopcpb.org.br\/politica\/\" class=\"advgb-post-tax-term\">POLITICA<\/a>"],"unlinked":["<span class=\"advgb-post-tax-term\">Atividades Potencialmente Poluidoras<\/span>","<span class=\"advgb-post-tax-term\">CCj da CMJP<\/span>","<span class=\"advgb-post-tax-term\">G1<\/span>","<span class=\"advgb-post-tax-term\">Jo\u00e3o Pessoa<\/span>","<span class=\"advgb-post-tax-term\">POLITICA<\/span>"]},"tags":{"linked":["<a href=\"https:\/\/sindaopcpb.org.br\/politica\/\" class=\"advgb-post-tax-term\">g1<\/a>"],"unlinked":["<span class=\"advgb-post-tax-term\">g1<\/span>"]}},"comment_count":"0","relative_dates":{"created":"Publicado 3 anos atr\u00e1s","modified":"Atualizado 3 anos atr\u00e1s"},"absolute_dates":{"created":"Publicado em 28 de agosto de 2023","modified":"Atualizado em 28 de agosto de 2023"},"absolute_dates_time":{"created":"Publicado em 28 de agosto de 2023 14:59","modified":"Atualizado em 28 de agosto de 2023 14:59"},"featured_img_caption":"","series_order":"","_links":{"self":[{"href":"https:\/\/sindaopcpb.org.br\/index.php\/wp-json\/wp\/v2\/posts\/31685","targetHints":{"allow":["GET"]}}],"collection":[{"href":"https:\/\/sindaopcpb.org.br\/index.php\/wp-json\/wp\/v2\/posts"}],"about":[{"href":"https:\/\/sindaopcpb.org.br\/index.php\/wp-json\/wp\/v2\/types\/post"}],"author":[{"embeddable":true,"href":"https:\/\/sindaopcpb.org.br\/index.php\/wp-json\/wp\/v2\/users\/49"}],"replies":[{"embeddable":true,"href":"https:\/\/sindaopcpb.org.br\/index.php\/wp-json\/wp\/v2\/comments?post=31685"}],"version-history":[{"count":1,"href":"https:\/\/sindaopcpb.org.br\/index.php\/wp-json\/wp\/v2\/posts\/31685\/revisions"}],"predecessor-version":[{"id":31686,"href":"https:\/\/sindaopcpb.org.br\/index.php\/wp-json\/wp\/v2\/posts\/31685\/revisions\/31686"}],"wp:attachment":[{"href":"https:\/\/sindaopcpb.org.br\/index.php\/wp-json\/wp\/v2\/media?parent=31685"}],"wp:term":[{"taxonomy":"category","embeddable":true,"href":"https:\/\/sindaopcpb.org.br\/index.php\/wp-json\/wp\/v2\/categories?post=31685"},{"taxonomy":"post_tag","embeddable":true,"href":"https:\/\/sindaopcpb.org.br\/index.php\/wp-json\/wp\/v2\/tags?post=31685"}],"curies":[{"name":"wp","href":"https:\/\/api.w.org\/{rel}","templated":true}]}}