{"id":31682,"date":"2023-08-28T13:48:04","date_gmt":"2023-08-28T16:48:04","guid":{"rendered":"https:\/\/www.infomoney.com.br\/?p=2227207"},"modified":"2023-08-28T13:48:04","modified_gmt":"2023-08-28T16:48:04","slug":"mp-que-muda-tributacao-de-fundos-exclusivos-deve-ser-publicada-nesta-segunda-feira","status":"publish","type":"post","link":"https:\/\/sindaopcpb.org.br\/index.php\/2023\/08\/28\/mp-que-muda-tributacao-de-fundos-exclusivos-deve-ser-publicada-nesta-segunda-feira\/","title":{"rendered":"MP que muda tributa\u00e7\u00e3o de fundos exclusivos deve ser publicada nesta segunda-feira"},"content":{"rendered":"<p><img loading=\"lazy\" width=\"300\" height=\"225\" src=\"https:\/\/www.infomoney.com.br\/wp-content\/uploads\/2019\/06\/palacio-do-planalto-governo-brasilia.jpg?fit=300%2C225&amp;quality=70&amp;strip=all\" class=\"attachment-medium size-medium wp-post-image\" alt=\"\" decoding=\"async\" style=\"float:right; margin:0 0 10px 10px;\" srcset=\"https:\/\/www.infomoney.com.br\/wp-content\/uploads\/2019\/06\/palacio-do-planalto-governo-brasilia.jpg?w=900&amp;quality=70&amp;strip=all 900w, https:\/\/www.infomoney.com.br\/wp-content\/uploads\/2019\/06\/palacio-do-planalto-governo-brasilia.jpg?w=300&amp;quality=70&amp;strip=all 300w, https:\/\/www.infomoney.com.br\/wp-content\/uploads\/2019\/06\/palacio-do-planalto-governo-brasilia.jpg?w=768&amp;quality=70&amp;strip=all 768w, https:\/\/www.infomoney.com.br\/wp-content\/uploads\/2019\/06\/palacio-do-planalto-governo-brasilia.jpg?w=150&amp;quality=70&amp;strip=all 150w\" sizes=\"auto, (max-width: 300px) 100vw, 300px\" data-attachment-id=\"28033\" data-permalink=\"https:\/\/www.infomoney.com.br\/palacio-do-planalto-governo-brasilia\/\" data-orig-file=\"https:\/\/www.infomoney.com.br\/wp-content\/uploads\/2019\/06\/palacio-do-planalto-governo-brasilia.jpg?fit=900%2C675&amp;quality=70&amp;strip=all\" data-orig-size=\"900,675\" data-comments-opened=\"1\" data-image-meta=\"{&quot;aperture&quot;:&quot;0&quot;,&quot;credit&quot;:&quot;&quot;,&quot;camera&quot;:&quot;&quot;,&quot;caption&quot;:&quot;&quot;,&quot;created_timestamp&quot;:&quot;0&quot;,&quot;copyright&quot;:&quot;&quot;,&quot;focal_length&quot;:&quot;0&quot;,&quot;iso&quot;:&quot;0&quot;,&quot;shutter_speed&quot;:&quot;0&quot;,&quot;title&quot;:&quot;&quot;,&quot;orientation&quot;:&quot;0&quot;}\" data-image-title=\"palacio-do-planalto-governo-brasilia\" data-image-description=\"\" data-image-caption=\"\" data-medium-file=\"https:\/\/www.infomoney.com.br\/wp-content\/uploads\/2019\/06\/palacio-do-planalto-governo-brasilia.jpg?fit=300%2C225&amp;quality=70&amp;strip=all\" data-large-file=\"https:\/\/www.infomoney.com.br\/wp-content\/uploads\/2019\/06\/palacio-do-planalto-governo-brasilia.jpg?fit=900%2C675&amp;quality=70&amp;strip=all\" title=\"\"><\/p>\n<p>A medida provis&oacute;ria elaborada pelo governo para mudar regras de tributa&ccedil;&atilde;o dos rendimentos de fundos exclusivos de investimento deve ser publicada ainda nesta segunda-feira (28), disse uma fonte do governo com conhecimento do assunto.<\/p>\n<p>A medida foi preparada pela equipe econ&ocirc;mica para compensar a corre&ccedil;&atilde;o da tabela do Imposto de Renda da pessoa f&iacute;sica, que ser&aacute; sancionada pelo presidente Luiz In&aacute;cio Lula da Silva em evento na tarde desta segunda junto com o reajuste do sal&aacute;rio m&iacute;nimo.<\/p>\n<p>A Reuters mostrou na semana passada que, conforme previsto no texto em elabora&ccedil;&atilde;o, a MP vai autorizar que os investidores fa&ccedil;am um acerto de contas antecipado, o que permitir&aacute; um pagamento com desconto do tributo.<\/p>\n<p><strong>Leia Mais:<\/strong><br \/><a href=\"https:\/\/www.infomoney.com.br\/politica\/cobranca-de-ir-sobre-estoques-de-fundos-exclusivos-preocupa-especialistas\/\" rel=\"nofollow noopener\" target=\"_blank\">Cobran&ccedil;a de IR sobre estoques de fundos exclusivos preocupa especialistas<\/a><\/p>\n<p>A medida, segundo informou o Minist&eacute;rio da Fazenda na &uacute;ltima semana, vai autorizar uma redu&ccedil;&atilde;o de 15% para 10% no pagamento do IR para esses casos de antecipa&ccedil;&atilde;o, o que deve gerar uma arrecada&ccedil;&atilde;o de 3 bilh&otilde;es de reais neste ano, segundo os c&aacute;lculos da pasta.<\/p>\n<p>Atualmente, a regra geral de aplica&ccedil;&otilde;es financeiras em fundos no Brasil prev&ecirc; uma cobran&ccedil;a de Imposto de Renda de 15% a 22,5% sobre os rendimentos, a depender do prazo do investimento. H&aacute; ainda uma antecipa&ccedil;&atilde;o de pagamento do imposto por meio do chamado &ldquo;come-cotas&rdquo;, mecanismo de recolhimento semestral autom&aacute;tico.<\/p>\n<p>A regra do come-cotas, por&eacute;m, n&atilde;o se aplica aos fundos exclusivos de investimento, mecanismos com gest&atilde;o personalizada usados por investidores de alta renda e que t&ecirc;m cobran&ccedil;a de IR apenas no momento do resgate. O plano do governo visa aplicar a cobran&ccedil;a peri&oacute;dica tamb&eacute;m nesses fundos.<\/p>\n<p>De acordo com a pasta, esses fundos em geral est&atilde;o na al&iacute;quota de 15%, mas n&atilde;o chegam a pagar o imposto regularmente porque os recursos levam muitos anos para serem resgatados. A MP vai criar um per&iacute;odo de transi&ccedil;&atilde;o, determinando essa cobran&ccedil;a padr&atilde;o de 15% em um prazo de at&eacute; dois anos.<\/p>\n<p>Por&eacute;m, se o cotista do fundo optar por antecipar o pagamento do IR, ser&aacute; oferecida a op&ccedil;&atilde;o com al&iacute;quota reduzida de 10% sobre o estoque de rendimentos acumulados no fundo, informou o minist&eacute;rio. Nesse caso, haver&aacute; prazo curto para quita&ccedil;&atilde;o, com pagamentos em dezembro deste ano e no in&iacute;cio de 2024.<\/p>\n<\/p>\n<div class=\"cta-end\">\n<div class=\"im-cta\" >\n<div class=\"im-shortcode-forms bg-light bg-opacity-25 border rounded-4 p-3 p-sm-4 p-md-3 p-lg-4 px-xxl-5 my-5\" data-configuration='{\"form_name\":false,\"form_hat\":\"Newsletter\",\"form_email\":true,\"form_icon\":\"newsletter\",\"form_phone\":false,\"form_campaign\":\"NIM\",\"form_thankyou\":\"\",\"form_journey\":\"APIEvent-26a5198d-8e09-06ef-5f80-cd9127757ad1\",\"form_button\":\"Quero receber\",\"form_context\":\"newsletter\",\"form_origin\":\"https:\\\/\\\/www.infomoney.com.br\\\/politica\\\/feed\\\/?utm_medium=materia&#038;utm_source=infomoney&#038;utm_campaign=NIM&#038;utm_term=politica&#038;utm_content=newsletter\",\"form_position\":\"final\",\"form_category\":\"cta_form\"}'>\n<div class=\"d-flex flex-column align-items-center align-items-lg-start mb-4 flex-lg-row\">\n<div class=\"rounded-circle mb-2 mb-lg-0 mr-lg-4 me-lg-4 p-3 p-lg-4 bg-blue-400\"><svg width=\"40\" height=\"40\" viewBox=\"0 0 40 40\" fill=\"none\" xmlns=\"http:\/\/www.w3.org\/2000\/svg\"><path d=\"M20 20.25 6.042 11.042v19.041c0 .167.048.299.146.396a.535.535 0 0 0 .395.146h15.792V32.5H6.583a2.328 2.328 0 0 1-1.708-.708 2.328 2.328 0 0 1-.708-1.709V9.917c0-.667.236-1.236.708-1.709A2.328 2.328 0 0 1 6.583 7.5h26.834c.666 0 1.236.236 1.708.708a2.33 2.33 0 0 1 .708 1.709v12.458h-1.875V11.042L20 20.25Zm0-2 13.667-8.875H6.333L20 18.25Zm11.75 18.958-1.292-1.333 3.334-3.375h-9v-1.875h9l-3.375-3.417 1.333-1.291 5.667 5.625-5.667 5.666ZM6.042 11.042v20.791-9.458.25-13.25 1.667Z\" fill=\"#fff\"\/><\/svg><\/div>\n<div class=\"flex-fill text-center text-lg-left\">\n<div class=\"h6 small text-orange-700 lh-base mb-1\">Newsletter<\/div>\n<div class=\"text-body h4 m-0\">Infomorning<\/div>\n<div class=\"text-body small lh-base mt-2\">Receba no seu e-mail logo pela manh&atilde; as not&iacute;cias que v&atilde;o mexer com os mercados, com os seus investimentos e o seu bolso durante o dia<\/div>\n<\/div>\n<\/div>\n<\/div>\n<\/div>\n<\/div>\n<p>The post <a rel=\"nofollow noopener\" href=\"https:\/\/www.infomoney.com.br\/politica\/mp-que-muda-tributacao-de-fundos-exclusivos-deve-ser-publicada-nesta-segunda-feira\/\" target=\"_blank\">MP que muda tributa\u00e7\u00e3o de fundos exclusivos deve ser publicada nesta segunda-feira<\/a> appeared first on <a rel=\"nofollow noopener\" href=\"https:\/\/www.infomoney.com.br\/\" target=\"_blank\">InfoMoney<\/a>.<\/p>\n","protected":false},"excerpt":{"rendered":"<p><img loading=\"lazy\" decoding=\"async\" width=\"300\" height=\"225\" src=\"https:\/\/www.infomoney.com.br\/wp-content\/uploads\/2019\/06\/palacio-do-planalto-governo-brasilia.jpg?fit=300%2C225&amp;quality=70&amp;strip=all\" class=\"attachment-medium size-medium wp-post-image\" alt=\"\" data-attachment-id=\"28033\" data-permalink=\"https:\/\/www.infomoney.com.br\/palacio-do-planalto-governo-brasilia\/\" data-orig-file=\"https:\/\/www.infomoney.com.br\/wp-content\/uploads\/2019\/06\/palacio-do-planalto-governo-brasilia.jpg?fit=900%2C675&amp;quality=70&amp;strip=all\" data-orig-size=\"900,675\" data-comments-opened=\"1\" data-image-meta='{\"aperture\":\"0\",\"credit\":\"\",\"camera\":\"\",\"caption\":\"\",\"created_timestamp\":\"0\",\"copyright\":\"\",\"focal_length\":\"0\",\"iso\":\"0\",\"shutter_speed\":\"0\",\"title\":\"\",\"orientation\":\"0\"}' data-image-title=\"palacio-do-planalto-governo-brasilia\" data-image-description=\"\" data-image-caption=\"\" data-medium-file=\"https:\/\/www.infomoney.com.br\/wp-content\/uploads\/2019\/06\/palacio-do-planalto-governo-brasilia.jpg?fit=300%2C225&amp;quality=70&amp;strip=all\" data-large-file=\"https:\/\/www.infomoney.com.br\/wp-content\/uploads\/2019\/06\/palacio-do-planalto-governo-brasilia.jpg?fit=900%2C675&amp;quality=70&amp;strip=all\">Medida foi preparada pela equipe econ\u00f4mica para compensar a corre\u00e7\u00e3o da tabela do Imposto de Renda da pessoa f\u00edsica<\/p>\n<p>The post <a rel=\"nofollow\" href=\"https:\/\/www.infomoney.com.br\/politica\/mp-que-muda-tributacao-de-fundos-exclusivos-deve-ser-publicada-nesta-segunda-feira\/\">MP que muda tributa\u00e7\u00e3o de fundos exclusivos deve ser publicada nesta segunda-feira<\/a> appeared first on <a rel=\"nofollow\" href=\"https:\/\/www.infomoney.com.br\/\">InfoMoney<\/a>.<\/p>\n","protected":false},"author":46,"featured_media":0,"comment_status":"closed","ping_status":"closed","sticky":false,"template":"","format":"standard","meta":{"advgb_blocks_editor_width":"","advgb_blocks_columns_visual_guide":"","footnotes":""},"categories":[6661,34,260,1053,432,47,785],"tags":[35],"class_list":["post-31682","post","type-post","status-publish","format-standard","hentry","category-fundos-exclusivos","category-g1","category-governo","category-imposto-de-renda","category-medida-provisoria","category-politica","category-tributacao","tag-g1"],"author_meta":{"display_name":"Reuters","author_link":"https:\/\/sindaopcpb.org.br\/author\/reuters\/"},"featured_img":null,"coauthors":[],"tax_additional":{"categories":{"linked":["<a href=\"https:\/\/sindaopcpb.org.br\/fundos-exclusivos\/\" class=\"advgb-post-tax-term\">Fundos Exclusivos<\/a>","<a href=\"https:\/\/sindaopcpb.org.br\/g1\/\" class=\"advgb-post-tax-term\">G1<\/a>","<a href=\"https:\/\/sindaopcpb.org.br\/governo\/\" class=\"advgb-post-tax-term\">Governo<\/a>","<a href=\"https:\/\/sindaopcpb.org.br\/imposto-de-renda\/\" class=\"advgb-post-tax-term\">Imposto de Renda<\/a>","<a href=\"https:\/\/sindaopcpb.org.br\/medida-provisoria\/\" class=\"advgb-post-tax-term\">Medida Provis\u00f3ria<\/a>","<a href=\"https:\/\/sindaopcpb.org.br\/politica\/\" class=\"advgb-post-tax-term\">POLITICA<\/a>","<a href=\"https:\/\/sindaopcpb.org.br\/tributacao\/\" class=\"advgb-post-tax-term\">Tributa\u00e7\u00e3o<\/a>"],"unlinked":["<span class=\"advgb-post-tax-term\">Fundos Exclusivos<\/span>","<span class=\"advgb-post-tax-term\">G1<\/span>","<span class=\"advgb-post-tax-term\">Governo<\/span>","<span class=\"advgb-post-tax-term\">Imposto de Renda<\/span>","<span class=\"advgb-post-tax-term\">Medida Provis\u00f3ria<\/span>","<span class=\"advgb-post-tax-term\">POLITICA<\/span>","<span class=\"advgb-post-tax-term\">Tributa\u00e7\u00e3o<\/span>"]},"tags":{"linked":["<a href=\"https:\/\/sindaopcpb.org.br\/tributacao\/\" class=\"advgb-post-tax-term\">g1<\/a>"],"unlinked":["<span class=\"advgb-post-tax-term\">g1<\/span>"]}},"comment_count":"0","relative_dates":{"created":"Publicado 3 anos atr\u00e1s","modified":"Atualizado 3 anos atr\u00e1s"},"absolute_dates":{"created":"Publicado em 28 de agosto de 2023","modified":"Atualizado em 28 de agosto de 2023"},"absolute_dates_time":{"created":"Publicado em 28 de agosto de 2023 13:48","modified":"Atualizado em 28 de agosto de 2023 13:48"},"featured_img_caption":"","series_order":"","_links":{"self":[{"href":"https:\/\/sindaopcpb.org.br\/index.php\/wp-json\/wp\/v2\/posts\/31682","targetHints":{"allow":["GET"]}}],"collection":[{"href":"https:\/\/sindaopcpb.org.br\/index.php\/wp-json\/wp\/v2\/posts"}],"about":[{"href":"https:\/\/sindaopcpb.org.br\/index.php\/wp-json\/wp\/v2\/types\/post"}],"author":[{"embeddable":true,"href":"https:\/\/sindaopcpb.org.br\/index.php\/wp-json\/wp\/v2\/users\/46"}],"replies":[{"embeddable":true,"href":"https:\/\/sindaopcpb.org.br\/index.php\/wp-json\/wp\/v2\/comments?post=31682"}],"version-history":[{"count":1,"href":"https:\/\/sindaopcpb.org.br\/index.php\/wp-json\/wp\/v2\/posts\/31682\/revisions"}],"predecessor-version":[{"id":31683,"href":"https:\/\/sindaopcpb.org.br\/index.php\/wp-json\/wp\/v2\/posts\/31682\/revisions\/31683"}],"wp:attachment":[{"href":"https:\/\/sindaopcpb.org.br\/index.php\/wp-json\/wp\/v2\/media?parent=31682"}],"wp:term":[{"taxonomy":"category","embeddable":true,"href":"https:\/\/sindaopcpb.org.br\/index.php\/wp-json\/wp\/v2\/categories?post=31682"},{"taxonomy":"post_tag","embeddable":true,"href":"https:\/\/sindaopcpb.org.br\/index.php\/wp-json\/wp\/v2\/tags?post=31682"}],"curies":[{"name":"wp","href":"https:\/\/api.w.org\/{rel}","templated":true}]}}