{"id":31670,"date":"2023-08-28T13:33:50","date_gmt":"2023-08-28T16:33:50","guid":{"rendered":"https:\/\/wpa.wscom.com.br\/?p=920127"},"modified":"2023-08-28T13:33:50","modified_gmt":"2023-08-28T16:33:50","slug":"alpb-instala-frente-parlamentar-da-advocacia-na-proxima-quinta-feira","status":"publish","type":"post","link":"https:\/\/sindaopcpb.org.br\/index.php\/2023\/08\/28\/alpb-instala-frente-parlamentar-da-advocacia-na-proxima-quinta-feira\/","title":{"rendered":"ALPB instala Frente Parlamentar da Advocacia na pr\u00f3xima quinta-feira"},"content":{"rendered":"<p>A Assembleia Legislativa da Para\u00edba (ALPB) vai instalar, na pr\u00f3xima quinta-feira (31), a Frente Parlamentar da Advocacia, que tem como objetivo valorizar o Direito no estado. O lan\u00e7amento vai acontecer no Plen\u00e1rio Deputado Jos\u00e9 Mariz, \u00e0s 9h30. O evento \u00e9 proposto pelo deputado Wilson Filho, que tamb\u00e9m \u00e9 advogado.<\/p>\n<p>Wilson Filha destaca que a finalidade \u00e9 ampliar o debate das pautas de interesse da advocacia na ALPB durante a atual legislatura.<\/p>\n<p>\u201cTenho buscado alternativas de valorizar o Direito na Para\u00edba. Sou advogado por forma\u00e7\u00e3o e apaixonado pela \u00e1rea. A ideia da Frente \u00e9 que, juntos, a gente possa construir um cen\u00e1rio mais favor\u00e1vel para a profiss\u00e3o na Para\u00edba. Quero dialogar com as associa\u00e7\u00f5es que representam a categoria, al\u00e9m da OAB-PB \u00e9 claro, e saber das necessidades, as dificuldades que esses profissionais t\u00eam enfrentado por aqui e tentar mudar essa realidade com iniciativas, Projetos de Lei, que viabilizem isso\u201d, explicou o deputado.<\/p>\n<p>O presidente da Ordem dos Advogados do Brasil, Seccional Para\u00edba (OAB-PB), Harrison Targino, ressaltou que a Frente Parlamentar em Defesa da Advocacia \u00e9 uma importante iniciativa que visa aglutinar todos os comprometidos com a valoriza\u00e7\u00e3o da advocacia e na luta por melhores condi\u00e7\u00f5es de atua\u00e7\u00e3o e defesa de prerrogativas no Estado.<\/p>\n<p>\u201cA iniciativa do deputado Wilson Filho conta com o incondicional apoio da OAB e estaremos juntos na busca de refor\u00e7armos os parceiros em favor de projetos comuns a toda a advocacia. Agrade\u00e7o ao deputado Wilson Filho a iniciativa e o entusiasmo na instala\u00e7\u00e3o da Frente\u201d, disse o presidente Harrison Targino.<\/p>\n<p>O lan\u00e7amento da Frente Parlamentar da Advocacia vai contar com homenagens a grandes nomes do Direito paraibano.<\/p>\n<p>O post <a rel=\"nofollow noopener\" href=\"https:\/\/wscom.com.br\/alpb-instala-frente-parlamentar-da-advocacia-na-proxima-quinta-feira\/\" target=\"_blank\">ALPB instala Frente Parlamentar da Advocacia na pr\u00f3xima quinta-feira<\/a> apareceu primeiro em <a rel=\"nofollow noopener\" href=\"https:\/\/wscom.com.br\/\" target=\"_blank\">WSCOM<\/a>.<\/p>\n","protected":false},"excerpt":{"rendered":"<p>A Assembleia Legislativa da Para\u00edba (ALPB) vai instalar, na pr\u00f3xima quinta-feira (31), a Frente Parlamentar da Advocacia, que tem como objetivo valorizar o Direito no estado. O lan\u00e7amento vai acontecer no Plen\u00e1rio Deputado Jos\u00e9 Mariz, \u00e0s 9h30. O evento \u00e9 proposto pelo deputado Wilson Filho, que tamb\u00e9m \u00e9 advogado. Wilson Filha destaca que a finalidade [\u2026]<\/p>\n<p>O post <a rel=\"nofollow\" href=\"https:\/\/wscom.com.br\/alpb-instala-frente-parlamentar-da-advocacia-na-proxima-quinta-feira\/\">ALPB instala Frente Parlamentar da Advocacia na pr\u00f3xima quinta-feira<\/a> apareceu primeiro em <a rel=\"nofollow\" href=\"https:\/\/wscom.com.br\/\">WSCOM<\/a>.<\/p>\n","protected":false},"author":49,"featured_media":0,"comment_status":"closed","ping_status":"closed","sticky":false,"template":"","format":"standard","meta":{"advgb_blocks_editor_width":"","advgb_blocks_columns_visual_guide":"","footnotes":""},"categories":[546,8302,8303,34,47],"tags":[35],"class_list":["post-31670","post","type-post","status-publish","format-standard","hentry","category-alpb","category-deputado-wilson-filho","category-frente-parlamentar-da-advocacia","category-g1","category-politica","tag-g1"],"author_meta":{"display_name":"Cristiane Cavalcante","author_link":"https:\/\/sindaopcpb.org.br\/author\/cristiane-cavalcante\/"},"featured_img":null,"coauthors":[],"tax_additional":{"categories":{"linked":["<a href=\"https:\/\/sindaopcpb.org.br\/alpb\/\" class=\"advgb-post-tax-term\">ALPB<\/a>","<a href=\"https:\/\/sindaopcpb.org.br\/deputado-wilson-filho\/\" class=\"advgb-post-tax-term\">deputado Wilson Filho<\/a>","<a href=\"https:\/\/sindaopcpb.org.br\/frente-parlamentar-da-advocacia\/\" class=\"advgb-post-tax-term\">Frente Parlamentar da Advocacia<\/a>","<a href=\"https:\/\/sindaopcpb.org.br\/g1\/\" class=\"advgb-post-tax-term\">G1<\/a>","<a href=\"https:\/\/sindaopcpb.org.br\/politica\/\" class=\"advgb-post-tax-term\">POLITICA<\/a>"],"unlinked":["<span class=\"advgb-post-tax-term\">ALPB<\/span>","<span class=\"advgb-post-tax-term\">deputado Wilson Filho<\/span>","<span class=\"advgb-post-tax-term\">Frente Parlamentar da Advocacia<\/span>","<span class=\"advgb-post-tax-term\">G1<\/span>","<span class=\"advgb-post-tax-term\">POLITICA<\/span>"]},"tags":{"linked":["<a href=\"https:\/\/sindaopcpb.org.br\/politica\/\" class=\"advgb-post-tax-term\">g1<\/a>"],"unlinked":["<span class=\"advgb-post-tax-term\">g1<\/span>"]}},"comment_count":"0","relative_dates":{"created":"Publicado 3 anos atr\u00e1s","modified":"Atualizado 3 anos atr\u00e1s"},"absolute_dates":{"created":"Publicado em 28 de agosto de 2023","modified":"Atualizado em 28 de agosto de 2023"},"absolute_dates_time":{"created":"Publicado em 28 de agosto de 2023 13:33","modified":"Atualizado em 28 de agosto de 2023 13:33"},"featured_img_caption":"","series_order":"","_links":{"self":[{"href":"https:\/\/sindaopcpb.org.br\/index.php\/wp-json\/wp\/v2\/posts\/31670","targetHints":{"allow":["GET"]}}],"collection":[{"href":"https:\/\/sindaopcpb.org.br\/index.php\/wp-json\/wp\/v2\/posts"}],"about":[{"href":"https:\/\/sindaopcpb.org.br\/index.php\/wp-json\/wp\/v2\/types\/post"}],"author":[{"embeddable":true,"href":"https:\/\/sindaopcpb.org.br\/index.php\/wp-json\/wp\/v2\/users\/49"}],"replies":[{"embeddable":true,"href":"https:\/\/sindaopcpb.org.br\/index.php\/wp-json\/wp\/v2\/comments?post=31670"}],"version-history":[{"count":1,"href":"https:\/\/sindaopcpb.org.br\/index.php\/wp-json\/wp\/v2\/posts\/31670\/revisions"}],"predecessor-version":[{"id":31671,"href":"https:\/\/sindaopcpb.org.br\/index.php\/wp-json\/wp\/v2\/posts\/31670\/revisions\/31671"}],"wp:attachment":[{"href":"https:\/\/sindaopcpb.org.br\/index.php\/wp-json\/wp\/v2\/media?parent=31670"}],"wp:term":[{"taxonomy":"category","embeddable":true,"href":"https:\/\/sindaopcpb.org.br\/index.php\/wp-json\/wp\/v2\/categories?post=31670"},{"taxonomy":"post_tag","embeddable":true,"href":"https:\/\/sindaopcpb.org.br\/index.php\/wp-json\/wp\/v2\/tags?post=31670"}],"curies":[{"name":"wp","href":"https:\/\/api.w.org\/{rel}","templated":true}]}}