{"id":31638,"date":"2023-08-28T11:10:12","date_gmt":"2023-08-28T14:10:12","guid":{"rendered":"https:\/\/wpa.wscom.com.br\/?p=920088"},"modified":"2023-08-28T11:10:12","modified_gmt":"2023-08-28T14:10:12","slug":"procurador-confirma-pre-candidatura-a-prefeito-do-conde","status":"publish","type":"post","link":"https:\/\/sindaopcpb.org.br\/index.php\/2023\/08\/28\/procurador-confirma-pre-candidatura-a-prefeito-do-conde\/","title":{"rendered":"Procurador confirma pr\u00e9-candidatura a prefeito do Conde"},"content":{"rendered":"<p>&nbsp;<\/p>\n<p>&nbsp;<\/p>\n<p>Ele \u00e9 procurador em Bras\u00edlia, pelo estado de Alagoas, tem atua\u00e7\u00e3o nos bastidores da alta c\u00fapula da advocacia na capital federal e confirmou que \u00e9 pr\u00e9-candidato a prefeito de Conde, nas elei\u00e7\u00f5es do pr\u00f3ximo ano. O advogado Alu\u00edsio Lundgren Correia R\u00e9gis, conhecido carinhosamente e popularmente na sua terra natal como Nino, s\u00f3 n\u00e3o revelou a legenda que ir\u00e1 para a disputa.<\/p>\n<p>Nino, que \u00e9 filho do ex-prefeito do munic\u00edpio, Alu\u00edsio R\u00e9gis, e tamb\u00e9m da ex-prefeita, Tatiana Correia, tem experi\u00eancia pol\u00edtica. Apesar de brilhar no campo jur\u00eddico, ele j\u00e1 foi vereador da cidade, al\u00e9m de transitar muito bem nos bastidores pol\u00edticos em Bras\u00edlia, Macei\u00f3, capital alagoana, e, claro no pr\u00f3prio Conde.<\/p>\n<p>Nino tamb\u00e9m coordenou e foi respons\u00e1vel por vit\u00f3rias improv\u00e1veis de candidatos a prefeito de Conde. Umas das vit\u00f3rias mais marcantes foi uma virada hist\u00f3rica em 2004. Naquele ano, Alu\u00edsio R\u00e9gis era tido como o azar\u00e3o do pleito. As pesquisas apontavam uma vit\u00f3ria f\u00e1cil da at\u00e9 ent\u00e3o prefeita Arleide Azevedo. Mas, quando as urnas foram abertas, R\u00e9gis foi o vitorioso.<\/p>\n<p>Uma das possibilidades de legendas para Nino disputar o pleito \u00e9 o MDB, partido do saudoso ex-governador da Para\u00edba, Z\u00e9 Maranh\u00e3o, do qual era advogado e amigo. Hoje a legenda \u00e9 comandada pelo senador Veneziano Vital do R\u00eago.<\/p>\n<p>No campo jur\u00eddico, Nino conseguiu elevar o patamar de Alagoas, gra\u00e7as a sua atua\u00e7\u00e3o como procurador em Bras\u00edlia, em a\u00e7\u00f5es no Supremo Tribunal Federal. Ele elevou o estado ao melhor \u00edndice do pa\u00eds nas a\u00e7\u00f5es propostas ao STF.<\/p>\n<p>O estado alagoano, cuja setorial em Bras\u00edlia foi comandada pelo Procurador, diferentemente de todo o Nordeste, por exemplo, registrou a impressionante taxa de 93% de sucesso parcial e integral nas a\u00e7\u00f5es propostas ao Supremo desde 2000, o que comprova capacidade de trabalho e a excel\u00eancia do seu trabalho, que j\u00e1 era conhecida dos paraibanos, pois foi aprovado em primeiro lugar no seu vestibular.<\/p>\n<p>Os estados das Regi\u00f5es Centro-Oeste e Sudeste lideram as taxas de vit\u00f3rias processuais na corte, com sucesso integral de 73% e 66%, respectivamente. J\u00e1 o Nordeste, regi\u00e3o que conta na atualidade com apenas um ministro no STF (Kassio Nunes Marques), tem taxa de sucesso de 59%, ficando na \u00faltima posi\u00e7\u00e3o.<\/p>\n<p>As informa\u00e7\u00f5es foram publicadas pelo site Poder360. No quesito em que s\u00e3o somados os provimentos integrais e parciais dos pedidos dos governadores, os n\u00fameros s\u00e3o mais balanceados.<\/p>\n<p>O Norte lidera esse item, com taxa de 83% de aprova\u00e7\u00e3o de suas demandas, seguido de Sudeste (82%), Centro-Oeste (81%), Sul (79%) e Nordeste (79%), \u00faltimo colocado nas duas variantes apresentadas pela pesquisa.<\/p>\n<p>A t\u00edtulo de proporcionalidade, Sul e Sudeste lideram o n\u00famero de processos tramitados desde 2000, com 214 e 200, respectivamente.<\/p>\n<p>Nos dados separados por estados, Mato Grosso, Distrito Federal, Rio Grande do Sul e Mato Grosso do Sul t\u00eam as maiores taxas de sucesso integral nas a\u00e7\u00f5es ajuizadas, enquanto Alagoas, Tocantins e Roraima lideram as vit\u00f3rias quando se analisa a soma dos triunfos processuais parciais e integrais.<\/p>\n<p>O estado alagoano, por exemplo, registrou 93% de taxa de sucesso parcial e integral nas a\u00e7\u00f5es propostas ao Supremo desde 2000.<\/p>\n<p>Na outra ponta est\u00e3o os estados de Pernambuco (43%) e Cear\u00e1 (44%), que t\u00eam as menores taxas de aprova\u00e7\u00e3o integral de suas demandas na corte. Quando somadas as taxas de vit\u00f3rias integrais e parciais nos processos, Cear\u00e1 e Amazonas, ambos com 67%, figuram no p\u00e9 da lista.<\/p>\n<p>A an\u00e1lise ainda traz n\u00fameros sobre as indica\u00e7\u00f5es ao Supremo e ao Superior Tribunal de Justi\u00e7a. Desde a redemocratiza\u00e7\u00e3o do pa\u00eds, foram 30 indica\u00e7\u00f5es de ministros \u00e0 principal corte brasileira, sendo que 18 eram sudestinos (j\u00e1 incluindo a recente indica\u00e7\u00e3o de Cristiano Zanin). No STJ, foram cem indica\u00e7\u00f5es, com 43 ministros do Sudeste.<\/p>\n<p>Centro-Oeste e Norte s\u00e3o as regi\u00f5es com menos indica\u00e7\u00f5es no per\u00edodo: no Supremo, consta apenas uma indica\u00e7\u00e3o para cada, enquanto houve dois indicados oriundos do Centro-Oeste e quatro do Norte no STJ.<\/p>\n<p>O post <a rel=\"nofollow noopener\" href=\"https:\/\/wscom.com.br\/procurador-confirma-pre-candidatura-a-prefeito-do-conde\/\" target=\"_blank\">Procurador confirma pr\u00e9-candidatura a prefeito do Conde<\/a> apareceu primeiro em <a rel=\"nofollow noopener\" href=\"https:\/\/wscom.com.br\/\" target=\"_blank\">WSCOM<\/a>.<\/p>\n","protected":false},"excerpt":{"rendered":"<p>\u00a0 \u00a0 Ele \u00e9 procurador em Bras\u00edlia, pelo estado de Alagoas, tem atua\u00e7\u00e3o nos bastidores da alta c\u00fapula da advocacia na capital federal e confirmou que \u00e9 pr\u00e9-candidato a prefeito de Conde, nas elei\u00e7\u00f5es do pr\u00f3ximo ano. O advogado Alu\u00edsio Lundgren Correia R\u00e9gis, conhecido carinhosamente e popularmente na sua terra natal como Nino, s\u00f3 n\u00e3o [\u2026]<\/p>\n<p>O post <a rel=\"nofollow\" href=\"https:\/\/wscom.com.br\/procurador-confirma-pre-candidatura-a-prefeito-do-conde\/\">Procurador confirma pr\u00e9-candidatura a prefeito do Conde<\/a> apareceu primeiro em <a rel=\"nofollow\" href=\"https:\/\/wscom.com.br\/\">WSCOM<\/a>.<\/p>\n","protected":false},"author":42,"featured_media":0,"comment_status":"closed","ping_status":"closed","sticky":false,"template":"","format":"standard","meta":{"advgb_blocks_editor_width":"","advgb_blocks_columns_visual_guide":"","footnotes":""},"categories":[8286,2382,333,34,2704,47,8287],"tags":[35],"class_list":["post-31638","post","type-post","status-publish","format-standard","hentry","category-aluisio-lundgren-correia-regis","category-candidatura","category-eleicoes-2024","category-g1","category-nino","category-politica","category-prefeitura-de-conde","tag-g1"],"author_meta":{"display_name":"Rafael Andrade","author_link":"https:\/\/sindaopcpb.org.br\/author\/rafael-andrade\/"},"featured_img":null,"coauthors":[],"tax_additional":{"categories":{"linked":["<a href=\"https:\/\/sindaopcpb.org.br\/aluisio-lundgren-correia-regis\/\" class=\"advgb-post-tax-term\">Alu\u00edsio Lundgren Correia R\u00e9gis<\/a>","<a href=\"https:\/\/sindaopcpb.org.br\/candidatura\/\" class=\"advgb-post-tax-term\">Candidatura<\/a>","<a href=\"https:\/\/sindaopcpb.org.br\/eleicoes-2024\/\" class=\"advgb-post-tax-term\">elei\u00e7\u00f5es 2024<\/a>","<a href=\"https:\/\/sindaopcpb.org.br\/g1\/\" class=\"advgb-post-tax-term\">G1<\/a>","<a href=\"https:\/\/sindaopcpb.org.br\/nino\/\" class=\"advgb-post-tax-term\">Nino<\/a>","<a href=\"https:\/\/sindaopcpb.org.br\/politica\/\" class=\"advgb-post-tax-term\">POLITICA<\/a>","<a href=\"https:\/\/sindaopcpb.org.br\/prefeitura-de-conde\/\" class=\"advgb-post-tax-term\">Prefeitura de Conde<\/a>"],"unlinked":["<span class=\"advgb-post-tax-term\">Alu\u00edsio Lundgren Correia R\u00e9gis<\/span>","<span class=\"advgb-post-tax-term\">Candidatura<\/span>","<span class=\"advgb-post-tax-term\">elei\u00e7\u00f5es 2024<\/span>","<span class=\"advgb-post-tax-term\">G1<\/span>","<span class=\"advgb-post-tax-term\">Nino<\/span>","<span class=\"advgb-post-tax-term\">POLITICA<\/span>","<span class=\"advgb-post-tax-term\">Prefeitura de Conde<\/span>"]},"tags":{"linked":["<a href=\"https:\/\/sindaopcpb.org.br\/prefeitura-de-conde\/\" class=\"advgb-post-tax-term\">g1<\/a>"],"unlinked":["<span class=\"advgb-post-tax-term\">g1<\/span>"]}},"comment_count":"0","relative_dates":{"created":"Publicado 3 anos atr\u00e1s","modified":"Atualizado 3 anos atr\u00e1s"},"absolute_dates":{"created":"Publicado em 28 de agosto de 2023","modified":"Atualizado em 28 de agosto de 2023"},"absolute_dates_time":{"created":"Publicado em 28 de agosto de 2023 11:10","modified":"Atualizado em 28 de agosto de 2023 11:10"},"featured_img_caption":"","series_order":"","_links":{"self":[{"href":"https:\/\/sindaopcpb.org.br\/index.php\/wp-json\/wp\/v2\/posts\/31638","targetHints":{"allow":["GET"]}}],"collection":[{"href":"https:\/\/sindaopcpb.org.br\/index.php\/wp-json\/wp\/v2\/posts"}],"about":[{"href":"https:\/\/sindaopcpb.org.br\/index.php\/wp-json\/wp\/v2\/types\/post"}],"author":[{"embeddable":true,"href":"https:\/\/sindaopcpb.org.br\/index.php\/wp-json\/wp\/v2\/users\/42"}],"replies":[{"embeddable":true,"href":"https:\/\/sindaopcpb.org.br\/index.php\/wp-json\/wp\/v2\/comments?post=31638"}],"version-history":[{"count":1,"href":"https:\/\/sindaopcpb.org.br\/index.php\/wp-json\/wp\/v2\/posts\/31638\/revisions"}],"predecessor-version":[{"id":31639,"href":"https:\/\/sindaopcpb.org.br\/index.php\/wp-json\/wp\/v2\/posts\/31638\/revisions\/31639"}],"wp:attachment":[{"href":"https:\/\/sindaopcpb.org.br\/index.php\/wp-json\/wp\/v2\/media?parent=31638"}],"wp:term":[{"taxonomy":"category","embeddable":true,"href":"https:\/\/sindaopcpb.org.br\/index.php\/wp-json\/wp\/v2\/categories?post=31638"},{"taxonomy":"post_tag","embeddable":true,"href":"https:\/\/sindaopcpb.org.br\/index.php\/wp-json\/wp\/v2\/tags?post=31638"}],"curies":[{"name":"wp","href":"https:\/\/api.w.org\/{rel}","templated":true}]}}