{"id":31613,"date":"2023-08-28T09:54:44","date_gmt":"2023-08-28T12:54:44","guid":{"rendered":"https:\/\/wpa.wscom.com.br\/?p=920071"},"modified":"2023-08-28T09:54:44","modified_gmt":"2023-08-28T12:54:44","slug":"monsenhor-nereudo-celebra-emenda-de-ruy-no-valor-de-r-500-mil-para-reurbanizacao-da-praca-da-penha","status":"publish","type":"post","link":"https:\/\/sindaopcpb.org.br\/index.php\/2023\/08\/28\/monsenhor-nereudo-celebra-emenda-de-ruy-no-valor-de-r-500-mil-para-reurbanizacao-da-praca-da-penha\/","title":{"rendered":"Monsenhor Nereudo celebra emenda de Ruy no valor de R$ 500 mil para reurbaniza\u00e7\u00e3o da Pra\u00e7a da Penha"},"content":{"rendered":"<p>&nbsp;<\/p>\n<p>&nbsp;<\/p>\n<p>O monsenhor Nereudo Freire, reitor do Santu\u00e1rio da Penha em Jo\u00e3o Pessoa, revelou que o deputado federal Ruy Carneiro est\u00e1 destinando uma emenda de R$ 500 mil para reurbaniza\u00e7\u00e3o da Pra\u00e7a Osvaldo Pessoa, na Penha. A novidade foi anunciada durante a missa de lan\u00e7amento do tema da Romaria de Nossa Senhora da Penha 2023.<\/p>\n<p>Ruy destacou que a iniciativa tem o objetivo de melhorar a infraestrutura da regi\u00e3o, garantindo mais conforto para moradores, romeiros e turistas. \u201cParticipei do lan\u00e7amento do tema da Romaria da Penha e firmei um compromisso com a comunidade e com o monsenhor Nereudo. Vou destinar uma emenda de R$ 500 mil para revitalizar toda a estrutura da pra\u00e7a, que fica aqui ao lado do Santu\u00e1rio. Esses recursos ser\u00e3o garantidos ainda este ano e com certeza v\u00e3o trazer in\u00fameros benef\u00edcios para comunidade, principalmente nos dias de grande circula\u00e7\u00e3o de pessoas\u201d, detalhou.<\/p>\n<p>Na oportunidade, o monsenhor afirmou que essa conquista faz parte da miss\u00e3o de promover melhorias para o bairro da Penha. \u201cDurante uma conversa com o deputado Ruy, ele me prometeu destinar uma emenda, no valor de R$ 500 mil, para restrutura\u00e7\u00e3o da nossa pra\u00e7a, do cruzeiro e tamb\u00e9m para constru\u00e7\u00e3o dos banheiros. A gente agradece o gesto e vamos acompanhar a tramita\u00e7\u00e3o do processo. Nosso prop\u00f3sito \u00e9 continuar trazendo melhorias para o bairro da Penha\u201d, destacou.<\/p>\n<p>Em 2023, a Romaria da Penha chega a sua 260\u00aa edi\u00e7\u00e3o e ter\u00e1 como tema: &#8220;Senhora da Penha, ajudai-nos a repartir o p\u00e3o como sinal de gra\u00e7a e miss\u00e3o&#8221;. A programa\u00e7\u00e3o religiosa vai acontecer entre os dias 18 e\u00a026\u00a0de\u00a0novembro.<\/p>\n<p>O post <a rel=\"nofollow noopener\" href=\"https:\/\/wscom.com.br\/monsenhor-nereudo-celebra-emenda-de-ruy-no-valor-de-r-500-mil-para-reurbanizacao-da-praca-da-penha\/\" target=\"_blank\">Monsenhor Nereudo celebra emenda de Ruy no valor de R$ 500 mil para reurbaniza\u00e7\u00e3o da Pra\u00e7a da Penha<\/a> apareceu primeiro em <a rel=\"nofollow noopener\" href=\"https:\/\/wscom.com.br\/\" target=\"_blank\">WSCOM<\/a>.<\/p>\n","protected":false},"excerpt":{"rendered":"<p>\u00a0 \u00a0 O monsenhor Nereudo Freire, reitor do Santu\u00e1rio da Penha em Jo\u00e3o Pessoa, revelou que o deputado federal Ruy Carneiro est\u00e1 destinando uma emenda de R$ 500 mil para reurbaniza\u00e7\u00e3o da Pra\u00e7a Osvaldo Pessoa, na Penha. A novidade foi anunciada durante a missa de lan\u00e7amento do tema da Romaria de Nossa Senhora da Penha [\u2026]<\/p>\n<p>O post <a rel=\"nofollow\" href=\"https:\/\/wscom.com.br\/monsenhor-nereudo-celebra-emenda-de-ruy-no-valor-de-r-500-mil-para-reurbanizacao-da-praca-da-penha\/\">Monsenhor Nereudo celebra emenda de Ruy no valor de R$ 500 mil para reurbaniza\u00e7\u00e3o da Pra\u00e7a da Penha<\/a> apareceu primeiro em <a rel=\"nofollow\" href=\"https:\/\/wscom.com.br\/\">WSCOM<\/a>.<\/p>\n","protected":false},"author":42,"featured_media":0,"comment_status":"closed","ping_status":"closed","sticky":false,"template":"","format":"standard","meta":{"advgb_blocks_editor_width":"","advgb_blocks_columns_visual_guide":"","footnotes":""},"categories":[8273,34,8274,47,8275,8276,8277,764],"tags":[35],"class_list":["post-31613","post","type-post","status-publish","format-standard","hentry","category-emenda","category-g1","category-monsenhor-nereudo","category-politica","category-praca-da-penha","category-reurbanizacao","category-romaria-da-penha","category-ruy-carneiro","tag-g1"],"author_meta":{"display_name":"Rafael Andrade","author_link":"https:\/\/sindaopcpb.org.br\/author\/rafael-andrade\/"},"featured_img":null,"coauthors":[],"tax_additional":{"categories":{"linked":["<a href=\"https:\/\/sindaopcpb.org.br\/emenda\/\" class=\"advgb-post-tax-term\">Emenda<\/a>","<a href=\"https:\/\/sindaopcpb.org.br\/g1\/\" class=\"advgb-post-tax-term\">G1<\/a>","<a href=\"https:\/\/sindaopcpb.org.br\/monsenhor-nereudo\/\" class=\"advgb-post-tax-term\">Monsenhor Nereudo<\/a>","<a href=\"https:\/\/sindaopcpb.org.br\/politica\/\" class=\"advgb-post-tax-term\">POLITICA<\/a>","<a href=\"https:\/\/sindaopcpb.org.br\/praca-da-penha\/\" class=\"advgb-post-tax-term\">Pra\u00e7a da Penha<\/a>","<a href=\"https:\/\/sindaopcpb.org.br\/reurbanizacao\/\" class=\"advgb-post-tax-term\">reurbaniza\u00e7\u00e3o<\/a>","<a href=\"https:\/\/sindaopcpb.org.br\/romaria-da-penha\/\" class=\"advgb-post-tax-term\">Romaria da Penha<\/a>","<a href=\"https:\/\/sindaopcpb.org.br\/ruy-carneiro\/\" class=\"advgb-post-tax-term\">ruy carneiro<\/a>"],"unlinked":["<span class=\"advgb-post-tax-term\">Emenda<\/span>","<span class=\"advgb-post-tax-term\">G1<\/span>","<span class=\"advgb-post-tax-term\">Monsenhor Nereudo<\/span>","<span class=\"advgb-post-tax-term\">POLITICA<\/span>","<span class=\"advgb-post-tax-term\">Pra\u00e7a da Penha<\/span>","<span class=\"advgb-post-tax-term\">reurbaniza\u00e7\u00e3o<\/span>","<span class=\"advgb-post-tax-term\">Romaria da Penha<\/span>","<span class=\"advgb-post-tax-term\">ruy carneiro<\/span>"]},"tags":{"linked":["<a href=\"https:\/\/sindaopcpb.org.br\/ruy-carneiro\/\" class=\"advgb-post-tax-term\">g1<\/a>"],"unlinked":["<span class=\"advgb-post-tax-term\">g1<\/span>"]}},"comment_count":"0","relative_dates":{"created":"Publicado 3 anos atr\u00e1s","modified":"Atualizado 3 anos atr\u00e1s"},"absolute_dates":{"created":"Publicado em 28 de agosto de 2023","modified":"Atualizado em 28 de agosto de 2023"},"absolute_dates_time":{"created":"Publicado em 28 de agosto de 2023 09:54","modified":"Atualizado em 28 de agosto de 2023 09:54"},"featured_img_caption":"","series_order":"","_links":{"self":[{"href":"https:\/\/sindaopcpb.org.br\/index.php\/wp-json\/wp\/v2\/posts\/31613","targetHints":{"allow":["GET"]}}],"collection":[{"href":"https:\/\/sindaopcpb.org.br\/index.php\/wp-json\/wp\/v2\/posts"}],"about":[{"href":"https:\/\/sindaopcpb.org.br\/index.php\/wp-json\/wp\/v2\/types\/post"}],"author":[{"embeddable":true,"href":"https:\/\/sindaopcpb.org.br\/index.php\/wp-json\/wp\/v2\/users\/42"}],"replies":[{"embeddable":true,"href":"https:\/\/sindaopcpb.org.br\/index.php\/wp-json\/wp\/v2\/comments?post=31613"}],"version-history":[{"count":1,"href":"https:\/\/sindaopcpb.org.br\/index.php\/wp-json\/wp\/v2\/posts\/31613\/revisions"}],"predecessor-version":[{"id":31614,"href":"https:\/\/sindaopcpb.org.br\/index.php\/wp-json\/wp\/v2\/posts\/31613\/revisions\/31614"}],"wp:attachment":[{"href":"https:\/\/sindaopcpb.org.br\/index.php\/wp-json\/wp\/v2\/media?parent=31613"}],"wp:term":[{"taxonomy":"category","embeddable":true,"href":"https:\/\/sindaopcpb.org.br\/index.php\/wp-json\/wp\/v2\/categories?post=31613"},{"taxonomy":"post_tag","embeddable":true,"href":"https:\/\/sindaopcpb.org.br\/index.php\/wp-json\/wp\/v2\/tags?post=31613"}],"curies":[{"name":"wp","href":"https:\/\/api.w.org\/{rel}","templated":true}]}}