{"id":31601,"date":"2023-08-28T08:38:24","date_gmt":"2023-08-28T11:38:24","guid":{"rendered":"https:\/\/wpa.wscom.com.br\/?p=920066"},"modified":"2023-08-28T08:38:24","modified_gmt":"2023-08-28T11:38:24","slug":"raquel-lyra-deve-se-filiar-ao-psd-e-todos-os-governadores-do-nordeste-apoiarao-lula","status":"publish","type":"post","link":"https:\/\/sindaopcpb.org.br\/index.php\/2023\/08\/28\/raquel-lyra-deve-se-filiar-ao-psd-e-todos-os-governadores-do-nordeste-apoiarao-lula\/","title":{"rendered":"Raquel Lyra deve se filiar ao PSD e todos os governadores do Nordeste apoiar\u00e3o Lula"},"content":{"rendered":"<p>&nbsp;<\/p>\n<p>&nbsp;<\/p>\n<p>A governadora de Pernambuco, Raquel Lyra (PSDB), est\u00e1 considerando uma guinada significativa em sua carreira pol\u00edtica ao avaliar a possibilidade de se unir ao Partido Social Democr\u00e1tico (PSD). Essa movimenta\u00e7\u00e3o poderia solidificar uma alian\u00e7a rara, reunindo todos os governadores da regi\u00e3o Nordeste em apoio ao presidente Luiz In\u00e1cio Lula da Silva (PT).<\/p>\n<p>A governadora, que j\u00e1 havia demonstrado descontentamento com a dire\u00e7\u00e3o de seu partido, fez avan\u00e7os na \u00faltima semana ao trazer o PSD para sua gest\u00e3o estadual, atrav\u00e9s de uma colabora\u00e7\u00e3o com o ministro da Pesca, Andr\u00e9 de Paula. Atualmente, o PSD det\u00e9m controle sobre tr\u00eas minist\u00e9rios no governo federal: Pesca, Agricultura e Minas e Energia. Embora assessores de Lyra e de Paula afirmem que a filia\u00e7\u00e3o da governadora n\u00e3o esteja decidida, a entrada do PSD em seu governo estadual \u00e9 vista como um passo inicial nessa dire\u00e7\u00e3o,\u00a0segundo aponta o jornalista Bernardo Mello, do Globo.<\/p>\n<p>Dos nove estados nordestinos, somente Pernambuco elegeu um governador no ano passado que n\u00e3o estava alinhado com Lula. Se Raquel Lyra se juntar ao PSD, sob a lideran\u00e7a do ministro Andr\u00e9 de Paula em Pernambuco, isso poderia indicar um alinhamento da regi\u00e3o com o governo petista, algo que s\u00f3 foi visto no in\u00edcio do segundo mandato de Dilma Rousseff, em 2014. Naquela \u00e9poca, todos os governadores nordestinos apoiaram a reelei\u00e7\u00e3o de Dilma.<\/p>\n<p>A aus\u00eancia de Raquel Lyra em um encontro do PSDB em Bras\u00edlia, liderado pelo presidente nacional do partido, Eduardo Leite, aumenta as especula\u00e7\u00f5es sobre sua poss\u00edvel mudan\u00e7a para o PSD. Embora a governadora tenha cumprido compromissos em Bras\u00edlia na mesma semana, ela retornou a Pernambuco alegando compromissos previamente marcados. Este encontro visava posicionar o PSDB de forma diferente em rela\u00e7\u00e3o ao governo Lula, j\u00e1 que Eduardo Leite tem ambi\u00e7\u00f5es presidenciais para 2026, buscando ser uma alternativa ao PT e ao ex-presidente Jair Bolsonaro.<\/p>\n<p>O post <a rel=\"nofollow noopener\" href=\"https:\/\/wscom.com.br\/raquel-lyra-deve-se-filiar-ao-psd-e-todos-os-governadores-do-nordeste-apoiarao-lula\/\" target=\"_blank\">Raquel Lyra deve se filiar ao PSD e todos os governadores do Nordeste apoiar\u00e3o Lula<\/a> apareceu primeiro em <a rel=\"nofollow noopener\" href=\"https:\/\/wscom.com.br\/\" target=\"_blank\">WSCOM<\/a>.<\/p>\n","protected":false},"excerpt":{"rendered":"<p>\u00a0 \u00a0 A governadora de Pernambuco, Raquel Lyra (PSDB), est\u00e1 considerando uma guinada significativa em sua carreira pol\u00edtica ao avaliar a possibilidade de se unir ao Partido Social Democr\u00e1tico (PSD). Essa movimenta\u00e7\u00e3o poderia solidificar uma alian\u00e7a rara, reunindo todos os governadores da regi\u00e3o Nordeste em apoio ao presidente Luiz In\u00e1cio Lula da Silva (PT). A [\u2026]<\/p>\n<p>O post <a rel=\"nofollow\" href=\"https:\/\/wscom.com.br\/raquel-lyra-deve-se-filiar-ao-psd-e-todos-os-governadores-do-nordeste-apoiarao-lula\/\">Raquel Lyra deve se filiar ao PSD e todos os governadores do Nordeste apoiar\u00e3o Lula<\/a> apareceu primeiro em <a rel=\"nofollow\" href=\"https:\/\/wscom.com.br\/\">WSCOM<\/a>.<\/p>\n","protected":false},"author":42,"featured_media":0,"comment_status":"closed","ping_status":"closed","sticky":false,"template":"","format":"standard","meta":{"advgb_blocks_editor_width":"","advgb_blocks_columns_visual_guide":"","footnotes":""},"categories":[2803,2566,34,110,47,3938,7280],"tags":[35],"class_list":["post-31601","post","type-post","status-publish","format-standard","hentry","category-alianca","category-apoio","category-g1","category-lula","category-politica","category-psd","category-raquel-lyra","tag-g1"],"author_meta":{"display_name":"Rafael Andrade","author_link":"https:\/\/sindaopcpb.org.br\/author\/rafael-andrade\/"},"featured_img":null,"coauthors":[],"tax_additional":{"categories":{"linked":["<a href=\"https:\/\/sindaopcpb.org.br\/alianca\/\" class=\"advgb-post-tax-term\">Alian\u00e7a<\/a>","<a href=\"https:\/\/sindaopcpb.org.br\/apoio\/\" class=\"advgb-post-tax-term\">apoio<\/a>","<a href=\"https:\/\/sindaopcpb.org.br\/g1\/\" class=\"advgb-post-tax-term\">G1<\/a>","<a href=\"https:\/\/sindaopcpb.org.br\/lula\/\" class=\"advgb-post-tax-term\">Lula<\/a>","<a href=\"https:\/\/sindaopcpb.org.br\/politica\/\" class=\"advgb-post-tax-term\">POLITICA<\/a>","<a href=\"https:\/\/sindaopcpb.org.br\/psd\/\" class=\"advgb-post-tax-term\">psd<\/a>","<a href=\"https:\/\/sindaopcpb.org.br\/raquel-lyra\/\" class=\"advgb-post-tax-term\">Raquel Lyra<\/a>"],"unlinked":["<span class=\"advgb-post-tax-term\">Alian\u00e7a<\/span>","<span class=\"advgb-post-tax-term\">apoio<\/span>","<span class=\"advgb-post-tax-term\">G1<\/span>","<span class=\"advgb-post-tax-term\">Lula<\/span>","<span class=\"advgb-post-tax-term\">POLITICA<\/span>","<span class=\"advgb-post-tax-term\">psd<\/span>","<span class=\"advgb-post-tax-term\">Raquel Lyra<\/span>"]},"tags":{"linked":["<a href=\"https:\/\/sindaopcpb.org.br\/raquel-lyra\/\" class=\"advgb-post-tax-term\">g1<\/a>"],"unlinked":["<span class=\"advgb-post-tax-term\">g1<\/span>"]}},"comment_count":"0","relative_dates":{"created":"Publicado 3 anos atr\u00e1s","modified":"Atualizado 3 anos atr\u00e1s"},"absolute_dates":{"created":"Publicado em 28 de agosto de 2023","modified":"Atualizado em 28 de agosto de 2023"},"absolute_dates_time":{"created":"Publicado em 28 de agosto de 2023 08:38","modified":"Atualizado em 28 de agosto de 2023 08:38"},"featured_img_caption":"","series_order":"","_links":{"self":[{"href":"https:\/\/sindaopcpb.org.br\/index.php\/wp-json\/wp\/v2\/posts\/31601","targetHints":{"allow":["GET"]}}],"collection":[{"href":"https:\/\/sindaopcpb.org.br\/index.php\/wp-json\/wp\/v2\/posts"}],"about":[{"href":"https:\/\/sindaopcpb.org.br\/index.php\/wp-json\/wp\/v2\/types\/post"}],"author":[{"embeddable":true,"href":"https:\/\/sindaopcpb.org.br\/index.php\/wp-json\/wp\/v2\/users\/42"}],"replies":[{"embeddable":true,"href":"https:\/\/sindaopcpb.org.br\/index.php\/wp-json\/wp\/v2\/comments?post=31601"}],"version-history":[{"count":1,"href":"https:\/\/sindaopcpb.org.br\/index.php\/wp-json\/wp\/v2\/posts\/31601\/revisions"}],"predecessor-version":[{"id":31602,"href":"https:\/\/sindaopcpb.org.br\/index.php\/wp-json\/wp\/v2\/posts\/31601\/revisions\/31602"}],"wp:attachment":[{"href":"https:\/\/sindaopcpb.org.br\/index.php\/wp-json\/wp\/v2\/media?parent=31601"}],"wp:term":[{"taxonomy":"category","embeddable":true,"href":"https:\/\/sindaopcpb.org.br\/index.php\/wp-json\/wp\/v2\/categories?post=31601"},{"taxonomy":"post_tag","embeddable":true,"href":"https:\/\/sindaopcpb.org.br\/index.php\/wp-json\/wp\/v2\/tags?post=31601"}],"curies":[{"name":"wp","href":"https:\/\/api.w.org\/{rel}","templated":true}]}}