{"id":31597,"date":"2023-08-28T06:29:13","date_gmt":"2023-08-28T09:29:13","guid":{"rendered":"https:\/\/g1.globo.com\/pb\/paraiba\/noticia\/2023\/08\/28\/rota-cultural-caminhos-do-frio-2023-chega-em-alagoa-grande-pb-nesta-segunda-28.ghtml"},"modified":"2023-08-28T06:29:13","modified_gmt":"2023-08-28T09:29:13","slug":"rota-cultural-caminhos-do-frio-2023-chega-em-alagoa-grande-pb-nesta-segunda-28","status":"publish","type":"post","link":"https:\/\/sindaopcpb.org.br\/index.php\/2023\/08\/28\/rota-cultural-caminhos-do-frio-2023-chega-em-alagoa-grande-pb-nesta-segunda-28\/","title":{"rendered":"Rota Cultural Caminhos do Frio 2023 chega em Alagoa Grande, PB, nesta segunda (28)"},"content":{"rendered":"   <img src=\"https:\/\/s2.glbimg.com\/VuJNpY2tiq3QHUNgJYuw7XezvJQ=\/i.s3.glbimg.com\/v1\/AUTH_59edd422c0c84a879bd37670ae4f538a\/internal_photos\/bs\/2023\/y\/1\/vRfRMsQxSjyPEwGCR7Jw\/alagoa-grande.jpg\" \/><br \/>     Evento deve passar por 10 munic\u00edpios da regi\u00e3o do Brejo da Para\u00edba at\u00e9 o m\u00eas de setembro. Alagoa Grande tem Memorial de Jackson do Pandeiro, artista que nasceu na cidade\nDivulga\u00e7\u00e3o\/Brejo PB\nA cidade de Alagoa Grande, no Brejo paraibano, recebe a partir desta segunda-feira (28) a Rota Cultural Caminhos do Frio 2023. O evento deve passar por 10 munic\u00edpios da regi\u00e3o do Brejo da Para\u00edba at\u00e9 o m\u00eas de setembro.\nVeja a programa\u00e7\u00e3o com todas as atividades\nConfira o Guia Qual \u00e9 a Boa\nCom temperaturas amenas, os munic\u00edpios do Brejo paraibano esperam receber muitos turistas ao longo do Caminhos do Frio. De acordo com a organiza\u00e7\u00e3o da rota cultural, as cidades que fazem parte da iniciativa v\u00e3o ofertar programa\u00e7\u00e3o musical, de  artes c\u00eanicas, gastronomia, trilhas e experi\u00eancias nos engenhos. \nA rota cultural j\u00e1 passou por Areia, Pil\u00f5es, Matinhas, Sol\u00e2nea, Serraria, Borborema, Rem\u00edgio, Bananeiras e tamb\u00e9m tem programa\u00e7\u00e3o em Alagoa Grande e Alagoa Nova. Entre as atra\u00e7\u00f5es confirmadas, est\u00e3o o cantor Oswaldo Montenegro e o escritor Br\u00e1ulio Bessa.\nEm Alagoa Grande, nona cidade da receber o Caminhos do Frio 2023, a programa\u00e7\u00e3o conta com apresenta\u00e7\u00e3o culturais, feirinha gastron\u00f4mica e exposi\u00e7\u00f5es (confira a programa\u00e7\u00e3o abaixo).\nPrograma\u00e7\u00e3o de shows do Caminhos do Frio em Alagoa Grande\n28 de agosto (segunda-feira):\n19h30\nAbertura Oficial (Largo do Theatro Santa Ign\u00eaz)\nFeirinha Gastron\u00f4mica e Os Sabores do Rei\nExposi\u00e7\u00e3o: o pav\u00e3o misterioso na terra de Manoel D\u2019Almeida Filho \u2013 Jocelino Tom\u00e1s \n21h30\nApresenta\u00e7\u00f5es Culturais e Show no Largo do Theatro Santa Ign\u00eaz\n29 de agosto (ter\u00e7a-feira): \n8h - Teatro Santa Ign\u00eaz\nFestival Estudantil de Artes\n18h\nFeirinha Gastron\u00f4mica e Os Sabores do Rei\n19:30h\nExposi\u00e7\u00e3o: a obra de Manoel D\u2019Almeida Filho e a Literatura de cordel\n20h - Theatro Santa Ign\u00eaz \nArte no palco (apresenta\u00e7\u00e3o de dan\u00e7a)\n20h30 - Theatro Santa Ign\u00eaz \nEspet\u00e1culo: A peleja do cafute num lugar chamado sert\u00e3o \u2013 Cia. Mangaio\n21h30 - Largo do Theatro Santa Ign\u00eaz\nApresenta\u00e7\u00f5es Culturais e Show\n30 de agosto (quarta-feira):\n8h - Teatro Santa Ign\u00eaz\nFestival Estudantil de Artes\n18h \nFeirinha Gastron\u00f4mica e Os Sabores do Rei\n19h30\nExposi\u00e7\u00e3o: a obra de Manoel D\u2019Almeida Filho e a Literatura de cordel \n20h - Theatro Santa Ign\u00eaz\nArte no palco (apresenta\u00e7\u00e3o de dan\u00e7a)\n20h30 - Theatro Santa Ign\u00eaz\nEspet\u00e1culo: Cartas para Maria \u2013 Cia. ACONDE\n21h30 - Largo do Theatro Santa Ign\u00eaz\nApresenta\u00e7\u00f5es Culturais e Show\n31 de agosto (quinta-feira):\n8h - Teatro Santa Ign\u00eaz\nFestival Estudantil de Artes\n8h - Memorial Jackson do Pandeiro\nQuinta do Rei: um dia com Jackson\n9h\nRURAL FEST\n16h - Maria da P\u00e1 Virada Bistr\u00f4\nSabores do Bistr\u00f4: ch\u00e1 da tarde\n18h\nFeirinha Gastron\u00f4mica e Os Sabores do Rei\n19h30\nExposi\u00e7\u00e3o: a obra de Manoel D\u2019Almeida Filho e a Literatura de cordel\n20h - Theatro Santa Ign\u00eaz\nArte no palco - Apresenta\u00e7\u00e3o musical \n20h30 - Theatro Santa Ign\u00eaz\nEspet\u00e1culo Teatral Ra\u00edzes\n21h30 - Largo do Theatro Santa Ign\u00eaz\nApresenta\u00e7\u00f5es Culturais e Show\n1\u00ba de setembro (sexta-feira):\n8h - Teatro Santa Ign\u00eaz\nFestival Estudantil de Artes\n9h \nRURAL FEST\n16h - Maria da P\u00e1 Virada Bistr\u00f4\nSabores do Bistr\u00f4: ch\u00e1 da tarde\n20h - Restaurante Sabores do Rei\nSons e Sabores do Rei\n21h - P\u00e1tio do Mercado P\u00fablico\nShows Musicais\n2 de setembro (s\u00e1bado):\n6h - corrida rural\nAventure-se: esportes de aventura \u2013 Trail Run\n9h - Pavilh\u00e3o Central\nRURAL FEST\n10h - Emp\u00f3rio Dedin de Prosa \u2013 Irandi Alimentos - Canaf\u00edstula\nCom a faca e o queijo\n11h - Engenho Vol\u00fapia\nP\u00e9 de serra com cacha\u00e7a\n11h - Restaurante Rita de Chic\u00f3 \u2013 Caiana dos Crioulos\nAlmo\u00e7o com Coco de Roda\n11h30 - Maria da P\u00e1 Virada Bistr\u00f4\nSabores do Bistr\u00f4: almo\u00e7o e forr\u00f3 p\u00e9-de-serra\n16h - P\u00e1tio do Posto Pandeiro\nUma tarde no Pandeiro: artesanato, sons e sabores \n16 - Maria da P\u00e1 Virada Bistr\u00f4\nUma tarde no Pandeiro: artesanato, sons e sabores \n20h - Restaurante Sabores do Rei\nSons e Sabores do Rei\n21h - P\u00e1tio do Mercado P\u00fablico\nShows Musicais\n3 de setembro (domingo):\n6h\nAventure-se: esportes de aventura\n9h - Caiana dos Crioulos\nVivenciando Caiana \n9h - Restaurante Rita de Chic\u00f3 \u2013 Caiana dos Crioulos\nFesta do Coco\n10h - Emp\u00f3rio Dedin de Prosa \u2013 Irandi Alimentos \u2013 Canaf\u00edstula\nCom a faca e o queijo\n10h\nCavalgada \u2013 Encerramento do RURAL FEST\n11h30 - Maria da P\u00e1 Virada Bistr\u00f4\nSabores do Bistr\u00f4: almo\u00e7o e forr\u00f3 p\u00e9-de-serra\n16h - Maria da P\u00e1 Virada Bistr\u00f4\nSabores do Bistr\u00f4: ch\u00e1 da tarde\n19h30 - Theatro Santa Ign\u00eaz\nCinema: Mostra Pa\u00f3 de Curtas Metragens\n20h - Theatro Santa Ign\u00eaz\nFlora: a m\u00e3e do rei (lan\u00e7amento do Curta Metragem)\n20h - Restaurante Sabores do Rei\nSons e Sabores do Rei\n20h30 - Theatro Santa Ign\u00eaz\nArte no Papel: Exposi\u00e7\u00f5es e lan\u00e7amento de livros\n22h - Largo do Theatro Santa Ign\u00eaz\nApresenta\u00e7\u00f5es Culturais\nV\u00eddeos mais assistidos do g1 Para\u00edba\n9h  ","protected":false},"excerpt":{"rendered":"<p>        Evento deve passar por 10 munic\u00edpios da regi\u00e3o do Brejo da Para\u00edba at\u00e9 o m\u00eas de setembro. Alagoa Grande tem Memorial de Jackson do Pandeiro, artista que nasceu na cidade<br \/>\nDivulga\u00e7\u00e3o\/Brejo PB<br \/>\nA cidade de Alagoa Grande, no Brejo paraibano, recebe &#8230;<\/p>\n","protected":false},"author":2,"featured_media":0,"comment_status":"closed","ping_status":"closed","sticky":false,"template":"","format":"standard","meta":{"advgb_blocks_editor_width":"","advgb_blocks_columns_visual_guide":"","footnotes":""},"categories":[34],"tags":[35],"class_list":["post-31597","post","type-post","status-publish","format-standard","hentry","category-g1","tag-g1"],"author_meta":{"display_name":"g1 &gt; Para\u00edba","author_link":"https:\/\/sindaopcpb.org.br\/author\/g1-paraiba\/"},"featured_img":null,"coauthors":[],"tax_additional":{"categories":{"linked":["<a href=\"https:\/\/sindaopcpb.org.br\/g1\/\" class=\"advgb-post-tax-term\">G1<\/a>"],"unlinked":["<span class=\"advgb-post-tax-term\">G1<\/span>"]},"tags":{"linked":["<a href=\"https:\/\/sindaopcpb.org.br\/g1\/\" class=\"advgb-post-tax-term\">g1<\/a>"],"unlinked":["<span class=\"advgb-post-tax-term\">g1<\/span>"]}},"comment_count":"0","relative_dates":{"created":"Publicado 3 anos atr\u00e1s","modified":"Atualizado 3 anos atr\u00e1s"},"absolute_dates":{"created":"Publicado em 28 de agosto de 2023","modified":"Atualizado em 28 de agosto de 2023"},"absolute_dates_time":{"created":"Publicado em 28 de agosto de 2023 06:29","modified":"Atualizado em 28 de agosto de 2023 06:29"},"featured_img_caption":"","series_order":"","_links":{"self":[{"href":"https:\/\/sindaopcpb.org.br\/index.php\/wp-json\/wp\/v2\/posts\/31597","targetHints":{"allow":["GET"]}}],"collection":[{"href":"https:\/\/sindaopcpb.org.br\/index.php\/wp-json\/wp\/v2\/posts"}],"about":[{"href":"https:\/\/sindaopcpb.org.br\/index.php\/wp-json\/wp\/v2\/types\/post"}],"author":[{"embeddable":true,"href":"https:\/\/sindaopcpb.org.br\/index.php\/wp-json\/wp\/v2\/users\/2"}],"replies":[{"embeddable":true,"href":"https:\/\/sindaopcpb.org.br\/index.php\/wp-json\/wp\/v2\/comments?post=31597"}],"version-history":[{"count":1,"href":"https:\/\/sindaopcpb.org.br\/index.php\/wp-json\/wp\/v2\/posts\/31597\/revisions"}],"predecessor-version":[{"id":31598,"href":"https:\/\/sindaopcpb.org.br\/index.php\/wp-json\/wp\/v2\/posts\/31597\/revisions\/31598"}],"wp:attachment":[{"href":"https:\/\/sindaopcpb.org.br\/index.php\/wp-json\/wp\/v2\/media?parent=31597"}],"wp:term":[{"taxonomy":"category","embeddable":true,"href":"https:\/\/sindaopcpb.org.br\/index.php\/wp-json\/wp\/v2\/categories?post=31597"},{"taxonomy":"post_tag","embeddable":true,"href":"https:\/\/sindaopcpb.org.br\/index.php\/wp-json\/wp\/v2\/tags?post=31597"}],"curies":[{"name":"wp","href":"https:\/\/api.w.org\/{rel}","templated":true}]}}