{"id":31582,"date":"2023-08-27T14:28:31","date_gmt":"2023-08-27T17:28:31","guid":{"rendered":"https:\/\/g1.globo.com\/pb\/paraiba\/noticia\/2023\/08\/27\/concurso-da-epc-tem-prova-pratica-para-jornalista-suspensa-apos-problema-com-malotes.ghtml"},"modified":"2023-08-27T14:28:31","modified_gmt":"2023-08-27T17:28:31","slug":"concurso-da-epc-tem-prova-pratica-para-jornalista-suspensa-apos-problema-com-malotes","status":"publish","type":"post","link":"https:\/\/sindaopcpb.org.br\/index.php\/2023\/08\/27\/concurso-da-epc-tem-prova-pratica-para-jornalista-suspensa-apos-problema-com-malotes\/","title":{"rendered":"Concurso da EPC tem prova pr\u00e1tica para jornalista suspensa ap\u00f3s problema com malotes"},"content":{"rendered":"   <img src=\"https:\/\/s2.glbimg.com\/e3Mw1l9x7hZhvlMTUTyHtvq7wwQ=\/i.s3.glbimg.com\/v1\/AUTH_59edd422c0c84a879bd37670ae4f538a\/internal_photos\/bs\/2020\/M\/j\/wfrBW6Qvq6d0c59pSQJQ\/epspe.jpeg\" \/><br \/>     Candidatos relataram que os malotes foram entregues nas salas com documentos direcionados aos avaliadores e sem o caderno de proposta de reda\u00e7\u00e3o Escola de Servi\u00e7o P\u00fablico do Estado da Para\u00edba (Espep), local onde aconteceriam as provas pr\u00e1ticas para jornalista do concurso da EPC\nDivulga\u00e7\u00e3o\/Espep\nA prova pr\u00e1tica do concurso da Empresa Paraibana de Comunica\u00e7\u00e3o (EPC) para o cargo de jornalista, que aconteceria neste domingo (27), foi suspensa ap\u00f3s problemas nos malotes enviados para o local de prova. Candidatos relataram ao g1 que materiais necess\u00e1rios para a aplica\u00e7\u00e3o do exame, como o caderno com a proposta de reda\u00e7\u00e3o, n\u00e3o foram entregues, e que no malote havia documentos direcionados aos aplicadores.\nO g1 tentou entrar em contato com a Funda\u00e7\u00e3o Vunesp, organizadora do certame, e tamb\u00e9m com a EPC, mas as mensagens n\u00e3o foram respondidas at\u00e9 \u00e0s 14h.\nConforme o edital de convoca\u00e7\u00e3o para a prova pr\u00e1tica, neste domingo aconteceria a aplica\u00e7\u00e3o das provas para o cargo de jornalista, em salas da Escola de Servi\u00e7o P\u00fablico do Estado da Para\u00edba (Espep). Os candidatos foram divididos em quatro turmas, nos hor\u00e1rios das 8h, 9h, 10h e 11h. \n\u201cEu cheguei para fazer a prova de 9h, mas quando deu 9h40 ainda n\u00e3o havia come\u00e7ado e um homem entrou na sala para pedir desculpas por um problema que aconteceu, e que nunca havia acontecido em 40 anos. Foi relatado que a turma de 8h chegou para fazer o exame e quando abriram os malotes, estavam faltando a proposta de reda\u00e7\u00e3o e a folha-resposta, e que s\u00f3 foram entregues uma folha com orienta\u00e7\u00e3o aos candidatos, e outra com crit\u00e9rios de avalia\u00e7\u00e3o e espa\u00e7o para observa\u00e7\u00e3o dos avaliadores\u201d, explicou um dos candidatos, que preferiu n\u00e3o se identificar.\nAinda conforme o candidato, as folhas com crit\u00e9rios de avalia\u00e7\u00e3o chegaram a ser entregues para algumas pessoas da turma das 8h, uma vez que, no lado de fora das salas de aplica\u00e7\u00e3o, algumas pessoas estavam discutindo sobre o tema da reda\u00e7\u00e3o.\n\u201cMe contaram que a prova era uma proposta de como fazer uma cobertura jornal\u00edstica de uma enchente. Inclusive, com as informa\u00e7\u00f5es que deveriam ser avaliadas nas reda\u00e7\u00f5es\u201d, contou.\nOutro candidato, que tamb\u00e9m preferiu n\u00e3o se identificar, estava na rela\u00e7\u00e3o dos que iriam fazer a prova no hor\u00e1rio das 11h. Ele explicou que a coordena\u00e7\u00e3o do local de prova pediu para que todos fossem at\u00e9 o audit\u00f3rio para explicar o problema.\n\u201cAssim que chegamos l\u00e1, fomos avisados para ir ao audit\u00f3rio e disseram que houve o problema em todos os malotes, de todos os hor\u00e1rios. Tamb\u00e9m explicaram que a prova vai ser adiada e que nesta semana deve sair um novo edital de quando e como vai ser a aplica\u00e7\u00e3o. Como n\u00e3o nos pediram para registrar nada, a minha turma, de 11h, resolveu por conta pr\u00f3pria assinar um termo de comparecimento e redigir uma ata explicando tudo o que aconteceu\u201d, relatou. \nAs provas pr\u00e1ticas do concurso da EPC est\u00e3o previstas para acontecer em 10 datas e hor\u00e1rios diferentes, de acordo com o cargo escolhido. Para esta etapa, foram convocados os candidatos aprovados para a fase pr\u00e1tica nos cargos de:\nAuxiliar de servi\u00e7os gr\u00e1ficos\nCortador gr\u00e1fico\nEletricista de manuten\u00e7\u00e3o industrial\nLocutor\nMec\u00e2nico de manuten\u00e7\u00e3o industrial\nNarrador esportivo\nOperador de acabamento (m\u00e1quina de cola)\nOperador de grava\u00e7\u00e3o de r\u00e1dio\nRevisor de texto em Braille\nT\u00e9cnico de impress\u00e3o em m\u00e1quina offset\nT\u00e9cnico de impress\u00e3o em m\u00e1quina rotativa\nT\u00e9cnico em artes gr\u00e1ficas\nT\u00e9cnico em artes visuais\nTranscritor de sistema Braille\nDesigner gr\u00e1fico\nDiagramador\nJornalista\nLocutor apresentador\nLocutor operador\nOperador de \u00e1udio\nProgramador musical\nRep\u00f3rter fotogr\u00e1fico\nRevisor de texto\nOs candidatos convocados precisam ficar atentos ao local de prova, hor\u00e1rio e data, conforme publica\u00e7\u00e3o no Di\u00e1rio Oficial, uma vez que a rela\u00e7\u00e3o foi publicada em ordem alfab\u00e9tica, e os pr\u00e9dios, hor\u00e1rios e datas variam de acordo com o cargo.  ","protected":false},"excerpt":{"rendered":"<p>        Candidatos relataram que os malotes foram entregues nas salas com documentos direcionados aos avaliadores e sem o caderno de proposta de reda\u00e7\u00e3o Escola de Servi\u00e7o P\u00fablico do Estado da Para\u00edba (Espep), local onde aconteceriam as provas pr\u00e1ticas &#8230;<\/p>\n","protected":false},"author":2,"featured_media":0,"comment_status":"closed","ping_status":"closed","sticky":false,"template":"","format":"standard","meta":{"advgb_blocks_editor_width":"","advgb_blocks_columns_visual_guide":"","footnotes":""},"categories":[34],"tags":[35],"class_list":["post-31582","post","type-post","status-publish","format-standard","hentry","category-g1","tag-g1"],"author_meta":{"display_name":"g1 &gt; Para\u00edba","author_link":"https:\/\/sindaopcpb.org.br\/author\/g1-paraiba\/"},"featured_img":null,"coauthors":[],"tax_additional":{"categories":{"linked":["<a href=\"https:\/\/sindaopcpb.org.br\/g1\/\" class=\"advgb-post-tax-term\">G1<\/a>"],"unlinked":["<span class=\"advgb-post-tax-term\">G1<\/span>"]},"tags":{"linked":["<a href=\"https:\/\/sindaopcpb.org.br\/g1\/\" class=\"advgb-post-tax-term\">g1<\/a>"],"unlinked":["<span class=\"advgb-post-tax-term\">g1<\/span>"]}},"comment_count":"0","relative_dates":{"created":"Publicado 3 anos atr\u00e1s","modified":"Atualizado 3 anos atr\u00e1s"},"absolute_dates":{"created":"Publicado em 27 de agosto de 2023","modified":"Atualizado em 27 de agosto de 2023"},"absolute_dates_time":{"created":"Publicado em 27 de agosto de 2023 14:28","modified":"Atualizado em 27 de agosto de 2023 14:28"},"featured_img_caption":"","series_order":"","_links":{"self":[{"href":"https:\/\/sindaopcpb.org.br\/index.php\/wp-json\/wp\/v2\/posts\/31582","targetHints":{"allow":["GET"]}}],"collection":[{"href":"https:\/\/sindaopcpb.org.br\/index.php\/wp-json\/wp\/v2\/posts"}],"about":[{"href":"https:\/\/sindaopcpb.org.br\/index.php\/wp-json\/wp\/v2\/types\/post"}],"author":[{"embeddable":true,"href":"https:\/\/sindaopcpb.org.br\/index.php\/wp-json\/wp\/v2\/users\/2"}],"replies":[{"embeddable":true,"href":"https:\/\/sindaopcpb.org.br\/index.php\/wp-json\/wp\/v2\/comments?post=31582"}],"version-history":[{"count":2,"href":"https:\/\/sindaopcpb.org.br\/index.php\/wp-json\/wp\/v2\/posts\/31582\/revisions"}],"predecessor-version":[{"id":31592,"href":"https:\/\/sindaopcpb.org.br\/index.php\/wp-json\/wp\/v2\/posts\/31582\/revisions\/31592"}],"wp:attachment":[{"href":"https:\/\/sindaopcpb.org.br\/index.php\/wp-json\/wp\/v2\/media?parent=31582"}],"wp:term":[{"taxonomy":"category","embeddable":true,"href":"https:\/\/sindaopcpb.org.br\/index.php\/wp-json\/wp\/v2\/categories?post=31582"},{"taxonomy":"post_tag","embeddable":true,"href":"https:\/\/sindaopcpb.org.br\/index.php\/wp-json\/wp\/v2\/tags?post=31582"}],"curies":[{"name":"wp","href":"https:\/\/api.w.org\/{rel}","templated":true}]}}