{"id":31498,"date":"2023-08-26T12:30:01","date_gmt":"2023-08-26T15:30:01","guid":{"rendered":"https:\/\/g1.globo.com\/pb\/paraiba\/noticia\/2023\/08\/26\/companhia-aerea-cancela-voos-e-passageiros-aguardam-sem-assistencia-em-campina-grande.ghtml"},"modified":"2023-08-26T12:30:01","modified_gmt":"2023-08-26T15:30:01","slug":"companhia-aerea-cancela-voos-e-passageiros-aguardam-sem-assistencia-em-campina-grande","status":"publish","type":"post","link":"https:\/\/sindaopcpb.org.br\/index.php\/2023\/08\/26\/companhia-aerea-cancela-voos-e-passageiros-aguardam-sem-assistencia-em-campina-grande\/","title":{"rendered":"Companhia a\u00e9rea cancela voos, e passageiros aguardam sem assist\u00eancia em Campina Grande"},"content":{"rendered":"   <img src=\"https:\/\/s2.glbimg.com\/qqlsIa7fqswV0Bm7IsR48Bhunco=\/s.glbimg.com\/jo\/g1\/f\/original\/2016\/05\/24\/aeroporto_jo_o_suassuna_predio_pista_pag.especial_cad.caderno_1_leonardo_silva_395890.jpg\" \/><br \/>     Voos teriam sido cancelados por condi\u00e7\u00f5es metereol\u00f3gicas adversas. Passageiros afirmam aguardar sem sem oferta de hospedagem, translado e alimenta\u00e7\u00e3o. Aeroporto Presidente Jo\u00e3o Suassuna, em Campina Grande\nLeonardo Silva\/Jornal da Para\u00edba\nOs passageiros de uma companhia a\u00e9rea est\u00e3o desde a madrugada esperando por um v\u00f4o que deveria ter sa\u00eddo por volta das 3h da manh\u00e3 deste s\u00e1bado (26) do Aeroporto Presidente Jo\u00e3o Suassuna em Campina Grande. \nOs passageiros relataram \u00e0 TV Para\u00edba que est\u00e3o aguardando no sagu\u00e3o do aeroporto desde a madrugada por voos da mesma companhia a\u00e9rea com destino a v\u00e1rios lugares, a maioria deles para Salvador, onde fariam conex\u00e3o.\n\u201cN\u00f3s dever\u00edamos ter sa\u00eddo \u00e0s 3h45 e n\u00e3o tivemos informa\u00e7\u00f5es. Depois informaram que o voo chegaria ao meio dia, mas estava errado, pois esse voo existia\u201d, reclamou uma passageira.\nSegundo as pessoas no local, a espera do voo ocorre sem oferta de hospedagem, translado e alimenta\u00e7\u00e3o.\nEm nota, a Gol informou que devido \u00e0s condi\u00e7\u00f5es metereol\u00f3gicas adversas no aeroporto de Campina Grande houve uma restri\u00e7\u00e3o de voos e por isso precisou realocar os passageiros para outros voos. \nA companhia disse ainda, que todos os clientes receberam as devidas tratativas, como remarca\u00e7\u00e3o ou acomoda\u00e7\u00e3o.\nOs passageiros seguem aguardando um pr\u00f3ximo voo com previs\u00e3o de sa\u00edda \u00e0s 16h30, conforme informado pela companhia a\u00e9rea.\nO Procon est\u00e1 no local registrando a situa\u00e7\u00e3o.\nV\u00eddeos mais assistidos do g1 Para\u00edba  ","protected":false},"excerpt":{"rendered":"<p>        Voos teriam sido cancelados por condi\u00e7\u00f5es metereol\u00f3gicas adversas. Passageiros afirmam aguardar sem sem oferta de hospedagem, translado e alimenta\u00e7\u00e3o. Aeroporto Presidente Jo\u00e3o Suassuna, em Campina Grande<br \/>\nLeonardo Silva\/Jornal da Para\u00edba<br \/>\nOs pas&#8230;<\/p>\n","protected":false},"author":2,"featured_media":0,"comment_status":"closed","ping_status":"closed","sticky":false,"template":"","format":"standard","meta":{"advgb_blocks_editor_width":"","advgb_blocks_columns_visual_guide":"","footnotes":""},"categories":[34],"tags":[35],"class_list":["post-31498","post","type-post","status-publish","format-standard","hentry","category-g1","tag-g1"],"author_meta":{"display_name":"g1 &gt; Para\u00edba","author_link":"https:\/\/sindaopcpb.org.br\/author\/g1-paraiba\/"},"featured_img":null,"coauthors":[],"tax_additional":{"categories":{"linked":["<a href=\"https:\/\/sindaopcpb.org.br\/g1\/\" class=\"advgb-post-tax-term\">G1<\/a>"],"unlinked":["<span class=\"advgb-post-tax-term\">G1<\/span>"]},"tags":{"linked":["<a href=\"https:\/\/sindaopcpb.org.br\/g1\/\" class=\"advgb-post-tax-term\">g1<\/a>"],"unlinked":["<span class=\"advgb-post-tax-term\">g1<\/span>"]}},"comment_count":"0","relative_dates":{"created":"Publicado 3 anos atr\u00e1s","modified":"Atualizado 3 anos atr\u00e1s"},"absolute_dates":{"created":"Publicado em 26 de agosto de 2023","modified":"Atualizado em 26 de agosto de 2023"},"absolute_dates_time":{"created":"Publicado em 26 de agosto de 2023 12:30","modified":"Atualizado em 26 de agosto de 2023 12:30"},"featured_img_caption":"","series_order":"","_links":{"self":[{"href":"https:\/\/sindaopcpb.org.br\/index.php\/wp-json\/wp\/v2\/posts\/31498","targetHints":{"allow":["GET"]}}],"collection":[{"href":"https:\/\/sindaopcpb.org.br\/index.php\/wp-json\/wp\/v2\/posts"}],"about":[{"href":"https:\/\/sindaopcpb.org.br\/index.php\/wp-json\/wp\/v2\/types\/post"}],"author":[{"embeddable":true,"href":"https:\/\/sindaopcpb.org.br\/index.php\/wp-json\/wp\/v2\/users\/2"}],"replies":[{"embeddable":true,"href":"https:\/\/sindaopcpb.org.br\/index.php\/wp-json\/wp\/v2\/comments?post=31498"}],"version-history":[{"count":4,"href":"https:\/\/sindaopcpb.org.br\/index.php\/wp-json\/wp\/v2\/posts\/31498\/revisions"}],"predecessor-version":[{"id":31531,"href":"https:\/\/sindaopcpb.org.br\/index.php\/wp-json\/wp\/v2\/posts\/31498\/revisions\/31531"}],"wp:attachment":[{"href":"https:\/\/sindaopcpb.org.br\/index.php\/wp-json\/wp\/v2\/media?parent=31498"}],"wp:term":[{"taxonomy":"category","embeddable":true,"href":"https:\/\/sindaopcpb.org.br\/index.php\/wp-json\/wp\/v2\/categories?post=31498"},{"taxonomy":"post_tag","embeddable":true,"href":"https:\/\/sindaopcpb.org.br\/index.php\/wp-json\/wp\/v2\/tags?post=31498"}],"curies":[{"name":"wp","href":"https:\/\/api.w.org\/{rel}","templated":true}]}}