{"id":31483,"date":"2023-08-26T09:57:47","date_gmt":"2023-08-26T12:57:47","guid":{"rendered":"https:\/\/wpa.wscom.com.br\/?p=919862"},"modified":"2023-08-26T09:57:47","modified_gmt":"2023-08-26T12:57:47","slug":"ana-castela-monta-a-cavalo-e-lanca-to-voltando-cancao-que-marcou-a-gravacao-de-boiadeira-internacional","status":"publish","type":"post","link":"https:\/\/sindaopcpb.org.br\/index.php\/2023\/08\/26\/ana-castela-monta-a-cavalo-e-lanca-to-voltando-cancao-que-marcou-a-gravacao-de-boiadeira-internacional\/","title":{"rendered":"Ana Castela monta \u00e0 cavalo e lan\u00e7a \u201cT\u00f4 Voltando\u201d, can\u00e7\u00e3o que marcou a grava\u00e7\u00e3o de \u201cBoiadeira Internacional\u201d"},"content":{"rendered":"<p>Em um dos momentos mais marcantes do seu primeiro DVD, \u00a0\u201cBoiadeira Internacional\u201d, <strong>Ana Castela<\/strong> surpreendeu as milhares de pessoas presentes com sua entrada em um cavalo met\u00e1lico de\u00a05 mts para a grava\u00e7\u00e3o de \u201cT\u00f4 Voltando\u201d, m\u00fasica que conta a hist\u00f3ria de uma mo\u00e7a que n\u00e3o se acostuma com a vida na cidade grande e decide voltar para o rodeio e suas origens.<\/p>\n<p>\u201cT\u00f4 Voltando\u201d \u00e9 uma das m\u00fasicas mais aguardadas pelos f\u00e3s devido \u00e0 representatividade da letra e tamb\u00e9m pelos trechos j\u00e1 conhecidos na internet. Escrita por Rodolfo Alessi, Raphael Soares, Renato Campero e Mateus F\u00e9lix, a can\u00e7\u00e3o vem como o terceiro single do projeto, trazendo ao p\u00fablico uma melodia \u00a0menos rom\u00e2ntica do que as duas j\u00e1 apresentadas anteriormente.<\/p>\n<p>A can\u00e7\u00e3o conta com\u00a0<a href=\"https:\/\/youtu.be\/%20?si=HwLvve5Xqcze6f7t\" rel=\"noopener nofollow\" data-saferedirecturl=\"https:\/\/www.google.com\/url?q=https:\/\/youtu.be\/%2520?si%3DHwLvve5Xqcze6f7t&amp;source=gmail&amp;ust=1693140917456000&amp;usg=AOvVaw28InXPrl7sWBOHBWvFMkdc\" target=\"_blank\">clipe<\/a>\u00a0lan\u00e7ado nesta sexta-feira (25), mesmo dia em que Ana Castela se apresentar\u00e1 pela primeira vez no palco principal de Barretos, maior evento sertanejo do pa\u00eds.<\/p>\n<p>\u201cEssa m\u00fasica n\u00e3o foi escrita por mim, mas com toda certeza representa muito da minha ess\u00eancia e de tudo aquilo que eu amo. Espero que o p\u00fablico possa se identificar e se emocionar \u00a0comigo nessa can\u00e7\u00e3o que \u00e9 t\u00e3o linda e especial\u201d, comenta a cantora.<\/p>\n<p>At\u00e9 o final de 2023, a boiadeira pretende lan\u00e7ar todas as m\u00fasicas de seu DVD que contou com participa\u00e7\u00f5es especiais como Gustavo Mioto, Alok &amp; Hungria, Luan Pereira e Matheus &amp; Kauan e Simone Mendes.<\/p>\n<p>O post <a rel=\"nofollow noopener\" href=\"https:\/\/wscom.com.br\/ana-castela-monta-a-cavalo-e-lanca-to-voltando-cancao-que-marcou-a-gravacao-de-boiadeira-internacional\/\" target=\"_blank\">Ana Castela monta \u00e0 cavalo e lan\u00e7a &#8220;T\u00f4 Voltando&#8221;, can\u00e7\u00e3o que marcou a grava\u00e7\u00e3o de &#8220;Boiadeira Internacional&#8221;<\/a> apareceu primeiro em <a rel=\"nofollow noopener\" href=\"https:\/\/wscom.com.br\/\" target=\"_blank\">WSCOM<\/a>.<\/p>\n","protected":false},"excerpt":{"rendered":"<p>Em um dos momentos mais marcantes do seu primeiro DVD, \u00a0\u201cBoiadeira Internacional\u201d, Ana Castela surpreendeu as milhares de pessoas presentes com sua entrada em um cavalo met\u00e1lico de\u00a05 mts para a grava\u00e7\u00e3o de \u201cT\u00f4 Voltando\u201d, m\u00fasica que conta a hist\u00f3ria de uma mo\u00e7a que n\u00e3o se acostuma com a vida na cidade grande e decide [\u2026]<\/p>\n<p>O post <a rel=\"nofollow\" href=\"https:\/\/wscom.com.br\/ana-castela-monta-a-cavalo-e-lanca-to-voltando-cancao-que-marcou-a-gravacao-de-boiadeira-internacional\/\">Ana Castela monta \u00e0 cavalo e lan\u00e7a \u201cT\u00f4 Voltando\u201d, can\u00e7\u00e3o que marcou a grava\u00e7\u00e3o de \u201cBoiadeira Internacional\u201d<\/a> apareceu primeiro em <a rel=\"nofollow\" href=\"https:\/\/wscom.com.br\/\">WSCOM<\/a>.<\/p>\n","protected":false},"author":50,"featured_media":0,"comment_status":"closed","ping_status":"closed","sticky":false,"template":"","format":"standard","meta":{"advgb_blocks_editor_width":"","advgb_blocks_columns_visual_guide":"","footnotes":""},"categories":[5972,5973,34,302],"tags":[35],"class_list":["post-31483","post","type-post","status-publish","format-standard","hentry","category-ana","category-castela","category-g1","category-musica","tag-g1"],"author_meta":{"display_name":"Wallyson","author_link":"https:\/\/sindaopcpb.org.br\/author\/wallyson\/"},"featured_img":null,"coauthors":[],"tax_additional":{"categories":{"linked":["<a href=\"https:\/\/sindaopcpb.org.br\/ana\/\" class=\"advgb-post-tax-term\">Ana<\/a>","<a href=\"https:\/\/sindaopcpb.org.br\/castela\/\" class=\"advgb-post-tax-term\">castela<\/a>","<a href=\"https:\/\/sindaopcpb.org.br\/g1\/\" class=\"advgb-post-tax-term\">G1<\/a>","<a href=\"https:\/\/sindaopcpb.org.br\/musica\/\" class=\"advgb-post-tax-term\">M\u00fasica<\/a>"],"unlinked":["<span class=\"advgb-post-tax-term\">Ana<\/span>","<span class=\"advgb-post-tax-term\">castela<\/span>","<span class=\"advgb-post-tax-term\">G1<\/span>","<span class=\"advgb-post-tax-term\">M\u00fasica<\/span>"]},"tags":{"linked":["<a href=\"https:\/\/sindaopcpb.org.br\/musica\/\" class=\"advgb-post-tax-term\">g1<\/a>"],"unlinked":["<span class=\"advgb-post-tax-term\">g1<\/span>"]}},"comment_count":"0","relative_dates":{"created":"Publicado 3 anos atr\u00e1s","modified":"Atualizado 3 anos atr\u00e1s"},"absolute_dates":{"created":"Publicado em 26 de agosto de 2023","modified":"Atualizado em 26 de agosto de 2023"},"absolute_dates_time":{"created":"Publicado em 26 de agosto de 2023 09:57","modified":"Atualizado em 26 de agosto de 2023 09:57"},"featured_img_caption":"","series_order":"","_links":{"self":[{"href":"https:\/\/sindaopcpb.org.br\/index.php\/wp-json\/wp\/v2\/posts\/31483","targetHints":{"allow":["GET"]}}],"collection":[{"href":"https:\/\/sindaopcpb.org.br\/index.php\/wp-json\/wp\/v2\/posts"}],"about":[{"href":"https:\/\/sindaopcpb.org.br\/index.php\/wp-json\/wp\/v2\/types\/post"}],"author":[{"embeddable":true,"href":"https:\/\/sindaopcpb.org.br\/index.php\/wp-json\/wp\/v2\/users\/50"}],"replies":[{"embeddable":true,"href":"https:\/\/sindaopcpb.org.br\/index.php\/wp-json\/wp\/v2\/comments?post=31483"}],"version-history":[{"count":1,"href":"https:\/\/sindaopcpb.org.br\/index.php\/wp-json\/wp\/v2\/posts\/31483\/revisions"}],"predecessor-version":[{"id":31484,"href":"https:\/\/sindaopcpb.org.br\/index.php\/wp-json\/wp\/v2\/posts\/31483\/revisions\/31484"}],"wp:attachment":[{"href":"https:\/\/sindaopcpb.org.br\/index.php\/wp-json\/wp\/v2\/media?parent=31483"}],"wp:term":[{"taxonomy":"category","embeddable":true,"href":"https:\/\/sindaopcpb.org.br\/index.php\/wp-json\/wp\/v2\/categories?post=31483"},{"taxonomy":"post_tag","embeddable":true,"href":"https:\/\/sindaopcpb.org.br\/index.php\/wp-json\/wp\/v2\/tags?post=31483"}],"curies":[{"name":"wp","href":"https:\/\/api.w.org\/{rel}","templated":true}]}}