{"id":31391,"date":"2023-08-25T14:43:30","date_gmt":"2023-08-25T17:43:30","guid":{"rendered":"https:\/\/wpa.wscom.com.br\/?p=919747"},"modified":"2023-08-25T14:43:30","modified_gmt":"2023-08-25T17:43:30","slug":"lula-anuncia-programa-para-desenvolver-agricultura-de-angola","status":"publish","type":"post","link":"https:\/\/sindaopcpb.org.br\/index.php\/2023\/08\/25\/lula-anuncia-programa-para-desenvolver-agricultura-de-angola\/","title":{"rendered":"Lula anuncia programa para desenvolver agricultura de Angola"},"content":{"rendered":"<p>O presidente Luiz In\u00e1cio Lula da Silva anunciou, nesta sexta-feira (25), a elabora\u00e7\u00e3o de um plano conjunto entre os Minist\u00e9rios da Agricultura do Brasil e Angola para o desenvolvimento agr\u00edcola do pa\u00eds africano, especialmente na regi\u00e3o do Vale do Rio Cunene.<\/p>\n<p>\u201cA prioridade \u00e9 fazer uma revolu\u00e7\u00e3o agr\u00edcola no pa\u00eds para garantir o crescimento econ\u00f4mico e a seguran\u00e7a alimentar da popula\u00e7\u00e3o\u201d, disse Lula, ap\u00f3s encontro com o presidente Jo\u00e3o Manuel Louren\u00e7o, em Luanda, capital angolana.<\/p>\n<p>Segundo o presidente, o Brasil \u00e9 o parceiro ideal. \u201cEnfrentamos desafios semelhantes. Hoje, temos conhecimentos tecnol\u00f3gicos e pol\u00edticas p\u00fablicas para compartilhar com Angola\u201d, disse Lula.<\/p>\n<p>Segundo disse, os pa\u00edses buscar\u00e3o parcerias no setor privado brasileiro para completar a estrutura de irriga\u00e7\u00e3o necess\u00e1ria para Angola, com prote\u00e7\u00e3o ambiental e desenvolvimento sustent\u00e1vel.<\/p>\n<p>\u201cEm vez de iniciativas pontuais e isoladas, o programa vai reunir 25 a\u00e7\u00f5es que se complementam, todas com o objetivo de promover o desenvolvimento agr\u00edcola nessa regi\u00e3o\u201d, afirmou.<\/p>\n<p>\u201cIsso incluir\u00e1 desde pesquisa agropecu\u00e1ria at\u00e9 capacita\u00e7\u00e3o para a implementa\u00e7\u00e3o de pol\u00edticas de cr\u00e9dito para pequenos produtores. O Vale do Cunene \u00e9 parecido com o Vale do S\u00e3o Francisco, no Brasil, uma regi\u00e3o historicamente afetada por secas que se transformou em um polo produtor de alimentos. Vamos buscar parceiros no setor privado brasileiro para completar a estrutura de irriga\u00e7\u00e3o necess\u00e1ria em Cunene\u201d, sinalizou Lula.<\/p>\n<p><b>Vale castigado pela seca &#8211;\u00a0<\/b>Uma das a\u00e7\u00f5es brasileiras de destaque no pa\u00eds \u00e9 o Programa de Desenvolvimento Regional do Vale do Cunene, regi\u00e3o no sul de Angola castigada pela seca nos \u00faltimos anos. A iniciativa &#8211; com participa\u00e7\u00e3o da Empresa Brasileira de Pesquisa Agropecu\u00e1ria (Embrapa) &#8211; tem como objetivo ampliar a agricultura local com t\u00e9cnicas de plantio e irriga\u00e7\u00e3o semelhantes \u00e0s que foram utilizadas no Vale do rio S\u00e3o Francisco, no nordeste brasileiro.<\/p>\n<div id=\"div-gpt-ad-1679417074230-0\"><\/div>\n<p>Lula teve duas reuni\u00f5es bilaterais com o presidente de Angola, Jo\u00e3o Manuel Louren\u00e7o. A primeira foi reservada e a segunda, ampliada, com participa\u00e7\u00e3o de mais representantes dos dois pa\u00edses.<\/p>\n<p>Os governos brasileiro e angolano assinaram sete acordos de coopera\u00e7\u00e3o nas \u00e1reas de diplomacia, turismo, sa\u00fade, agricultura, educa\u00e7\u00e3o, apoio a pequenas e m\u00e9dias empresas e promo\u00e7\u00e3o de exporta\u00e7\u00e3o.<\/p>\n<div id=\"div-gpt-ad-1679417160666-0\"><\/div>\n<p>Durante o encontro com o presidente angolano tamb\u00e9m houve troca de condecora\u00e7\u00f5es. Mais cedo, Lula visitou o memorial em homenagem a Ant\u00f4nio Agostinho Neto, l\u00edder angolano que lutou pela independ\u00eancia do pa\u00eds, que foi col\u00f4nia de Portugal at\u00e9 1975. O Brasil foi o primeiro pa\u00eds a reconhecer a independ\u00eancia de Angola.<\/p>\n<p><b>Retorno \u00e0 \u00c1frica &#8211;\u00a0<\/b>O presidente Lula afirmou, ainda, que sua visita a Angola representa um momento especial, que simboliza o retorno do Brasil \u00e0 \u00c1frica. \u201cCome\u00e7amos por um pa\u00eds que sempre foi nossa maior ponte\u201d, disse, durante a assinatura dos atos de coopera\u00e7\u00e3o, citando as potencialidades de coopera\u00e7\u00e3o entre os dois pa\u00edses no setor industrial de sa\u00fade e avia\u00e7\u00e3o.<\/p>\n<div id=\"div-gpt-ad-1679417207607-0\"><\/div>\n<p>\u201cNos \u00faltimos anos, lamentavelmente, o Brasil tratou os pa\u00edses africanos com indiferen\u00e7a. Pela primeira vez desde a redemocratiza\u00e7\u00e3o, tivemos um presidente que n\u00e3o fez nenhuma visita \u00e0 \u00c1frica. Embaixadas brasileiras foram fechadas no continente e a coopera\u00e7\u00e3o foi abandonada. Deixamos de atuar juntos nos f\u00f3runs internacionais. Agora, vamos corrigir esses erros e vamos al\u00e7ar nossa parceria estrat\u00e9gica a um novo patamar\u201d, disse o presidente da Rep\u00fablica.<\/p>\n<p>Segundo Lula, o Brasil deve apoiar Angola no que chamou de \u201cesfor\u00e7o\u201d para diversificar a economia do pa\u00eds africano. \u201cNosso com\u00e9rcio pode ser mais amplo e diverso. O interc\u00e2mbio bilateral caiu drasticamente a partir de 2015, mas, s\u00f3 no primeiro semestre desse ano, j\u00e1 cresceu quase 65% em compara\u00e7\u00e3o ao mesmo per\u00edodo do ano passado\u201d, destacou.<\/p>\n<div id=\"div-gpt-ad-1679417259588-0\"><\/div>\n<p><b>Parceria estrat\u00e9gica &#8211;\u00a0<\/b>Angola \u00e9 o \u00fanico pa\u00eds do continente africano, al\u00e9m da \u00c1frica do Sul, com o qual o Brasil tem uma parceria estrat\u00e9gica. O acordo foi assinado em 2010, durante o segundo mandato de Lula.<\/p>\n<p>Segundo a Ag\u00eancia Brasileira de Coopera\u00e7\u00e3o (ABC), os dois pa\u00edses mant\u00eam sete projetos de coopera\u00e7\u00e3o em execu\u00e7\u00e3o e os governos discutem a implementa\u00e7\u00e3o de outros tr\u00eas nas \u00e1reas de sa\u00fade e educa\u00e7\u00e3o. Al\u00e9m disso, projetos nas \u00e1reas de meio ambiente, geoprocessamento, geologia, sa\u00fade, energia, urbaniza\u00e7\u00e3o e seguran\u00e7a p\u00fablica est\u00e3o em estudos.<\/p>\n<div id=\"div-gpt-ad-1679417299530-0\"><\/div>\n<p>Ainda hoje, Lula faz uma visita e um pronunciamento \u00e0 Assembleia Nacional de Angola. E, no fim do dia, participa do encerramento de um semin\u00e1rio com empres\u00e1rios dos dois pa\u00edses. O evento prev\u00ea a presen\u00e7a de uma delega\u00e7\u00e3o de cerca de 60 representantes de empresas brasileiras dos ramos de alimentos, produtos farmac\u00eauticos, avia\u00e7\u00e3o e m\u00e1quinas agr\u00edcolas, entre outros.<\/p>\n<p>O presidente chegou ao continente africano na \u00faltima segunda-feira (21). A primeira parada foi na \u00c1frica do Sul para a 15\u00aa C\u00fapula de chefes de Estado do Brics, grupo formado por Brasil, R\u00fassia, \u00cdndia, China e \u00c1frica do Sul. Hoje e amanh\u00e3 (26), ele cumpre agenda em Angola e, no domingo (27), estar\u00e1 em S\u00e3o Tom\u00e9 e Pr\u00edncipe para participar da confer\u00eancia de chefes de Estado da Comunidade dos Pa\u00edses de L\u00edngua Portuguesa (CPLP).<\/p>\n<p>O post <a rel=\"nofollow noopener\" href=\"https:\/\/wscom.com.br\/lula-anuncia-programa-para-desenvolver-agricultura-de-angola\/\" target=\"_blank\">Lula anuncia programa para desenvolver agricultura de Angola<\/a> apareceu primeiro em <a rel=\"nofollow noopener\" href=\"https:\/\/wscom.com.br\/\" target=\"_blank\">WSCOM<\/a>.<\/p>\n","protected":false},"excerpt":{"rendered":"<p>O presidente Luiz In\u00e1cio Lula da Silva anunciou, nesta sexta-feira (25), a elabora\u00e7\u00e3o de um plano conjunto entre os Minist\u00e9rios da Agricultura do Brasil e Angola para o desenvolvimento agr\u00edcola do pa\u00eds africano, especialmente na regi\u00e3o do Vale do Rio Cunene. \u201cA prioridade \u00e9 fazer uma revolu\u00e7\u00e3o agr\u00edcola no pa\u00eds para garantir o crescimento econ\u00f4mico [\u2026]<\/p>\n<p>O post <a rel=\"nofollow\" href=\"https:\/\/wscom.com.br\/lula-anuncia-programa-para-desenvolver-agricultura-de-angola\/\">Lula anuncia programa para desenvolver agricultura de Angola<\/a> apareceu primeiro em <a rel=\"nofollow\" href=\"https:\/\/wscom.com.br\/\">WSCOM<\/a>.<\/p>\n","protected":false},"author":50,"featured_media":0,"comment_status":"closed","ping_status":"closed","sticky":false,"template":"","format":"standard","meta":{"advgb_blocks_editor_width":"","advgb_blocks_columns_visual_guide":"","footnotes":""},"categories":[8216,69,34,111,110],"tags":[35],"class_list":["post-31391","post","type-post","status-publish","format-standard","hentry","category-angola","category-economia","category-g1","category-internacional","category-lula","tag-g1"],"author_meta":{"display_name":"Wallyson","author_link":"https:\/\/sindaopcpb.org.br\/author\/wallyson\/"},"featured_img":null,"coauthors":[],"tax_additional":{"categories":{"linked":["<a href=\"https:\/\/sindaopcpb.org.br\/angola\/\" class=\"advgb-post-tax-term\">Angola<\/a>","<a href=\"https:\/\/sindaopcpb.org.br\/economia\/\" class=\"advgb-post-tax-term\">Economia<\/a>","<a href=\"https:\/\/sindaopcpb.org.br\/g1\/\" class=\"advgb-post-tax-term\">G1<\/a>","<a href=\"https:\/\/sindaopcpb.org.br\/internacional\/\" class=\"advgb-post-tax-term\">Internacional<\/a>","<a href=\"https:\/\/sindaopcpb.org.br\/lula\/\" class=\"advgb-post-tax-term\">Lula<\/a>"],"unlinked":["<span class=\"advgb-post-tax-term\">Angola<\/span>","<span class=\"advgb-post-tax-term\">Economia<\/span>","<span class=\"advgb-post-tax-term\">G1<\/span>","<span class=\"advgb-post-tax-term\">Internacional<\/span>","<span class=\"advgb-post-tax-term\">Lula<\/span>"]},"tags":{"linked":["<a href=\"https:\/\/sindaopcpb.org.br\/lula\/\" class=\"advgb-post-tax-term\">g1<\/a>"],"unlinked":["<span class=\"advgb-post-tax-term\">g1<\/span>"]}},"comment_count":"0","relative_dates":{"created":"Publicado 3 anos atr\u00e1s","modified":"Atualizado 3 anos atr\u00e1s"},"absolute_dates":{"created":"Publicado em 25 de agosto de 2023","modified":"Atualizado em 25 de agosto de 2023"},"absolute_dates_time":{"created":"Publicado em 25 de agosto de 2023 14:43","modified":"Atualizado em 25 de agosto de 2023 14:43"},"featured_img_caption":"","series_order":"","_links":{"self":[{"href":"https:\/\/sindaopcpb.org.br\/index.php\/wp-json\/wp\/v2\/posts\/31391","targetHints":{"allow":["GET"]}}],"collection":[{"href":"https:\/\/sindaopcpb.org.br\/index.php\/wp-json\/wp\/v2\/posts"}],"about":[{"href":"https:\/\/sindaopcpb.org.br\/index.php\/wp-json\/wp\/v2\/types\/post"}],"author":[{"embeddable":true,"href":"https:\/\/sindaopcpb.org.br\/index.php\/wp-json\/wp\/v2\/users\/50"}],"replies":[{"embeddable":true,"href":"https:\/\/sindaopcpb.org.br\/index.php\/wp-json\/wp\/v2\/comments?post=31391"}],"version-history":[{"count":1,"href":"https:\/\/sindaopcpb.org.br\/index.php\/wp-json\/wp\/v2\/posts\/31391\/revisions"}],"predecessor-version":[{"id":31392,"href":"https:\/\/sindaopcpb.org.br\/index.php\/wp-json\/wp\/v2\/posts\/31391\/revisions\/31392"}],"wp:attachment":[{"href":"https:\/\/sindaopcpb.org.br\/index.php\/wp-json\/wp\/v2\/media?parent=31391"}],"wp:term":[{"taxonomy":"category","embeddable":true,"href":"https:\/\/sindaopcpb.org.br\/index.php\/wp-json\/wp\/v2\/categories?post=31391"},{"taxonomy":"post_tag","embeddable":true,"href":"https:\/\/sindaopcpb.org.br\/index.php\/wp-json\/wp\/v2\/tags?post=31391"}],"curies":[{"name":"wp","href":"https:\/\/api.w.org\/{rel}","templated":true}]}}