{"id":31387,"date":"2023-08-25T15:02:50","date_gmt":"2023-08-25T18:02:50","guid":{"rendered":"https:\/\/wpa.wscom.com.br\/?p=919753"},"modified":"2023-08-25T15:02:50","modified_gmt":"2023-08-25T18:02:50","slug":"portas-de-banheiros-sao-roubadas-e-prefeitura-anuncia-providencias-para-conter-acoes-de-vandalismo-no-parque-solon-de-lucena","status":"publish","type":"post","link":"https:\/\/sindaopcpb.org.br\/index.php\/2023\/08\/25\/portas-de-banheiros-sao-roubadas-e-prefeitura-anuncia-providencias-para-conter-acoes-de-vandalismo-no-parque-solon-de-lucena\/","title":{"rendered":"Portas de banheiros s\u00e3o roubadas, e Prefeitura anuncia provid\u00eancias para conter a\u00e7\u00f5es de vandalismo no Parque Solon de Lucena"},"content":{"rendered":"<p>As equipes de manuten\u00e7\u00e3o e zeladoria da Secretaria de Desenvolvimento Urbano (Sedurb) t\u00eam constatado a\u00e7\u00f5es frequentes de vandalismo no Parque Solon de Lucena. S\u00e3o equipamentos e brinquedos depredados, dias ap\u00f3s os servi\u00e7os de zeladoria, picha\u00e7\u00f5es, descarte incorreto de lixo na \u00e1rea da grama, entre outras pr\u00e1ticas que ferem a Legisla\u00e7\u00e3o Municipal de Jo\u00e3o Pessoa e dificultam a conviv\u00eancia dos frequentadores do espa\u00e7o. A mais recente foi a retirada das portas dos banheiros p\u00fablicos instalados no local.<\/p>\n<figure class=\"wp-block-gallery has-nested-images columns-default is-cropped wp-block-gallery-1 is-layout-flex\">\n<figure class=\"wp-block-image size-large\"><img decoding=\"async\" loading=\"lazy\" class=\"wp-image-323489\" src=\"https:\/\/www.joaopessoa.pb.gov.br\/wp-content\/uploads\/2023\/08\/3622bbc4-e2f9-4138-82b3-a25514417fd4-461x1024.jpg\" sizes=\"auto, (max-width: 461px) 100vw, 461px\" srcset=\"https:\/\/www.joaopessoa.pb.gov.br\/wp-content\/uploads\/2023\/08\/3622bbc4-e2f9-4138-82b3-a25514417fd4-461x1024.jpg 461w, https:\/\/www.joaopessoa.pb.gov.br\/wp-content\/uploads\/2023\/08\/3622bbc4-e2f9-4138-82b3-a25514417fd4-691x1536.jpg 691w, https:\/\/www.joaopessoa.pb.gov.br\/wp-content\/uploads\/2023\/08\/3622bbc4-e2f9-4138-82b3-a25514417fd4.jpg 720w\" alt=\"\" width=\"461\" height=\"1024\" data-id=\"323489\" title=\"\"><\/figure>\n<figure class=\"wp-block-image size-large\"><\/figure>\n<figure class=\"wp-block-image size-large\"><img decoding=\"async\" loading=\"lazy\" class=\"wp-image-323487\" src=\"https:\/\/www.joaopessoa.pb.gov.br\/wp-content\/uploads\/2023\/08\/1d576c74-7845-42ac-b86b-8c8aab2af9c1-1-768x1024.jpg\" sizes=\"auto, (max-width: 768px) 100vw, 768px\" srcset=\"https:\/\/www.joaopessoa.pb.gov.br\/wp-content\/uploads\/2023\/08\/1d576c74-7845-42ac-b86b-8c8aab2af9c1-1-768x1024.jpg 768w, https:\/\/www.joaopessoa.pb.gov.br\/wp-content\/uploads\/2023\/08\/1d576c74-7845-42ac-b86b-8c8aab2af9c1-1.jpg 780w\" alt=\"\" width=\"768\" height=\"1024\" data-id=\"323487\" title=\"\"><\/figure>\n<\/figure>\n<p>\u201cTomamos conhecimento que as portas de alum\u00ednio dos banheiros foram roubadas. Mas n\u00e3o se trata de uma a\u00e7\u00e3o isolada, a gente percebe para al\u00e9m de a\u00e7\u00f5es como essa, que esperam chegar a noite para roubar equipamentos, a falta de zelo com o espa\u00e7o p\u00fablico n\u00e3o s\u00f3 no Parque Solon de Lucena, mas tamb\u00e9m nas nossas pra\u00e7as. Na Eco Pra\u00e7a, no bairro do Bessa, recentemente tomamos conhecimento que no entorno do espa\u00e7o, os moradores estavam levando os pets para passear, sem recolher as fezes. Existe o problema da criminalidade, dos v\u00e2ndalos, mas tamb\u00e9m existe a falta de bom senso\u201d, destacou o secret\u00e1rio de Desenvolvimento Urbano, F\u00e1bio Carneiro.<\/p>\n<p>Para solucionar as a\u00e7\u00f5es recorrentes de vandalismo no Parque Solon de Lucena, a Sedurb acionou a Guarda Civil Municipal (GCM), para intensificar a fiscaliza\u00e7\u00e3o e tomar medidas mais en\u00e9rgicas para combater a criminalidade no per\u00edodo da noite. \u201cEstamos iniciando o processo licitat\u00f3rio para contrata\u00e7\u00e3o de empresa de seguran\u00e7a, armada, para melhorar a prote\u00e7\u00e3o do patrim\u00f4nio p\u00fablico\u201d, explicou o secret\u00e1rio.<\/p>\n<p><strong>Manuten\u00e7\u00e3o permanente \u2013\u00a0<\/strong>Semanalmente as equipes de manuten\u00e7\u00e3o, zeladoria e paisagismo atuam no Parque, realizando servi\u00e7os para preservar o espa\u00e7o p\u00fablico. Recentemente as equipes constataram problemas na ilumina\u00e7\u00e3o p\u00fablica. A Secretaria de Infraestrutura j\u00e1 foi acionada pela pasta e dever\u00e1 reestabelecer os pontos que apresentam problemas nos pr\u00f3ximos dias.<\/p>\n<p><strong>Vandalismo \u2013\u00a0<\/strong>Jo\u00e3o Pessoa possui mais de 200 pra\u00e7as p\u00fablicas e as a\u00e7\u00f5es de v\u00e2ndalos s\u00e3o constatadas em praticamente todos os bairros. Na Pra\u00e7a da Juventude, no Bairro das Ind\u00fastrias, o roubo de portas e vasos sanit\u00e1rios de banheiros fizeram a Sedurb interditar a \u00e1rea durante meses. Agora o local passar\u00e1 por uma reforma e a Secretaria dever\u00e1 disciplinar o uso do espa\u00e7o. \u201c\u00c9 uma pena a gente precisar trancar banheiros p\u00fablicos em certos hor\u00e1rios, mas n\u00e3o d\u00e1 para gastar recursos e permitir que criminosos roubem t\u00e3o facilmente. Nossas equipes se desdobram para dar conta das manuten\u00e7\u00f5es peri\u00f3dicas, mas a gente pede que a popula\u00e7\u00e3o tamb\u00e9m tenha zelo com o patrim\u00f4nio p\u00fablico\u201d.<\/p>\n<p>O post <a rel=\"nofollow noopener\" href=\"https:\/\/wscom.com.br\/portas-de-banheiros-sao-roubadas-e-prefeitura-anuncia\/\" target=\"_blank\">Portas de banheiros s\u00e3o roubadas, e Prefeitura anuncia provid\u00eancias para conter a\u00e7\u00f5es de vandalismo no Parque Solon de Lucena<\/a> apareceu primeiro em <a rel=\"nofollow noopener\" href=\"https:\/\/wscom.com.br\/\" target=\"_blank\">WSCOM<\/a>.<\/p>\n","protected":false},"excerpt":{"rendered":"<p>As equipes de manuten\u00e7\u00e3o e zeladoria da Secretaria de Desenvolvimento Urbano (Sedurb) t\u00eam constatado a\u00e7\u00f5es frequentes de vandalismo no Parque Solon de Lucena. S\u00e3o equipamentos e brinquedos depredados, dias ap\u00f3s os servi\u00e7os de zeladoria, picha\u00e7\u00f5es, descarte incorreto de lixo na \u00e1rea da grama, entre outras pr\u00e1ticas que ferem a Legisla\u00e7\u00e3o Municipal de Jo\u00e3o Pessoa e [\u2026]<\/p>\n<p>O post <a rel=\"nofollow\" href=\"https:\/\/wscom.com.br\/portas-de-banheiros-sao-roubadas-e-prefeitura-anuncia\/\">Portas de banheiros s\u00e3o roubadas, e Prefeitura anuncia provid\u00eancias para conter a\u00e7\u00f5es de vandalismo no Parque Solon de Lucena<\/a> apareceu primeiro em <a rel=\"nofollow\" href=\"https:\/\/wscom.com.br\/\">WSCOM<\/a>.<\/p>\n","protected":false},"author":50,"featured_media":0,"comment_status":"closed","ping_status":"closed","sticky":false,"template":"","format":"standard","meta":{"advgb_blocks_editor_width":"","advgb_blocks_columns_visual_guide":"","footnotes":""},"categories":[34,71,8224,47,804,7081],"tags":[35],"class_list":["post-31387","post","type-post","status-publish","format-standard","hentry","category-g1","category-joao-pessoa","category-lago","category-politica","category-prefeitura","category-vandalismo","tag-g1"],"author_meta":{"display_name":"Wallyson","author_link":"https:\/\/sindaopcpb.org.br\/author\/wallyson\/"},"featured_img":null,"coauthors":[],"tax_additional":{"categories":{"linked":["<a href=\"https:\/\/sindaopcpb.org.br\/g1\/\" class=\"advgb-post-tax-term\">G1<\/a>","<a href=\"https:\/\/sindaopcpb.org.br\/joao-pessoa\/\" class=\"advgb-post-tax-term\">Jo\u00e3o Pessoa<\/a>","<a href=\"https:\/\/sindaopcpb.org.br\/lago\/\" class=\"advgb-post-tax-term\">lago<\/a>","<a href=\"https:\/\/sindaopcpb.org.br\/politica\/\" class=\"advgb-post-tax-term\">POLITICA<\/a>","<a href=\"https:\/\/sindaopcpb.org.br\/prefeitura\/\" class=\"advgb-post-tax-term\">Prefeitura<\/a>","<a href=\"https:\/\/sindaopcpb.org.br\/vandalismo\/\" class=\"advgb-post-tax-term\">vandalismo<\/a>"],"unlinked":["<span class=\"advgb-post-tax-term\">G1<\/span>","<span class=\"advgb-post-tax-term\">Jo\u00e3o Pessoa<\/span>","<span class=\"advgb-post-tax-term\">lago<\/span>","<span class=\"advgb-post-tax-term\">POLITICA<\/span>","<span class=\"advgb-post-tax-term\">Prefeitura<\/span>","<span class=\"advgb-post-tax-term\">vandalismo<\/span>"]},"tags":{"linked":["<a href=\"https:\/\/sindaopcpb.org.br\/vandalismo\/\" class=\"advgb-post-tax-term\">g1<\/a>"],"unlinked":["<span class=\"advgb-post-tax-term\">g1<\/span>"]}},"comment_count":"0","relative_dates":{"created":"Publicado 3 anos atr\u00e1s","modified":"Atualizado 3 anos atr\u00e1s"},"absolute_dates":{"created":"Publicado em 25 de agosto de 2023","modified":"Atualizado em 25 de agosto de 2023"},"absolute_dates_time":{"created":"Publicado em 25 de agosto de 2023 15:02","modified":"Atualizado em 25 de agosto de 2023 15:02"},"featured_img_caption":"","series_order":"","_links":{"self":[{"href":"https:\/\/sindaopcpb.org.br\/index.php\/wp-json\/wp\/v2\/posts\/31387","targetHints":{"allow":["GET"]}}],"collection":[{"href":"https:\/\/sindaopcpb.org.br\/index.php\/wp-json\/wp\/v2\/posts"}],"about":[{"href":"https:\/\/sindaopcpb.org.br\/index.php\/wp-json\/wp\/v2\/types\/post"}],"author":[{"embeddable":true,"href":"https:\/\/sindaopcpb.org.br\/index.php\/wp-json\/wp\/v2\/users\/50"}],"replies":[{"embeddable":true,"href":"https:\/\/sindaopcpb.org.br\/index.php\/wp-json\/wp\/v2\/comments?post=31387"}],"version-history":[{"count":2,"href":"https:\/\/sindaopcpb.org.br\/index.php\/wp-json\/wp\/v2\/posts\/31387\/revisions"}],"predecessor-version":[{"id":31401,"href":"https:\/\/sindaopcpb.org.br\/index.php\/wp-json\/wp\/v2\/posts\/31387\/revisions\/31401"}],"wp:attachment":[{"href":"https:\/\/sindaopcpb.org.br\/index.php\/wp-json\/wp\/v2\/media?parent=31387"}],"wp:term":[{"taxonomy":"category","embeddable":true,"href":"https:\/\/sindaopcpb.org.br\/index.php\/wp-json\/wp\/v2\/categories?post=31387"},{"taxonomy":"post_tag","embeddable":true,"href":"https:\/\/sindaopcpb.org.br\/index.php\/wp-json\/wp\/v2\/tags?post=31387"}],"curies":[{"name":"wp","href":"https:\/\/api.w.org\/{rel}","templated":true}]}}