{"id":31385,"date":"2023-08-25T15:06:40","date_gmt":"2023-08-25T18:06:40","guid":{"rendered":"https:\/\/wpa.wscom.com.br\/?p=919756"},"modified":"2023-08-25T15:06:40","modified_gmt":"2023-08-25T18:06:40","slug":"amidi-divulga-edital-para-eleicao-de-nova-diretoria-em-setembro","status":"publish","type":"post","link":"https:\/\/sindaopcpb.org.br\/index.php\/2023\/08\/25\/amidi-divulga-edital-para-eleicao-de-nova-diretoria-em-setembro\/","title":{"rendered":"Amidi divulga edital para elei\u00e7\u00e3o de nova diretoria em setembro"},"content":{"rendered":"<p>&nbsp;<\/p>\n<p>A Associa\u00e7\u00e3o de M\u00eddia Digital (AMIDI) divulgou o edital para a realiza\u00e7\u00e3o do processo de elei\u00e7\u00e3o dos cargos da Diretoria, para mandato de tr\u00eas anos. O documento assinado pelo presidente da entidade, Heron Cid, estabelece crit\u00e9rios para organiza\u00e7\u00e3o, realiza\u00e7\u00e3o e apura\u00e7\u00e3o da elei\u00e7\u00e3o marcada para o dia 30 de setembro, na sede da Associa\u00e7\u00e3o Paraibana de Imprensa, em Jo\u00e3o Pessoa.<\/p>\n<p>Conforme o edital, as inscri\u00e7\u00f5es para registro de chapa estar\u00e3o abertas de 04 a 11 de setembro e dever\u00e3o ser realizadas atrav\u00e9s de e-mail para o endere\u00e7o eletr\u00f4nico: eleicaoamidi@gmail.com.<\/p>\n<p>A documenta\u00e7\u00e3o apta a validar o registro da chapa consiste no preenchimento de Formul\u00e1rio de Registro de Candidatura, com documento pessoal com foto do representante legal da empresa ou representante devidamente investido de procura\u00e7\u00e3o.<\/p>\n<p>A rela\u00e7\u00e3o com as inscri\u00e7\u00f5es de chapas deferidas e indeferidas pela Comiss\u00e3o ser\u00e1 divulgada no dia 13\/09\/2023, 48 horas ap\u00f3s o encerramento do prazo de registro, entre os associados da Amidi e na imprensa digital.<\/p>\n<p>Caber\u00e3o pedido de impugna\u00e7\u00e3o de candidaturas deferidas ou recursos contra candidaturas indeferidas at\u00e9 24 horas ap\u00f3s a divulga\u00e7\u00e3o da rela\u00e7\u00e3o das chapas inscritas, cujo protocolo dever\u00e1 ser realizado no eleicaoamidi@gmail.com.<\/p>\n<p>Conforme o edital, ap\u00f3s an\u00e1lise dos recursos, a Comiss\u00e3o Eleitoral homologar\u00e1 as chapas aptas em at\u00e9 48 horas ap\u00f3s encerrado o prazo previsto. A lista final dos candidatos aos cargos da Diretoria ser\u00e1 divulgada na m\u00eddia digital, para conhecimento dos associados.<\/p>\n<p><strong>Cargos\u00a0<\/strong><\/p>\n<p>Conforme previsto no artigo 40 do Estatuto da Amidi, ser\u00e3o eleitos os seguintes cargos: Diretor Presidente; 1\u00ba Vice-presidente executivo; 2\u00ba Vice-presidente de conte\u00fado digital; 3\u00ba Vice-presidente de conte\u00fado interativo; Secret\u00e1rio-Geral e Diretor Financeiro; Diretoria Regional do Litoral; Diretoria Regional de Campina Grande &#8211; Borborema; Diretoria Regional do Brejo; Diretoria Regional das Espinharas; Diretoria Regional do Rio do Peixe; Diretoria Regional do Alto Piranhas; Diretoria Regional do Curimata\u00fa; e Diretoria Regional do Cariri.<\/p>\n<p><strong>Vota\u00e7\u00e3o<\/strong><\/p>\n<p>A Comiss\u00e3o Eleitoral ser\u00e1 escolhida pelo presidente da Amidi, Heron Cid, e formada por tr\u00eas integrantes da Associa\u00e7\u00e3o. A vota\u00e7\u00e3o ocorrer\u00e1 na sede da Associa\u00e7\u00e3o Paraibana de Imprensa &#8211; API, na Av. Visconde de Pelotas, 149, Centro de Jo\u00e3o Pessoa, das 10h \u00e0s 16h. Ap\u00f3s o resultado, a Diretoria realizar\u00e1, no prazo de at\u00e9 30 dias, Assembleia Geral de posse dos novos dirigentes, encaminhando a documenta\u00e7\u00e3o ao cart\u00f3rio para registro.<\/p>\n<p>O post <a rel=\"nofollow noopener\" href=\"https:\/\/wscom.com.br\/amidi-divulga-edital-para-eleicao-de-nova-diretoria-em-setembro\/\" target=\"_blank\">Amidi divulga edital para elei\u00e7\u00e3o de nova diretoria em setembro<\/a> apareceu primeiro em <a rel=\"nofollow noopener\" href=\"https:\/\/wscom.com.br\/\" target=\"_blank\">WSCOM<\/a>.<\/p>\n","protected":false},"excerpt":{"rendered":"<p>\u00a0 A Associa\u00e7\u00e3o de M\u00eddia Digital (AMIDI) divulgou o edital para a realiza\u00e7\u00e3o do processo de elei\u00e7\u00e3o dos cargos da Diretoria, para mandato de tr\u00eas anos. O documento assinado pelo presidente da entidade, Heron Cid, estabelece crit\u00e9rios para organiza\u00e7\u00e3o, realiza\u00e7\u00e3o e apura\u00e7\u00e3o da elei\u00e7\u00e3o marcada para o dia 30 de setembro, na sede da Associa\u00e7\u00e3o [\u2026]<\/p>\n<p>O post <a rel=\"nofollow\" href=\"https:\/\/wscom.com.br\/amidi-divulga-edital-para-eleicao-de-nova-diretoria-em-setembro\/\">Amidi divulga edital para elei\u00e7\u00e3o de nova diretoria em setembro<\/a> apareceu primeiro em <a rel=\"nofollow\" href=\"https:\/\/wscom.com.br\/\">WSCOM<\/a>.<\/p>\n","protected":false},"author":50,"featured_media":0,"comment_status":"closed","ping_status":"closed","sticky":false,"template":"","format":"standard","meta":{"advgb_blocks_editor_width":"","advgb_blocks_columns_visual_guide":"","footnotes":""},"categories":[8223,1662,34,54],"tags":[35],"class_list":["post-31385","post","type-post","status-publish","format-standard","hentry","category-amidi","category-eleicoes","category-g1","category-paraiba","tag-g1"],"author_meta":{"display_name":"Wallyson","author_link":"https:\/\/sindaopcpb.org.br\/author\/wallyson\/"},"featured_img":null,"coauthors":[],"tax_additional":{"categories":{"linked":["<a href=\"https:\/\/sindaopcpb.org.br\/amidi\/\" class=\"advgb-post-tax-term\">amidi<\/a>","<a href=\"https:\/\/sindaopcpb.org.br\/eleicoes\/\" class=\"advgb-post-tax-term\">Elei\u00e7\u00f5es<\/a>","<a href=\"https:\/\/sindaopcpb.org.br\/g1\/\" class=\"advgb-post-tax-term\">G1<\/a>","<a href=\"https:\/\/sindaopcpb.org.br\/paraiba\/\" class=\"advgb-post-tax-term\">Para\u00edba<\/a>"],"unlinked":["<span class=\"advgb-post-tax-term\">amidi<\/span>","<span class=\"advgb-post-tax-term\">Elei\u00e7\u00f5es<\/span>","<span class=\"advgb-post-tax-term\">G1<\/span>","<span class=\"advgb-post-tax-term\">Para\u00edba<\/span>"]},"tags":{"linked":["<a href=\"https:\/\/sindaopcpb.org.br\/paraiba\/\" class=\"advgb-post-tax-term\">g1<\/a>"],"unlinked":["<span class=\"advgb-post-tax-term\">g1<\/span>"]}},"comment_count":"0","relative_dates":{"created":"Publicado 3 anos atr\u00e1s","modified":"Atualizado 3 anos atr\u00e1s"},"absolute_dates":{"created":"Publicado em 25 de agosto de 2023","modified":"Atualizado em 25 de agosto de 2023"},"absolute_dates_time":{"created":"Publicado em 25 de agosto de 2023 15:06","modified":"Atualizado em 25 de agosto de 2023 15:06"},"featured_img_caption":"","series_order":"","_links":{"self":[{"href":"https:\/\/sindaopcpb.org.br\/index.php\/wp-json\/wp\/v2\/posts\/31385","targetHints":{"allow":["GET"]}}],"collection":[{"href":"https:\/\/sindaopcpb.org.br\/index.php\/wp-json\/wp\/v2\/posts"}],"about":[{"href":"https:\/\/sindaopcpb.org.br\/index.php\/wp-json\/wp\/v2\/types\/post"}],"author":[{"embeddable":true,"href":"https:\/\/sindaopcpb.org.br\/index.php\/wp-json\/wp\/v2\/users\/50"}],"replies":[{"embeddable":true,"href":"https:\/\/sindaopcpb.org.br\/index.php\/wp-json\/wp\/v2\/comments?post=31385"}],"version-history":[{"count":1,"href":"https:\/\/sindaopcpb.org.br\/index.php\/wp-json\/wp\/v2\/posts\/31385\/revisions"}],"predecessor-version":[{"id":31386,"href":"https:\/\/sindaopcpb.org.br\/index.php\/wp-json\/wp\/v2\/posts\/31385\/revisions\/31386"}],"wp:attachment":[{"href":"https:\/\/sindaopcpb.org.br\/index.php\/wp-json\/wp\/v2\/media?parent=31385"}],"wp:term":[{"taxonomy":"category","embeddable":true,"href":"https:\/\/sindaopcpb.org.br\/index.php\/wp-json\/wp\/v2\/categories?post=31385"},{"taxonomy":"post_tag","embeddable":true,"href":"https:\/\/sindaopcpb.org.br\/index.php\/wp-json\/wp\/v2\/tags?post=31385"}],"curies":[{"name":"wp","href":"https:\/\/api.w.org\/{rel}","templated":true}]}}