{"id":31372,"date":"2023-08-25T15:11:18","date_gmt":"2023-08-25T18:11:18","guid":{"rendered":"https:\/\/www.infomoney.com.br\/?p=2226147"},"modified":"2023-08-25T15:11:18","modified_gmt":"2023-08-25T18:11:18","slug":"cobranca-de-ir-sobre-estoques-de-fundos-exclusivos-preocupa-especialistas","status":"publish","type":"post","link":"https:\/\/sindaopcpb.org.br\/index.php\/2023\/08\/25\/cobranca-de-ir-sobre-estoques-de-fundos-exclusivos-preocupa-especialistas\/","title":{"rendered":"Cobran\u00e7a de IR sobre estoques de fundos exclusivos preocupa especialistas"},"content":{"rendered":"<p><img loading=\"lazy\" width=\"300\" height=\"200\" src=\"https:\/\/www.infomoney.com.br\/wp-content\/uploads\/2023\/07\/52781910748_eb61d5f682_c.jpg?fit=300%2C200&amp;quality=70&amp;strip=all\" class=\"attachment-medium size-medium wp-post-image\" alt=\"\" decoding=\"async\" style=\"float:right; margin:0 0 10px 10px;\" srcset=\"https:\/\/www.infomoney.com.br\/wp-content\/uploads\/2023\/07\/52781910748_eb61d5f682_c.jpg?w=799&amp;quality=70&amp;strip=all 799w, https:\/\/www.infomoney.com.br\/wp-content\/uploads\/2023\/07\/52781910748_eb61d5f682_c.jpg?w=300&amp;quality=70&amp;strip=all 300w, https:\/\/www.infomoney.com.br\/wp-content\/uploads\/2023\/07\/52781910748_eb61d5f682_c.jpg?w=768&amp;quality=70&amp;strip=all 768w, https:\/\/www.infomoney.com.br\/wp-content\/uploads\/2023\/07\/52781910748_eb61d5f682_c.jpg?w=150&amp;quality=70&amp;strip=all 150w\" sizes=\"auto, (max-width: 300px) 100vw, 300px\" data-attachment-id=\"2199200\" data-permalink=\"https:\/\/www.infomoney.com.br\/politica\/guerra-fiscal-pode-custar-mais-de-r-200-bilhoes-ao-governo-em-repasses-para-fundo-de-compensacao-do-icms\/attachment\/52781910748_eb61d5f682_c\/\" data-orig-file=\"https:\/\/www.infomoney.com.br\/wp-content\/uploads\/2023\/07\/52781910748_eb61d5f682_c.jpg?fit=799%2C533&amp;quality=70&amp;strip=all\" data-orig-size=\"799,533\" data-comments-opened=\"0\" data-image-meta=\"{&quot;aperture&quot;:&quot;0&quot;,&quot;credit&quot;:&quot;Foto: Pedro Gontijo\\\/Senado Feder&quot;,&quot;camera&quot;:&quot;&quot;,&quot;caption&quot;:&quot;&quot;,&quot;created_timestamp&quot;:&quot;0&quot;,&quot;copyright&quot;:&quot;&quot;,&quot;focal_length&quot;:&quot;0&quot;,&quot;iso&quot;:&quot;0&quot;,&quot;shutter_speed&quot;:&quot;0&quot;,&quot;title&quot;:&quot;&quot;,&quot;orientation&quot;:&quot;0&quot;}\" data-image-title=\"Fernando Haddad\" data-image-description=\"\" data-image-caption=\"&lt;p&gt;O ministro da Fazenda, Fernando Haddad (PT), durante reuni\u00e3o com l\u00edderes partid\u00e1rios do Senado Federal (Foto: Pedro Gontijo\/Senado Federal)&lt;\/p&gt;\n\" data-medium-file=\"https:\/\/www.infomoney.com.br\/wp-content\/uploads\/2023\/07\/52781910748_eb61d5f682_c.jpg?fit=300%2C200&amp;quality=70&amp;strip=all\" data-large-file=\"https:\/\/www.infomoney.com.br\/wp-content\/uploads\/2023\/07\/52781910748_eb61d5f682_c.jpg?fit=799%2C533&amp;quality=70&amp;strip=all\" title=\"\"><\/p>\n<p>Nova aposta do governo do presidente Luiz In&aacute;cio Lula da Silva (PT) para compensar a ren&uacute;ncia de receitas com a atualiza&ccedil;&atilde;o da faixa de isen&ccedil;&atilde;o da tabela do Imposto de Renda Pessoa F&iacute;sica (IRPF), a mudan&ccedil;a nas regras de tributa&ccedil;&atilde;o sobre os fundos exclusivos tem atra&iacute;do discuss&otilde;es no mundo jur&iacute;dico antes mesmo de a medida provis&oacute;ria ser editada.<\/p>\n<p>Tamb&eacute;m conhecidos como fundos fechados ou &ldquo;onshore&rdquo;, os fundos exclusivos s&atilde;o uma modalidade de investimento usada por investidores profissionais, com mais de R$ 10 milh&otilde;es de patrim&ocirc;nio para investir. Trata-se de um instrumento personalizado, no qual o investidor pode participar de forma ativa na constru&ccedil;&atilde;o do portf&oacute;lio.<\/p>\n<p>Do ponto de vista tribut&aacute;rio, a vantagem &eacute; que hoje n&atilde;o incide sobre ele o chamado &ldquo;come-cotas&rdquo; semestral, aplic&aacute;vel sobre outras modalidades de fundos de investimentos. O investidor v&ecirc; seu patrim&ocirc;nio crescer sem qualquer desconto pago junto ao Fisco at&eacute; o momento em que decidir encerrar o fundo ou resgatar os recursos.<\/p>\n<p>Mas tal diferencial pode estar com os dias contados. Entre os pontos especulados da medida provis&oacute;ria que o governo vai editar sobre o assunto deve constar a inclus&atilde;o do sistema de tributa&ccedil;&atilde;o peri&oacute;dica sobre essa modalidade de investimentos.<\/p>\n<p>Al&eacute;m disso, h&aacute; a ideia de se tributar o estoque (ou seja, os rendimentos obtidos por tais fundos antes do in&iacute;cio da medida). O que se sinaliza nos bastidores &eacute; que o texto dever&aacute; trazer a op&ccedil;&atilde;o de pagamento do IR de forma antecipada sob condi&ccedil;&atilde;o especial, via al&iacute;quota reduzida (possivelmente em torno de 10%) e com parcelamento. Aqueles que optarem por n&atilde;o aderir &agrave;s condi&ccedil;&otilde;es estariam expostos a uma al&iacute;quota mais elevada (estimada em 15%) no futuro.<\/p>\n<p>A atualiza&ccedil;&atilde;o dos estoques seria o respons&aacute;vel por gerar no curto prazo a arrecada&ccedil;&atilde;o necess&aacute;ria para compensar a eleva&ccedil;&atilde;o da faixa de isen&ccedil;&atilde;o do IRPF &#8210; ponto inclu&iacute;do na MPV 1172\/2023 aprovada nesta semana pelo Congresso Nacional e que inicialmente tratava apenas do novo sal&aacute;rio m&iacute;nimo. Isso porque outros itens tratados na medida provis&oacute;ria n&atilde;o teriam efeito imediato. Mat&eacute;rias tribut&aacute;rias costumam precisar de per&iacute;odos de car&ecirc;ncia para entrarem em vigor, mesmo que sejam implementadas por medida provis&oacute;ria.<\/p>\n<p>A ideia original do governo era utilizar a mudan&ccedil;a nas regras para tributa&ccedil;&atilde;o sobre investimentos mantidos por brasileiros no exterior como fonte de compensa&ccedil;&atilde;o para a medida. Mas o instrumento ficou pelo caminho junto com a MPV 1171\/2023, que perder&aacute; validade na semana que vem. Foi por isso que se buscou uma alternativa para que a Lei de Responsabilidade Fiscal pudesse ser cumprida.<\/p>\n<p>Especialistas em direito tribut&aacute;rio, no entanto, avaliam que o movimento estudado pelo governo federal pode ter problemas e enfrentar judicializa&ccedil;&atilde;o caso prospere no parlamento.<\/p>\n<p>&ldquo;Ser&aacute; preciso analisar os termos da poss&iacute;vel MPV que vir&aacute;. De toda forma, exigir o pagamento do IR sobre valores que ainda n&atilde;o foram resgatados pelo contribuinte viola o conceito de renda&rdquo;, diz o advogado Gustavo de Toledo Degelo, coordenador da &aacute;rea de Contencioso Tribut&aacute;rio do Briganti Advogados.<\/p>\n<p>&ldquo;Isso porque se exigir&aacute; o pagamento de IR em momento anterior &agrave; riqueza efetiva que resulte em ganho patrimonial imediata. Ademais, o STF j&aacute; decidiu que renda significa acr&eacute;scimo patrimonial efetivo, de forma que, entendimentos contr&aacute;rios poder&atilde;o fundamentar potenciais a&ccedil;&otilde;es judiciais&rdquo;, complementou.<\/p>\n<p>Para Marcelo Guarit&aacute;, s&oacute;cio de Peluso, Stupp e Guarit&aacute; Advogados, a tributa&ccedil;&atilde;o de estoque seria um movimento inconstitucional por ter efeito retroativo e geraria inseguran&ccedil;a jur&iacute;dica ao pa&iacute;s. &ldquo;N&atilde;o tenho d&uacute;vidas de que vai gerar judiciariza&ccedil;&atilde;o e dever&aacute; ser recha&ccedil;ada pelo Poder Judici&aacute;rio. Ademais, &eacute; um p&eacute;ssimo recado para o mercado&rdquo;, disse.<\/p>\n<p>&ldquo;Para ilustrar e tra&ccedil;ar um paralelo, &eacute; a mesma tentativa que j&aacute; foi feita em rela&ccedil;&atilde;o &agrave; tributa&ccedil;&atilde;o dos lucros do exterior pela MP2158\/2001. Naquela situa&ccedil;&atilde;o, a tributa&ccedil;&atilde;o pretendida seria sobre os lucros j&aacute; apurados antes da edi&ccedil;&atilde;o da medida provis&oacute;ria. O STF, atrav&eacute;s da ADI 2588, decidiu que seria uma tributa&ccedil;&atilde;o retroativa e, portanto, inconstitucional&rdquo;, concorda Jo&atilde;o Eduardo Cipriano, s&oacute;cio da &aacute;rea tribut&aacute;ria do escrit&oacute;rio Miguel Neto Advogados.<\/p>\n<p>&ldquo;Caso os fundos exclusivos passem a ser tributados, a quest&atilde;o da tributa&ccedil;&atilde;o dos estoques de lucros certamente ser&aacute; questionada pois tais lucros\/rendimentos teriam sido auferidos em um per&iacute;odo em que a regra do jogo era outra. Tribut&aacute;-los agora seria retroagir a regra de forma a prejudicar os contribuintes, que defender&atilde;o a tese de que a regra deveria valer apenas para os rendimentos do fundo auferidos a partir de agora. A quebra da seguran&ccedil;a jur&iacute;dica tamb&eacute;m seria um importante argumento a ser utilizado&rdquo;, avalia.<\/p>\n<p>A advogada Priscila Farisco, s&oacute;cia da &aacute;rea tribut&aacute;ria da Viseu Advogados, lembra que a Constitui&ccedil;&atilde;o Federal estabelece regras de anterioridade restringem o aumento de tributos pela Uni&atilde;o, Estados e munic&iacute;pios e que esses princ&iacute;pios poderiam ser aplicados no caso dos estoques de fundos fechados.<\/p>\n<p>&ldquo;A tributa&ccedil;&atilde;o do estoque pode sim gerar uma tributa&ccedil;&atilde;o maior do que aquela que seria devida no caso de liquida&ccedil;&atilde;o, ou resgate das quotas dos FIEX e, portanto, n&atilde;o representa mera altera&ccedil;&atilde;o do prazo de recolhimento, mas sim de cria&ccedil;&atilde;o de uma nova obriga&ccedil;&atilde;o tribut&aacute;ria por interm&eacute;dio de fatos geradores fictos, o que viola diversos princ&iacute;pios e regras, constitucionais e infraconstitucionais&rdquo;, avalia.<\/p>\n<p>Para Leonardo Freitas de Moraes e Castro, advogado tributarista, s&oacute;cio do VBD Advogados, a op&ccedil;&atilde;o de ades&atilde;o e tributa&ccedil;&atilde;o a uma al&iacute;quota reduzida de 10% seria uma forma de o governo oferecer um cen&aacute;rio mais atrativo para o contribuinte e j&aacute; come&ccedil;ar a arrecadar com as mudan&ccedil;as. Mas ele reitera que a tributa&ccedil;&atilde;o &eacute; question&aacute;vel por, na sua avalia&ccedil;&atilde;o, violar o princ&iacute;pio constitucional que impede a retroabilidade de uma regra em mat&eacute;ria tribut&aacute;ria.<\/p>\n<p>&ldquo;Aqui o contribuinte que n&atilde;o optar pela antecipa&ccedil;&atilde;o e tributa&ccedil;&atilde;o a 10% poder&aacute; e provavelmente ir&aacute; recorrer ao Poder Judici&aacute;rio para n&atilde;o tributar antecipadamente nada, e diferir a tributa&ccedil;&atilde;o a 15% somente quando liquidar\/amortizar\/resgatar a cota com valoriza&ccedil;&atilde;o patrimonial&rdquo;, projeta.<\/p>\n<p>Os advogados Arhur Barreto e Suzana Castelnau, s&oacute;cios do Donelli e Abreu Sodr&eacute; Advogados, lembram que esta n&atilde;o &eacute; a primeira vez que um governo tenta tributar os fundos fechados. Na avalia&ccedil;&atilde;o deles, trata-se de uma medida &ldquo;empacotada&rdquo; como forma de justi&ccedil;a tribut&aacute;ria, mas que tem como objetivo o aumento de arrecada&ccedil;&atilde;o.<\/p>\n<p>&ldquo;O diferimento tribut&aacute;rio dos fundos favorece a realiza&ccedil;&atilde;o de investimentos e reinvestimentos em atividades produtivas, de modo que esse modelo de neg&oacute;cio ser&aacute; certamente impactado caso essas medidas sejam implementadas, al&eacute;m do fato de que a tributa&ccedil;&atilde;o de rendimentos gerados no passado pode ser vista como viola&ccedil;&atilde;o ao princ&iacute;pio da irretroatividade tribut&aacute;ria&rdquo;, criticam.<\/p>\n<p>&ldquo;Mesmo uma al&iacute;quota reduzida para ades&atilde;o antecipada n&atilde;o deve agradar o mercado. &Eacute; preciso ressaltar que, historicamente, o aumento da tributa&ccedil;&atilde;o de investimentos tende a induzir os investidores a deslocar suas estruturas para outros pa&iacute;ses com menor taxa&ccedil;&atilde;o&rdquo;, alertam.<\/p>\n<p>Na contram&atilde;o dos colegas, o advogado Carlos Eduardo Navarro, professor de Direito Tribut&aacute;rio e Gest&atilde;o de Tributos e Planejamento Tribut&aacute;rio da Funda&ccedil;&atilde;o Getulio Vargas (FGV), diz que, embora o Brasil tenha um hist&oacute;rico de hiperjudicializa&ccedil;&atilde;o de mat&eacute;rias tribut&aacute;rias e que esse seja um desfecho prov&aacute;vel no caso, n&atilde;o haveria empecilho jur&iacute;dico para que a tributa&ccedil;&atilde;o sobre estoques de fundos exclusivos ocorra.<\/p>\n<p>&ldquo;No caso dos fundos fechados, h&aacute; um diferimento apenas, e penso que n&atilde;o h&aacute; qualquer esp&eacute;cie de direito adquirido a esse diferimento&rdquo;, observa.<\/p>\n<p>&ldquo;A situa&ccedil;&atilde;o difere da ideia de tributar estoque de lucros de pessoas jur&iacute;dicas. A ideia do governo &eacute; reduzir a tributa&ccedil;&atilde;o corporativa e revogar a isen&ccedil;&atilde;o dos dividendos, mas aqui haveria bons argumentos para se sustentar que isso n&atilde;o poderia atingir os estoques de lucros porque eles s&atilde;o o resultado de uma maior tributa&ccedil;&atilde;o da renda&rdquo;, compara.<\/p>\n<\/p>\n<div class=\"cta-end\">\n<div class=\"im-cta\" >\n<div class=\"im-shortcode-forms bg-light bg-opacity-25 border rounded-4 p-3 p-sm-4 p-md-3 p-lg-4 px-xxl-5 my-5\" data-configuration='{\"form_name\":false,\"form_hat\":\"Newsletter\",\"form_email\":true,\"form_icon\":\"newsletter\",\"form_phone\":false,\"form_campaign\":\"NIM\",\"form_thankyou\":\"\",\"form_journey\":\"APIEvent-26a5198d-8e09-06ef-5f80-cd9127757ad1\",\"form_button\":\"Quero receber\",\"form_context\":\"newsletter\",\"form_origin\":\"https:\\\/\\\/www.infomoney.com.br\\\/politica\\\/feed\\\/?utm_medium=materia&#038;utm_source=infomoney&#038;utm_campaign=NIM&#038;utm_term=politica&#038;utm_content=newsletter\",\"form_position\":\"final\",\"form_category\":\"cta_form\"}'>\n<div class=\"d-flex flex-column align-items-center align-items-lg-start mb-4 flex-lg-row\">\n<div class=\"rounded-circle mb-2 mb-lg-0 mr-lg-4 me-lg-4 p-3 p-lg-4 bg-blue-400\"><svg width=\"40\" height=\"40\" viewBox=\"0 0 40 40\" fill=\"none\" xmlns=\"http:\/\/www.w3.org\/2000\/svg\"><path d=\"M20 20.25 6.042 11.042v19.041c0 .167.048.299.146.396a.535.535 0 0 0 .395.146h15.792V32.5H6.583a2.328 2.328 0 0 1-1.708-.708 2.328 2.328 0 0 1-.708-1.709V9.917c0-.667.236-1.236.708-1.709A2.328 2.328 0 0 1 6.583 7.5h26.834c.666 0 1.236.236 1.708.708a2.33 2.33 0 0 1 .708 1.709v12.458h-1.875V11.042L20 20.25Zm0-2 13.667-8.875H6.333L20 18.25Zm11.75 18.958-1.292-1.333 3.334-3.375h-9v-1.875h9l-3.375-3.417 1.333-1.291 5.667 5.625-5.667 5.666ZM6.042 11.042v20.791-9.458.25-13.25 1.667Z\" fill=\"#fff\"\/><\/svg><\/div>\n<div class=\"flex-fill text-center text-lg-left\">\n<div class=\"h6 small text-orange-700 lh-base mb-1\">Newsletter<\/div>\n<div class=\"text-body h4 m-0\">Infomorning<\/div>\n<div class=\"text-body small lh-base mt-2\">Receba no seu e-mail logo pela manh&atilde; as not&iacute;cias que v&atilde;o mexer com os mercados, com os seus investimentos e o seu bolso durante o dia<\/div>\n<\/div>\n<\/div>\n<\/div>\n<\/div>\n<\/div>\n<p>The post <a rel=\"nofollow noopener\" href=\"https:\/\/www.infomoney.com.br\/politica\/cobranca-de-ir-sobre-estoques-de-fundos-exclusivos-preocupa-especialistas\/\" target=\"_blank\">Cobran\u00e7a de IR sobre estoques de fundos exclusivos preocupa especialistas<\/a> appeared first on <a rel=\"nofollow noopener\" href=\"https:\/\/www.infomoney.com.br\/\" target=\"_blank\">InfoMoney<\/a>.<\/p>\n","protected":false},"excerpt":{"rendered":"<p><img loading=\"lazy\" decoding=\"async\" width=\"300\" height=\"200\" src=\"https:\/\/www.infomoney.com.br\/wp-content\/uploads\/2023\/07\/52781910748_eb61d5f682_c.jpg?fit=300%2C200&amp;quality=70&amp;strip=all\" class=\"attachment-medium size-medium wp-post-image\" alt=\"\" data-attachment-id=\"2199200\" data-permalink=\"https:\/\/www.infomoney.com.br\/politica\/guerra-fiscal-pode-custar-mais-de-r-200-bilhoes-ao-governo-em-repasses-para-fundo-de-compensacao-do-icms\/attachment\/52781910748_eb61d5f682_c\/\" data-orig-file=\"https:\/\/www.infomoney.com.br\/wp-content\/uploads\/2023\/07\/52781910748_eb61d5f682_c.jpg?fit=799%2C533&amp;quality=70&amp;strip=all\" data-orig-size=\"799,533\" data-comments-opened=\"0\" data-image-meta='{\"aperture\":\"0\",\"credit\":\"Foto: Pedro Gontijo\\\/Senado Feder\",\"camera\":\"\",\"caption\":\"\",\"created_timestamp\":\"0\",\"copyright\":\"\",\"focal_length\":\"0\",\"iso\":\"0\",\"shutter_speed\":\"0\",\"title\":\"\",\"orientation\":\"0\"}' data-image-title=\"Fernando Haddad\" data-image-description=\"\" data-image-caption=\"&lt;p&gt;O ministro da Fazenda, Fernando Haddad (PT), durante reuni\u00e3o com l\u00edderes partid\u00e1rios do Senado Federal (Foto: Pedro Gontijo\/Senado Federal)&lt;\/p&gt;\n\" data-medium-file=\"https:\/\/www.infomoney.com.br\/wp-content\/uploads\/2023\/07\/52781910748_eb61d5f682_c.jpg?fit=300%2C200&amp;quality=70&amp;strip=all\" data-large-file=\"https:\/\/www.infomoney.com.br\/wp-content\/uploads\/2023\/07\/52781910748_eb61d5f682_c.jpg?fit=799%2C533&amp;quality=70&amp;strip=all\">Medida \u00e9 estudada pelo governo como forma para compensar ren\u00fancia fiscal com atualiza\u00e7\u00e3o da faixa de isen\u00e7\u00e3o do Imposto de Renda Pessoa F\u00edsica<\/p>\n<p>The post <a rel=\"nofollow\" href=\"https:\/\/www.infomoney.com.br\/politica\/cobranca-de-ir-sobre-estoques-de-fundos-exclusivos-preocupa-especialistas\/\">Cobran\u00e7a de IR sobre estoques de fundos exclusivos preocupa especialistas<\/a> appeared first on <a rel=\"nofollow\" href=\"https:\/\/www.infomoney.com.br\/\">InfoMoney<\/a>.<\/p>\n","protected":false},"author":52,"featured_media":0,"comment_status":"closed","ping_status":"closed","sticky":false,"template":"","format":"standard","meta":{"advgb_blocks_editor_width":"","advgb_blocks_columns_visual_guide":"","footnotes":""},"categories":[109,6661,34,260,1053,556,129,432,47],"tags":[35],"class_list":["post-31372","post","type-post","status-publish","format-standard","hentry","category-fernando-haddad","category-fundos-exclusivos","category-g1","category-governo","category-imposto-de-renda","category-impostos","category-luiz-inacio-lula-da-silva","category-medida-provisoria","category-politica","tag-g1"],"author_meta":{"display_name":"Marcos Mortari","author_link":"https:\/\/sindaopcpb.org.br\/author\/marcos-mortari\/"},"featured_img":null,"coauthors":[],"tax_additional":{"categories":{"linked":["<a href=\"https:\/\/sindaopcpb.org.br\/fernando-haddad\/\" class=\"advgb-post-tax-term\">FERNANDO HADDAD<\/a>","<a href=\"https:\/\/sindaopcpb.org.br\/fundos-exclusivos\/\" class=\"advgb-post-tax-term\">Fundos Exclusivos<\/a>","<a href=\"https:\/\/sindaopcpb.org.br\/g1\/\" class=\"advgb-post-tax-term\">G1<\/a>","<a href=\"https:\/\/sindaopcpb.org.br\/governo\/\" class=\"advgb-post-tax-term\">Governo<\/a>","<a href=\"https:\/\/sindaopcpb.org.br\/imposto-de-renda\/\" class=\"advgb-post-tax-term\">Imposto de Renda<\/a>","<a href=\"https:\/\/sindaopcpb.org.br\/impostos\/\" class=\"advgb-post-tax-term\">Impostos<\/a>","<a href=\"https:\/\/sindaopcpb.org.br\/luiz-inacio-lula-da-silva\/\" class=\"advgb-post-tax-term\">Luiz In\u00e1cio Lula da Silva<\/a>","<a href=\"https:\/\/sindaopcpb.org.br\/medida-provisoria\/\" class=\"advgb-post-tax-term\">Medida Provis\u00f3ria<\/a>","<a href=\"https:\/\/sindaopcpb.org.br\/politica\/\" class=\"advgb-post-tax-term\">POLITICA<\/a>"],"unlinked":["<span class=\"advgb-post-tax-term\">FERNANDO HADDAD<\/span>","<span class=\"advgb-post-tax-term\">Fundos Exclusivos<\/span>","<span class=\"advgb-post-tax-term\">G1<\/span>","<span class=\"advgb-post-tax-term\">Governo<\/span>","<span class=\"advgb-post-tax-term\">Imposto de Renda<\/span>","<span class=\"advgb-post-tax-term\">Impostos<\/span>","<span class=\"advgb-post-tax-term\">Luiz In\u00e1cio Lula da Silva<\/span>","<span class=\"advgb-post-tax-term\">Medida Provis\u00f3ria<\/span>","<span class=\"advgb-post-tax-term\">POLITICA<\/span>"]},"tags":{"linked":["<a href=\"https:\/\/sindaopcpb.org.br\/politica\/\" class=\"advgb-post-tax-term\">g1<\/a>"],"unlinked":["<span class=\"advgb-post-tax-term\">g1<\/span>"]}},"comment_count":"0","relative_dates":{"created":"Publicado 3 anos atr\u00e1s","modified":"Atualizado 3 anos atr\u00e1s"},"absolute_dates":{"created":"Publicado em 25 de agosto de 2023","modified":"Atualizado em 25 de agosto de 2023"},"absolute_dates_time":{"created":"Publicado em 25 de agosto de 2023 15:11","modified":"Atualizado em 25 de agosto de 2023 15:11"},"featured_img_caption":"","series_order":"","_links":{"self":[{"href":"https:\/\/sindaopcpb.org.br\/index.php\/wp-json\/wp\/v2\/posts\/31372","targetHints":{"allow":["GET"]}}],"collection":[{"href":"https:\/\/sindaopcpb.org.br\/index.php\/wp-json\/wp\/v2\/posts"}],"about":[{"href":"https:\/\/sindaopcpb.org.br\/index.php\/wp-json\/wp\/v2\/types\/post"}],"author":[{"embeddable":true,"href":"https:\/\/sindaopcpb.org.br\/index.php\/wp-json\/wp\/v2\/users\/52"}],"replies":[{"embeddable":true,"href":"https:\/\/sindaopcpb.org.br\/index.php\/wp-json\/wp\/v2\/comments?post=31372"}],"version-history":[{"count":3,"href":"https:\/\/sindaopcpb.org.br\/index.php\/wp-json\/wp\/v2\/posts\/31372\/revisions"}],"predecessor-version":[{"id":31413,"href":"https:\/\/sindaopcpb.org.br\/index.php\/wp-json\/wp\/v2\/posts\/31372\/revisions\/31413"}],"wp:attachment":[{"href":"https:\/\/sindaopcpb.org.br\/index.php\/wp-json\/wp\/v2\/media?parent=31372"}],"wp:term":[{"taxonomy":"category","embeddable":true,"href":"https:\/\/sindaopcpb.org.br\/index.php\/wp-json\/wp\/v2\/categories?post=31372"},{"taxonomy":"post_tag","embeddable":true,"href":"https:\/\/sindaopcpb.org.br\/index.php\/wp-json\/wp\/v2\/tags?post=31372"}],"curies":[{"name":"wp","href":"https:\/\/api.w.org\/{rel}","templated":true}]}}